{"id":6357,"date":"2026-01-09T21:07:40","date_gmt":"2026-01-09T20:07:40","guid":{"rendered":"https:\/\/agora.xtec.cat\/ceipsantmiquel\/?p=6357"},"modified":"2026-04-19T22:40:00","modified_gmt":"2026-04-19T20:40:00","slug":"nou-programa-de-la-motxilla-del-miquelet-amb-lalumnat-de-4t","status":"publish","type":"post","link":"https:\/\/agora.xtec.cat\/ceipsantmiquel\/general\/nou-programa-de-la-motxilla-del-miquelet-amb-lalumnat-de-4t\/","title":{"rendered":"Nou programa de La Motxilla del Miquelet amb l&#8217;alumnat de 4t"},"content":{"rendered":"<p data-start=\"154\" data-end=\"343\">Ja est\u00e0 disponible al canal de YouTube de <strong data-start=\"196\" data-end=\"237\"><span class=\"hover:entity-accent entity-underline inline cursor-pointer align-baseline\"><span class=\"whitespace-normal\">V\u00eddeo Asc\u00f3 Televisi\u00f3<\/span><\/span><\/strong> el programa <strong data-start=\"250\" data-end=\"291\"><span class=\"hover:entity-accent entity-underline inline cursor-pointer align-baseline\"><span class=\"whitespace-normal\">La Motxilla del Miquelet<\/span><\/span><\/strong>, enregistrat per l\u2019<strong>alumnat de 4t<\/strong> del nostre centre a finals del primer trimestre.<\/p>\n<p data-start=\"154\" data-end=\"343\">Com sempre, va ser una experi\u00e8ncia molt enriquidora per a l\u2019alumnat, que va poder participar activament en un projecte audiovisual real, treballant l\u2019expressi\u00f3 oral, el treball en equip i la creativitat.<\/p>\n<p data-start=\"607\" data-end=\"700\">Us animem a veure el programa i a gaudir del gran treball que han fet els nens i nenes de 4t:<\/p>\n<ul>\n<li data-start=\"607\" data-end=\"700\">una secci\u00f3 de not\u00edcies sobre activitats dutes a terme a l&#8217;escola durant el 1r trimestre<\/li>\n<li data-start=\"607\" data-end=\"700\">un reportatge sobre un viatge per l&#8217;espai, a trav\u00e9s del que podreu aprendre qu\u00e8 \u00e9s una supernova, una nebulosa, una gal\u00e0xia, un eclipsi, els asteroides, els meteorits, les constel\u00b7lacions, la pols c\u00f2smica&#8230; i altres fen\u00f2mens i elements del cosmos.<\/li>\n<li data-start=\"607\" data-end=\"700\">una entrevista a dos bombers del Parc de bombers d&#8217;Asc\u00f3: M\u00f2nica Borrego i el sergent Benji Ceperuelo.<\/li>\n<\/ul>\n<div class=\"ast-oembed-container \" style=\"height: 100%;\"><iframe loading=\"lazy\" title=\"La Motxilla del Miquelet amb l&#039;alumnat de 4t de l&#039;Escola Sant Miquel d&#039;Asc\u00f3\" width=\"500\" height=\"281\" src=\"https:\/\/www.youtube.com\/embed\/hqFXqgSxJh4?feature=oembed\" frameborder=\"0\" allow=\"accelerometer; autoplay; clipboard-write; encrypted-media; gyroscope; picture-in-picture; web-share\" referrerpolicy=\"strict-origin-when-cross-origin\" allowfullscreen><\/iframe><\/div>\n<p><a href=\"https:\/\/example.com\">La Motxilla del Miquelet<\/a> \u00a9 2025 by <a href=\"https:\/\/example.com\">Escola Sant Miquel i V\u00eddeo Asc\u00f3 Televisi\u00f3<\/a> is licensed under <a href=\"https:\/\/creativecommons.org\/licenses\/by-nc-nd\/4.0\/\">CC BY-NC-ND 4.0<\/a><img decoding=\"async\" style=\"max-width: 1em; max-height: 1em; margin-left: .2em;\" src=\"https:\/\/mirrors.creativecommons.org\/presskit\/icons\/cc.svg\" alt=\"\" \/><img decoding=\"async\" style=\"max-width: 1em; max-height: 1em; margin-left: .2em;\" src=\"https:\/\/mirrors.creativecommons.org\/presskit\/icons\/by.svg\" alt=\"\" \/><img decoding=\"async\" style=\"max-width: 1em; max-height: 1em; margin-left: .2em;\" src=\"https:\/\/mirrors.creativecommons.org\/presskit\/icons\/nc.svg\" alt=\"\" \/><img decoding=\"async\" style=\"max-width: 1em; max-height: 1em; margin-left: .2em;\" src=\"https:\/\/mirrors.creativecommons.org\/presskit\/icons\/nd.svg\" alt=\"\" \/><\/p>\n","protected":false},"excerpt":{"rendered":"<p>Ja est\u00e0 disponible al canal de YouTube de V\u00eddeo Asc\u00f3 Televisi\u00f3 el programa La Motxilla del Miquelet, enregistrat per l\u2019alumnat de 4t del nostre centre a finals del primer trimestre. Com sempre, va ser una experi\u00e8ncia molt enriquidora per a l\u2019alumnat, que va poder participar activament en un projecte audiovisual real, treballant l\u2019expressi\u00f3 oral, el [&hellip;]<\/p>\n","protected":false},"author":1,"featured_media":6577,"comment_status":"closed","ping_status":"closed","sticky":false,"template":"","format":"standard","meta":{"_bbp_topic_count":0,"_bbp_reply_count":0,"_bbp_total_topic_count":0,"_bbp_total_reply_count":0,"_bbp_voice_count":0,"_bbp_anonymous_reply_count":0,"_bbp_topic_count_hidden":0,"_bbp_reply_count_hidden":0,"_bbp_forum_subforum_count":0,"site-sidebar-layout":"default","site-content-layout":"","ast-site-content-layout":"default","site-content-style":"default","site-sidebar-style":"default","ast-global-header-display":"","ast-banner-title-visibility":"","ast-main-header-display":"","ast-hfb-above-header-display":"","ast-hfb-below-header-display":"","ast-hfb-mobile-header-display":"","site-post-title":"","ast-breadcrumbs-content":"","ast-featured-img":"","footer-sml-layout":"","theme-transparent-header-meta":"default","adv-header-id-meta":"","stick-header-meta":"","header-above-stick-meta":"","header-main-stick-meta":"","header-below-stick-meta":"","astra-migrate-meta-layouts":"set","ast-page-background-enabled":"default","ast-page-background-meta":{"desktop":{"background-color":"var(--ast-global-color-4)","background-image":"","background-repeat":"repeat","background-position":"center center","background-size":"auto","background-attachment":"scroll","background-type":"","background-media":"","overlay-type":"","overlay-color":"","overlay-opacity":"","overlay-gradient":""},"tablet":{"background-color":"","background-image":"","background-repeat":"repeat","background-position":"center center","background-size":"auto","background-attachment":"scroll","background-type":"","background-media":"","overlay-type":"","overlay-color":"","overlay-opacity":"","overlay-gradient":""},"mobile":{"background-color":"","background-image":"","background-repeat":"repeat","background-position":"center center","background-size":"auto","background-attachment":"scroll","background-type":"","background-media":"","overlay-type":"","overlay-color":"","overlay-opacity":"","overlay-gradient":""}},"ast-content-background-meta":{"desktop":{"background-color":"var(--ast-global-color-5)","background-image":"","background-repeat":"repeat","background-position":"center center","background-size":"auto","background-attachment":"scroll","background-type":"","background-media":"","overlay-type":"","overlay-color":"","overlay-opacity":"","overlay-gradient":""},"tablet":{"background-color":"var(--ast-global-color-5)","background-image":"","background-repeat":"repeat","background-position":"center center","background-size":"auto","background-attachment":"scroll","background-type":"","background-media":"","overlay-type":"","overlay-color":"","overlay-opacity":"","overlay-gradient":""},"mobile":{"background-color":"var(--ast-global-color-5)","background-image":"","background-repeat":"repeat","background-position":"center center","background-size":"auto","background-attachment":"scroll","background-type":"","background-media":"","overlay-type":"","overlay-color":"","overlay-opacity":"","overlay-gradient":""}},"footnotes":""},"categories":[13,70,1,74,4,72],"tags":[389,380,365,84],"class_list":["post-6357","post","type-post","status-publish","format-standard","has-post-thumbnail","hentry","category-4t","category-cm","category-general","category-la-motxilla","category-portada","category-projectes","tag-curs-2025-26","tag-la-motxilla-del-miquelet","tag-televisio","tag-vat"],"post_mailing_queue_ids":[],"_links":{"self":[{"href":"https:\/\/agora.xtec.cat\/ceipsantmiquel\/wp-json\/wp\/v2\/posts\/6357","targetHints":{"allow":["GET"]}}],"collection":[{"href":"https:\/\/agora.xtec.cat\/ceipsantmiquel\/wp-json\/wp\/v2\/posts"}],"about":[{"href":"https:\/\/agora.xtec.cat\/ceipsantmiquel\/wp-json\/wp\/v2\/types\/post"}],"author":[{"embeddable":true,"href":"https:\/\/agora.xtec.cat\/ceipsantmiquel\/wp-json\/wp\/v2\/users\/1"}],"replies":[{"embeddable":true,"href":"https:\/\/agora.xtec.cat\/ceipsantmiquel\/wp-json\/wp\/v2\/comments?post=6357"}],"version-history":[{"count":4,"href":"https:\/\/agora.xtec.cat\/ceipsantmiquel\/wp-json\/wp\/v2\/posts\/6357\/revisions"}],"predecessor-version":[{"id":6464,"href":"https:\/\/agora.xtec.cat\/ceipsantmiquel\/wp-json\/wp\/v2\/posts\/6357\/revisions\/6464"}],"wp:featuredmedia":[{"embeddable":true,"href":"https:\/\/agora.xtec.cat\/ceipsantmiquel\/wp-json\/wp\/v2\/media\/6577"}],"wp:attachment":[{"href":"https:\/\/agora.xtec.cat\/ceipsantmiquel\/wp-json\/wp\/v2\/media?parent=6357"}],"wp:term":[{"taxonomy":"category","embeddable":true,"href":"https:\/\/agora.xtec.cat\/ceipsantmiquel\/wp-json\/wp\/v2\/categories?post=6357"},{"taxonomy":"post_tag","embeddable":true,"href":"https:\/\/agora.xtec.cat\/ceipsantmiquel\/wp-json\/wp\/v2\/tags?post=6357"}],"curies":[{"name":"wp","href":"https:\/\/api.w.org\/{rel}","templated":true}]}}