{"id":6331,"date":"2025-12-05T17:31:20","date_gmt":"2025-12-05T16:31:20","guid":{"rendered":"https:\/\/agora.xtec.cat\/ceipsantmiquel\/?p=6331"},"modified":"2025-12-05T17:33:29","modified_gmt":"2025-12-05T16:33:29","slug":"estrategies-en-la-gestio-del-dia-a-dia","status":"publish","type":"post","link":"https:\/\/agora.xtec.cat\/ceipsantmiquel\/general\/estrategies-en-la-gestio-del-dia-a-dia\/","title":{"rendered":"Estrat\u00e8gies en la gesti\u00f3 del dia a dia"},"content":{"rendered":"<p>El dijous vinent, dia 11, farem una nova sessi\u00f3 de &#8220;L\u2019hora del caf\u00e8&#8221;. El tema ser\u00e0 \u201cEstrat\u00e8gies en la gesti\u00f3 del dia a dia\u201d i la conduir\u00e0 la Montse Sol\u00e9, t\u00e8cnica del SOAF de la Ribera d\u2019Ebre.<br \/>\nEns parlar\u00e0 d\u2019h\u00e0bits, rutines, alimentaci\u00f3, son, l\u00edmits i pantalles.<br \/>\nHi esteu totes i tots convidats!<\/p>\n<p><a href=\"https:\/\/agora.xtec.cat\/ceipsantmiquel\/wp-content\/uploads\/usu2020\/2025\/12\/Lhora-del-cafe-Estrategies-gestio-dia-a-dia.png\"><img loading=\"lazy\" decoding=\"async\" class=\"aligncenter size-large wp-image-6332\" src=\"https:\/\/agora.xtec.cat\/ceipsantmiquel\/wp-content\/uploads\/usu2020\/2025\/12\/Lhora-del-cafe-Estrategies-gestio-dia-a-dia-979x1024.png\" alt=\"\" width=\"979\" height=\"1024\" srcset=\"https:\/\/agora.xtec.cat\/ceipsantmiquel\/wp-content\/uploads\/usu2020\/2025\/12\/Lhora-del-cafe-Estrategies-gestio-dia-a-dia-979x1024.png 979w, https:\/\/agora.xtec.cat\/ceipsantmiquel\/wp-content\/uploads\/usu2020\/2025\/12\/Lhora-del-cafe-Estrategies-gestio-dia-a-dia-287x300.png 287w, https:\/\/agora.xtec.cat\/ceipsantmiquel\/wp-content\/uploads\/usu2020\/2025\/12\/Lhora-del-cafe-Estrategies-gestio-dia-a-dia-768x803.png 768w, https:\/\/agora.xtec.cat\/ceipsantmiquel\/wp-content\/uploads\/usu2020\/2025\/12\/Lhora-del-cafe-Estrategies-gestio-dia-a-dia.png 1414w\" sizes=\"auto, (max-width: 979px) 100vw, 979px\" \/><\/a><\/p>\n","protected":false},"excerpt":{"rendered":"<p>El dijous vinent, dia 11, farem una nova sessi\u00f3 de &#8220;L\u2019hora del caf\u00e8&#8221;. El tema ser\u00e0 \u201cEstrat\u00e8gies en la gesti\u00f3 del dia a dia\u201d i la conduir\u00e0 la Montse Sol\u00e9, t\u00e8cnica del SOAF de la Ribera d\u2019Ebre. Ens parlar\u00e0 d\u2019h\u00e0bits, rutines, alimentaci\u00f3, son, l\u00edmits i pantalles. Hi esteu totes i tots convidats!<\/p>\n","protected":false},"author":1,"featured_media":6334,"comment_status":"closed","ping_status":"closed","sticky":false,"template":"","format":"standard","meta":{"_bbp_topic_count":0,"_bbp_reply_count":0,"_bbp_total_topic_count":0,"_bbp_total_reply_count":0,"_bbp_voice_count":0,"_bbp_anonymous_reply_count":0,"_bbp_topic_count_hidden":0,"_bbp_reply_count_hidden":0,"_bbp_forum_subforum_count":0,"site-sidebar-layout":"default","site-content-layout":"","ast-site-content-layout":"default","site-content-style":"default","site-sidebar-style":"default","ast-global-header-display":"","ast-banner-title-visibility":"","ast-main-header-display":"","ast-hfb-above-header-display":"","ast-hfb-below-header-display":"","ast-hfb-mobile-header-display":"","site-post-title":"","ast-breadcrumbs-content":"","ast-featured-img":"","footer-sml-layout":"","theme-transparent-header-meta":"default","adv-header-id-meta":"","stick-header-meta":"","header-above-stick-meta":"","header-main-stick-meta":"","header-below-stick-meta":"","astra-migrate-meta-layouts":"set","ast-page-background-enabled":"default","ast-page-background-meta":{"desktop":{"background-color":"var(--ast-global-color-4)","background-image":"","background-repeat":"repeat","background-position":"center center","background-size":"auto","background-attachment":"scroll","background-type":"","background-media":"","overlay-type":"","overlay-color":"","overlay-opacity":"","overlay-gradient":""},"tablet":{"background-color":"","background-image":"","background-repeat":"repeat","background-position":"center center","background-size":"auto","background-attachment":"scroll","background-type":"","background-media":"","overlay-type":"","overlay-color":"","overlay-opacity":"","overlay-gradient":""},"mobile":{"background-color":"","background-image":"","background-repeat":"repeat","background-position":"center center","background-size":"auto","background-attachment":"scroll","background-type":"","background-media":"","overlay-type":"","overlay-color":"","overlay-opacity":"","overlay-gradient":""}},"ast-content-background-meta":{"desktop":{"background-color":"var(--ast-global-color-5)","background-image":"","background-repeat":"repeat","background-position":"center center","background-size":"auto","background-attachment":"scroll","background-type":"","background-media":"","overlay-type":"","overlay-color":"","overlay-opacity":"","overlay-gradient":""},"tablet":{"background-color":"var(--ast-global-color-5)","background-image":"","background-repeat":"repeat","background-position":"center center","background-size":"auto","background-attachment":"scroll","background-type":"","background-media":"","overlay-type":"","overlay-color":"","overlay-opacity":"","overlay-gradient":""},"mobile":{"background-color":"var(--ast-global-color-5)","background-image":"","background-repeat":"repeat","background-position":"center center","background-size":"auto","background-attachment":"scroll","background-type":"","background-media":"","overlay-type":"","overlay-color":"","overlay-opacity":"","overlay-gradient":""}},"footnotes":""},"categories":[1,4],"tags":[256,389,240,263,308],"class_list":["post-6331","post","type-post","status-publish","format-standard","has-post-thumbnail","hentry","category-general","category-portada","tag-comunitat-educativa","tag-curs-2025-26","tag-families","tag-lhora-del-cafe","tag-xerrada"],"post_mailing_queue_ids":[],"_links":{"self":[{"href":"https:\/\/agora.xtec.cat\/ceipsantmiquel\/wp-json\/wp\/v2\/posts\/6331","targetHints":{"allow":["GET"]}}],"collection":[{"href":"https:\/\/agora.xtec.cat\/ceipsantmiquel\/wp-json\/wp\/v2\/posts"}],"about":[{"href":"https:\/\/agora.xtec.cat\/ceipsantmiquel\/wp-json\/wp\/v2\/types\/post"}],"author":[{"embeddable":true,"href":"https:\/\/agora.xtec.cat\/ceipsantmiquel\/wp-json\/wp\/v2\/users\/1"}],"replies":[{"embeddable":true,"href":"https:\/\/agora.xtec.cat\/ceipsantmiquel\/wp-json\/wp\/v2\/comments?post=6331"}],"version-history":[{"count":1,"href":"https:\/\/agora.xtec.cat\/ceipsantmiquel\/wp-json\/wp\/v2\/posts\/6331\/revisions"}],"predecessor-version":[{"id":6333,"href":"https:\/\/agora.xtec.cat\/ceipsantmiquel\/wp-json\/wp\/v2\/posts\/6331\/revisions\/6333"}],"wp:featuredmedia":[{"embeddable":true,"href":"https:\/\/agora.xtec.cat\/ceipsantmiquel\/wp-json\/wp\/v2\/media\/6334"}],"wp:attachment":[{"href":"https:\/\/agora.xtec.cat\/ceipsantmiquel\/wp-json\/wp\/v2\/media?parent=6331"}],"wp:term":[{"taxonomy":"category","embeddable":true,"href":"https:\/\/agora.xtec.cat\/ceipsantmiquel\/wp-json\/wp\/v2\/categories?post=6331"},{"taxonomy":"post_tag","embeddable":true,"href":"https:\/\/agora.xtec.cat\/ceipsantmiquel\/wp-json\/wp\/v2\/tags?post=6331"}],"curies":[{"name":"wp","href":"https:\/\/api.w.org\/{rel}","templated":true}]}}