{"id":6028,"date":"2025-05-26T15:26:37","date_gmt":"2025-05-26T13:26:37","guid":{"rendered":"https:\/\/agora.xtec.cat\/ceipsantmiquel\/?p=6028"},"modified":"2025-05-26T20:02:22","modified_gmt":"2025-05-26T18:02:22","slug":"litterarum-fira-del-llibre-ebrenc-2025","status":"publish","type":"post","link":"https:\/\/agora.xtec.cat\/ceipsantmiquel\/general\/litterarum-fira-del-llibre-ebrenc-2025\/","title":{"rendered":"LITTERARUM-FIRA DEL LLIBRE EBRENC 2025"},"content":{"rendered":"<p>El passat divendres dia 23 de maig les Coordinadores de Biblioteques Escolars de la Ribera d&#8217;Ebre vam assistir a la 22a edici\u00f3 de la Fira del llibre ebrenc a la Biblioteca Comarcal de M\u00f3ra d&#8217;Ebre. All\u00ed vam gaudir d&#8217;una <span lang=\"CA\">xerrada molt interessant sobre <strong><u>mediaci\u00f3 liter\u00e0ria<\/u><\/strong>\u00a0a c\u00e0rrec\u00a0de<\/span> <strong>Maria Barber\u00e0 Baiges<\/strong>, bibliotec\u00e0ria responsable de l\u2019\u00c0rea infantil de la biblioteca Sebasti\u00e0 Juan i Arb\u00f3 d\u2019Amposta.<\/p>\n<p><a href=\"https:\/\/agora.xtec.cat\/ceipsantmiquel\/general\/litterarum-fira-del-llibre-ebrenc-2025\/attachment\/20250523_173414-2\/\" rel=\"attachment wp-att-6032\"><img loading=\"lazy\" decoding=\"async\" class=\"aligncenter wp-image-6032 size-large\" src=\"https:\/\/agora.xtec.cat\/ceipsantmiquel\/wp-content\/uploads\/usu2020\/2025\/05\/20250523_173414-2-768x1024.jpg\" alt=\"\" width=\"768\" height=\"1024\" srcset=\"https:\/\/agora.xtec.cat\/ceipsantmiquel\/wp-content\/uploads\/usu2020\/2025\/05\/20250523_173414-2-768x1024.jpg 768w, https:\/\/agora.xtec.cat\/ceipsantmiquel\/wp-content\/uploads\/usu2020\/2025\/05\/20250523_173414-2-225x300.jpg 225w, https:\/\/agora.xtec.cat\/ceipsantmiquel\/wp-content\/uploads\/usu2020\/2025\/05\/20250523_173414-2-1152x1536.jpg 1152w, https:\/\/agora.xtec.cat\/ceipsantmiquel\/wp-content\/uploads\/usu2020\/2025\/05\/20250523_173414-2-1536x2048.jpg 1536w, https:\/\/agora.xtec.cat\/ceipsantmiquel\/wp-content\/uploads\/usu2020\/2025\/05\/20250523_173414-2-scaled.jpg 1920w\" sizes=\"auto, (max-width: 768px) 100vw, 768px\" \/><\/a><\/p>\n<p>Tamb\u00e9 vam aprofitar per a lliurar un obsequi a Teresa Aleu, que ha estat la responsable de la biblioteca escolar de l&#8217;IE 3 d&#8217;abril de M\u00f3ra la Nova durant molt cursos, ja que aviat es jubila.<\/p>\n<p><a href=\"https:\/\/agora.xtec.cat\/ceipsantmiquel\/general\/litterarum-fira-del-llibre-ebrenc-2025\/attachment\/20250523_183355\/\" rel=\"attachment wp-att-6035\"><img loading=\"lazy\" decoding=\"async\" class=\"aligncenter wp-image-6035 size-large\" src=\"https:\/\/agora.xtec.cat\/ceipsantmiquel\/wp-content\/uploads\/usu2020\/2025\/05\/20250523_183355-768x1024.jpg\" alt=\"\" width=\"768\" height=\"1024\" srcset=\"https:\/\/agora.xtec.cat\/ceipsantmiquel\/wp-content\/uploads\/usu2020\/2025\/05\/20250523_183355-768x1024.jpg 768w, https:\/\/agora.xtec.cat\/ceipsantmiquel\/wp-content\/uploads\/usu2020\/2025\/05\/20250523_183355-225x300.jpg 225w, https:\/\/agora.xtec.cat\/ceipsantmiquel\/wp-content\/uploads\/usu2020\/2025\/05\/20250523_183355-1152x1536.jpg 1152w, https:\/\/agora.xtec.cat\/ceipsantmiquel\/wp-content\/uploads\/usu2020\/2025\/05\/20250523_183355-1536x2048.jpg 1536w, https:\/\/agora.xtec.cat\/ceipsantmiquel\/wp-content\/uploads\/usu2020\/2025\/05\/20250523_183355-scaled.jpg 1920w\" sizes=\"auto, (max-width: 768px) 100vw, 768px\" \/><\/a><a href=\"https:\/\/agora.xtec.cat\/ceipsantmiquel\/general\/litterarum-fira-del-llibre-ebrenc-2025\/attachment\/img-20250524-wa0001\/\" rel=\"attachment wp-att-6037\"><img loading=\"lazy\" decoding=\"async\" class=\"aligncenter wp-image-6037 size-large\" src=\"https:\/\/agora.xtec.cat\/ceipsantmiquel\/wp-content\/uploads\/usu2020\/2025\/05\/IMG-20250524-WA0001-1024x771.jpg\" alt=\"\" width=\"1024\" height=\"771\" srcset=\"https:\/\/agora.xtec.cat\/ceipsantmiquel\/wp-content\/uploads\/usu2020\/2025\/05\/IMG-20250524-WA0001-1024x771.jpg 1024w, https:\/\/agora.xtec.cat\/ceipsantmiquel\/wp-content\/uploads\/usu2020\/2025\/05\/IMG-20250524-WA0001-300x226.jpg 300w, https:\/\/agora.xtec.cat\/ceipsantmiquel\/wp-content\/uploads\/usu2020\/2025\/05\/IMG-20250524-WA0001-768x578.jpg 768w, https:\/\/agora.xtec.cat\/ceipsantmiquel\/wp-content\/uploads\/usu2020\/2025\/05\/IMG-20250524-WA0001-1536x1156.jpg 1536w, https:\/\/agora.xtec.cat\/ceipsantmiquel\/wp-content\/uploads\/usu2020\/2025\/05\/IMG-20250524-WA0001-200x150.jpg 200w, https:\/\/agora.xtec.cat\/ceipsantmiquel\/wp-content\/uploads\/usu2020\/2025\/05\/IMG-20250524-WA0001.jpg 1600w\" sizes=\"auto, (max-width: 1024px) 100vw, 1024px\" \/><\/a><\/p>\n<p>Una de les accions especials que la Fira del Llibre Ebrenc realitza \u00e9s el foment dels llibres ebrencs entre les biblioteques escolars i a trav\u00e9s de\u00a0<strong>Bassa la Papereria<\/strong> ens regalen a cada Centre\u00a0<strong>2 llibres\u00a0<\/strong>que es recullen en el marc de la Fira dins la trobada de biblioteques escolars de la Ribera d&#8217;Ebre.<\/p>\n<p>Enguany la nostra escola ha triat aquests 2 llibres ebrencs que passen a augmentar el nostre fons bibliogr\u00e0fic:<\/p>\n<ul>\n<li><strong>&#8220;<\/strong>El vol d&#8217;un papallona&#8221; de Vanesa Roca<\/li>\n<li>&#8220;La missi\u00f3 secreta de la Merc\u00e8&#8221; de Cinta Arasa<\/li>\n<\/ul>\n<p>El CERE tamb\u00e9 ens ha donat 3 llibres:<\/p>\n<ul>\n<li>&#8220;MISCEL.LANIA DEL CERE n\u00fam. 34: FLIX&#8221;<\/li>\n<li>&#8220;LA POSTGUERRA DEL FRANC\u00c8S I LA REVOLTA REIALISTA DE 1822 A L&#8217;EBRE&#8221; de Joan R. Vinaixa Mir\u00f3<\/li>\n<li>&#8220;ITINERARIS DE LA GUERRA DEL FRANC\u00c8S: UNA PASSEJADA PER LA HIST\u00d2RIA DELS TERRITORIS DE PARLA CATALANA&#8221;.<\/li>\n<\/ul>\n<p><a href=\"https:\/\/agora.xtec.cat\/ceipsantmiquel\/general\/litterarum-fira-del-llibre-ebrenc-2025\/attachment\/20250524_210405-min-min\/\" rel=\"attachment wp-att-6036\"><img loading=\"lazy\" decoding=\"async\" class=\"aligncenter wp-image-6036 size-large\" src=\"https:\/\/agora.xtec.cat\/ceipsantmiquel\/wp-content\/uploads\/usu2020\/2025\/05\/20250524_210405-min-min-1024x796.jpg\" alt=\"\" width=\"1024\" height=\"796\" srcset=\"https:\/\/agora.xtec.cat\/ceipsantmiquel\/wp-content\/uploads\/usu2020\/2025\/05\/20250524_210405-min-min-1024x796.jpg 1024w, https:\/\/agora.xtec.cat\/ceipsantmiquel\/wp-content\/uploads\/usu2020\/2025\/05\/20250524_210405-min-min-300x233.jpg 300w, https:\/\/agora.xtec.cat\/ceipsantmiquel\/wp-content\/uploads\/usu2020\/2025\/05\/20250524_210405-min-min-768x597.jpg 768w, https:\/\/agora.xtec.cat\/ceipsantmiquel\/wp-content\/uploads\/usu2020\/2025\/05\/20250524_210405-min-min-1536x1194.jpg 1536w, https:\/\/agora.xtec.cat\/ceipsantmiquel\/wp-content\/uploads\/usu2020\/2025\/05\/20250524_210405-min-min-2048x1592.jpg 2048w\" sizes=\"auto, (max-width: 1024px) 100vw, 1024px\" \/><\/a><\/p>\n<p style=\"text-align: center;\"><strong>MOLT\u00cdSSIMES GR\u00c0CIES!!!<\/strong><\/p>\n<p>&nbsp;<\/p>\n<p>&nbsp;<\/p>\n","protected":false},"excerpt":{"rendered":"<p>El passat divendres dia 23 de maig les Coordinadores de Biblioteques Escolars de la Ribera d&#8217;Ebre vam assistir a la 22a edici\u00f3 de la Fira del llibre ebrenc a la Biblioteca Comarcal de M\u00f3ra d&#8217;Ebre. All\u00ed vam gaudir d&#8217;una xerrada molt interessant sobre mediaci\u00f3 liter\u00e0ria\u00a0a c\u00e0rrec\u00a0de Maria Barber\u00e0 Baiges, bibliotec\u00e0ria responsable de l\u2019\u00c0rea infantil de [&hellip;]<\/p>\n","protected":false},"author":12,"featured_media":6031,"comment_status":"closed","ping_status":"closed","sticky":false,"template":"","format":"standard","meta":{"_bbp_topic_count":0,"_bbp_reply_count":0,"_bbp_total_topic_count":0,"_bbp_total_reply_count":0,"_bbp_voice_count":0,"_bbp_anonymous_reply_count":0,"_bbp_topic_count_hidden":0,"_bbp_reply_count_hidden":0,"_bbp_forum_subforum_count":0,"site-sidebar-layout":"default","site-content-layout":"","ast-site-content-layout":"","site-content-style":"default","site-sidebar-style":"default","ast-global-header-display":"","ast-banner-title-visibility":"","ast-main-header-display":"","ast-hfb-above-header-display":"","ast-hfb-below-header-display":"","ast-hfb-mobile-header-display":"","site-post-title":"","ast-breadcrumbs-content":"","ast-featured-img":"","footer-sml-layout":"","theme-transparent-header-meta":"","adv-header-id-meta":"","stick-header-meta":"","header-above-stick-meta":"","header-main-stick-meta":"","header-below-stick-meta":"","astra-migrate-meta-layouts":"default","ast-page-background-enabled":"default","ast-page-background-meta":{"desktop":{"background-color":"var(--ast-global-color-4)","background-image":"","background-repeat":"repeat","background-position":"center center","background-size":"auto","background-attachment":"scroll","background-type":"","background-media":"","overlay-type":"","overlay-color":"","overlay-opacity":"","overlay-gradient":""},"tablet":{"background-color":"","background-image":"","background-repeat":"repeat","background-position":"center center","background-size":"auto","background-attachment":"scroll","background-type":"","background-media":"","overlay-type":"","overlay-color":"","overlay-opacity":"","overlay-gradient":""},"mobile":{"background-color":"","background-image":"","background-repeat":"repeat","background-position":"center center","background-size":"auto","background-attachment":"scroll","background-type":"","background-media":"","overlay-type":"","overlay-color":"","overlay-opacity":"","overlay-gradient":""}},"ast-content-background-meta":{"desktop":{"background-color":"var(--ast-global-color-5)","background-image":"","background-repeat":"repeat","background-position":"center center","background-size":"auto","background-attachment":"scroll","background-type":"","background-media":"","overlay-type":"","overlay-color":"","overlay-opacity":"","overlay-gradient":""},"tablet":{"background-color":"var(--ast-global-color-5)","background-image":"","background-repeat":"repeat","background-position":"center center","background-size":"auto","background-attachment":"scroll","background-type":"","background-media":"","overlay-type":"","overlay-color":"","overlay-opacity":"","overlay-gradient":""},"mobile":{"background-color":"var(--ast-global-color-5)","background-image":"","background-repeat":"repeat","background-position":"center center","background-size":"auto","background-attachment":"scroll","background-type":"","background-media":"","overlay-type":"","overlay-color":"","overlay-opacity":"","overlay-gradient":""}},"footnotes":""},"categories":[73,1,4],"tags":[179,367,171,180],"class_list":["post-6028","post","type-post","status-publish","format-standard","has-post-thumbnail","hentry","category-biblioteca","category-general","category-portada","tag-biblioteca-escolar","tag-curs-2024-25","tag-litterarum","tag-seminari-biblioteques-ribera-debre"],"post_mailing_queue_ids":[],"_links":{"self":[{"href":"https:\/\/agora.xtec.cat\/ceipsantmiquel\/wp-json\/wp\/v2\/posts\/6028","targetHints":{"allow":["GET"]}}],"collection":[{"href":"https:\/\/agora.xtec.cat\/ceipsantmiquel\/wp-json\/wp\/v2\/posts"}],"about":[{"href":"https:\/\/agora.xtec.cat\/ceipsantmiquel\/wp-json\/wp\/v2\/types\/post"}],"author":[{"embeddable":true,"href":"https:\/\/agora.xtec.cat\/ceipsantmiquel\/wp-json\/wp\/v2\/users\/12"}],"replies":[{"embeddable":true,"href":"https:\/\/agora.xtec.cat\/ceipsantmiquel\/wp-json\/wp\/v2\/comments?post=6028"}],"version-history":[{"count":6,"href":"https:\/\/agora.xtec.cat\/ceipsantmiquel\/wp-json\/wp\/v2\/posts\/6028\/revisions"}],"predecessor-version":[{"id":6044,"href":"https:\/\/agora.xtec.cat\/ceipsantmiquel\/wp-json\/wp\/v2\/posts\/6028\/revisions\/6044"}],"wp:featuredmedia":[{"embeddable":true,"href":"https:\/\/agora.xtec.cat\/ceipsantmiquel\/wp-json\/wp\/v2\/media\/6031"}],"wp:attachment":[{"href":"https:\/\/agora.xtec.cat\/ceipsantmiquel\/wp-json\/wp\/v2\/media?parent=6028"}],"wp:term":[{"taxonomy":"category","embeddable":true,"href":"https:\/\/agora.xtec.cat\/ceipsantmiquel\/wp-json\/wp\/v2\/categories?post=6028"},{"taxonomy":"post_tag","embeddable":true,"href":"https:\/\/agora.xtec.cat\/ceipsantmiquel\/wp-json\/wp\/v2\/tags?post=6028"}],"curies":[{"name":"wp","href":"https:\/\/api.w.org\/{rel}","templated":true}]}}