{"id":5349,"date":"2024-05-28T15:35:03","date_gmt":"2024-05-28T13:35:03","guid":{"rendered":"https:\/\/agora.xtec.cat\/ceipsantmiquel\/?p=5349"},"modified":"2024-05-30T13:03:47","modified_gmt":"2024-05-30T11:03:47","slug":"litterarum-fira-del-llibre-ebrenc-2024","status":"publish","type":"post","link":"https:\/\/agora.xtec.cat\/ceipsantmiquel\/general\/litterarum-fira-del-llibre-ebrenc-2024\/","title":{"rendered":"LITTERARUM \u2013 FIRA DEL LLIBRE EBRENC 2024"},"content":{"rendered":"<p>&nbsp;<\/p>\n<p>El passat divendres dia 24 de maig vam assistir a la 21a Jornada del llibre ebrenc a la Biblioteca Comarcal de M\u00f3ra d\u2019Ebre. Vam poder gaudir d\u2019una una xerrada molt interessant per al m\u00f3n educatiu, <a href=\"https:\/\/serveiseducatius.xtec.cat\/riberadebre\/general\/xerrada-biblioteques-escolars-fira-llibre-ebrenc-2024\/\"><strong>\u201cRodari 2.0: la revolta creativa a les biblioteques escolars\u201d<\/strong>a c\u00e0rrec de <strong>Jordi Folck<\/strong><\/a>, creador catal\u00e0 polifac\u00e8tic que ha conreat aquesta creativitat en diversos camps com la fotografia, la interpretaci\u00f3, la doc\u00e8ncia universit\u00e0ria i, molt especialment, la escriptura.<\/p>\n<p><a href=\"https:\/\/agora.xtec.cat\/ceipsantmiquel\/general\/litterarum-fira-del-llibre-ebrenc-2024\/attachment\/20240524_174852\/\" rel=\"attachment wp-att-5351\"><img loading=\"lazy\" decoding=\"async\" class=\"wp-image-5351 aligncenter\" src=\"https:\/\/agora.xtec.cat\/ceipsantmiquel\/wp-content\/uploads\/usu2020\/2024\/05\/20240524_174852-170x300.jpg\" alt=\"\" width=\"210\" height=\"371\" srcset=\"https:\/\/agora.xtec.cat\/ceipsantmiquel\/wp-content\/uploads\/usu2020\/2024\/05\/20240524_174852-170x300.jpg 170w, https:\/\/agora.xtec.cat\/ceipsantmiquel\/wp-content\/uploads\/usu2020\/2024\/05\/20240524_174852-581x1024.jpg 581w, https:\/\/agora.xtec.cat\/ceipsantmiquel\/wp-content\/uploads\/usu2020\/2024\/05\/20240524_174852-768x1354.jpg 768w, https:\/\/agora.xtec.cat\/ceipsantmiquel\/wp-content\/uploads\/usu2020\/2024\/05\/20240524_174852-871x1536.jpg 871w, https:\/\/agora.xtec.cat\/ceipsantmiquel\/wp-content\/uploads\/usu2020\/2024\/05\/20240524_174852.jpg 876w\" sizes=\"auto, (max-width: 210px) 100vw, 210px\" \/><\/a><\/p>\n<p>Una de les accions especials que la Fira del Llibre Ebrenc realitza, \u00e9s el foment dels llibres ebrencs entre les biblioteques escolars i a trav\u00e9s de <i>Bassa La Papereria<\/i>\u00a0ens regalen a cada biblioteca escolar\u00a0<b>2\u00a0llibres<\/b> que es recullen en el marc de la\u00a0Fira\u00a0a M\u00f3ra d&#8217;Ebre dins la trobada de biblioteques escolars de la Ribera d&#8217;Ebre.<\/p>\n<p><a href=\"https:\/\/agora.xtec.cat\/ceipsantmiquel\/general\/litterarum-fira-del-llibre-ebrenc-2024\/attachment\/litterarum_easy-resize-com\/\" rel=\"attachment wp-att-5377\"><img loading=\"lazy\" decoding=\"async\" class=\"aligncenter size-large wp-image-5377\" src=\"https:\/\/agora.xtec.cat\/ceipsantmiquel\/wp-content\/uploads\/usu2020\/2024\/05\/LITTERARUM_Easy-Resize.com_-1024x768.jpg\" alt=\"\" width=\"1024\" height=\"768\" srcset=\"https:\/\/agora.xtec.cat\/ceipsantmiquel\/wp-content\/uploads\/usu2020\/2024\/05\/LITTERARUM_Easy-Resize.com_-1024x768.jpg 1024w, https:\/\/agora.xtec.cat\/ceipsantmiquel\/wp-content\/uploads\/usu2020\/2024\/05\/LITTERARUM_Easy-Resize.com_-300x225.jpg 300w, https:\/\/agora.xtec.cat\/ceipsantmiquel\/wp-content\/uploads\/usu2020\/2024\/05\/LITTERARUM_Easy-Resize.com_-768x576.jpg 768w, https:\/\/agora.xtec.cat\/ceipsantmiquel\/wp-content\/uploads\/usu2020\/2024\/05\/LITTERARUM_Easy-Resize.com_-200x150.jpg 200w, https:\/\/agora.xtec.cat\/ceipsantmiquel\/wp-content\/uploads\/usu2020\/2024\/05\/LITTERARUM_Easy-Resize.com_.jpg 1280w\" sizes=\"auto, (max-width: 1024px) 100vw, 1024px\" \/><\/a><\/p>\n<p>Enguany la nostra escola ha triat aquests dos llibres ebrencs que passen a augmentar el nostre fons bibliogr\u00e0fic:<\/p>\n<ul>\n<li style=\"list-style-type: none\">\n<ul>\n<li><em>\u201cLa geganta\u201d <\/em>de Jordi de Manuel<\/li>\n<li><em>\u201cEl conte brodat\u201d<\/em> de Carles Arbat<\/li>\n<\/ul>\n<\/li>\n<\/ul>\n<p><a href=\"https:\/\/agora.xtec.cat\/ceipsantmiquel\/general\/litterarum-fira-del-llibre-ebrenc-2024\/attachment\/20240528_141657\/\" rel=\"attachment wp-att-5361\"><img loading=\"lazy\" decoding=\"async\" class=\"alignleft wp-image-5361 size-medium\" src=\"https:\/\/agora.xtec.cat\/ceipsantmiquel\/wp-content\/uploads\/usu2020\/2024\/05\/20240528_141657-300x211.jpg\" alt=\"\" width=\"300\" height=\"211\" srcset=\"https:\/\/agora.xtec.cat\/ceipsantmiquel\/wp-content\/uploads\/usu2020\/2024\/05\/20240528_141657-300x211.jpg 300w, https:\/\/agora.xtec.cat\/ceipsantmiquel\/wp-content\/uploads\/usu2020\/2024\/05\/20240528_141657-1024x720.jpg 1024w, https:\/\/agora.xtec.cat\/ceipsantmiquel\/wp-content\/uploads\/usu2020\/2024\/05\/20240528_141657-768x540.jpg 768w, https:\/\/agora.xtec.cat\/ceipsantmiquel\/wp-content\/uploads\/usu2020\/2024\/05\/20240528_141657-1536x1080.jpg 1536w, https:\/\/agora.xtec.cat\/ceipsantmiquel\/wp-content\/uploads\/usu2020\/2024\/05\/20240528_141657-2048x1440.jpg 2048w\" sizes=\"auto, (max-width: 300px) 100vw, 300px\" \/><\/a><\/p>\n<p>&nbsp;<\/p>\n<p>&nbsp;<\/p>\n<p>&nbsp;<\/p>\n<p>&nbsp;<\/p>\n<p>&nbsp;<\/p>\n<p>&nbsp;<\/p>\n<p>El CERE tamb\u00e9 ens ha donat dos llibres per a la nostra biblioteca:<\/p>\n<ul>\n<li style=\"list-style-type: none\">\n<ul>\n<li><em>&#8220;Arquitectura i urbanisme al territori de la Ilercav\u00f2nia septentrional a l&#8217;ib\u00e8ric Ple (450-425 a 200 ac). El cas de la ciutat de Kum-Castellet de Banyoles (Tivissa-Ribera d&#8217;Ebre)&#8221;\u00a0<\/em>de Ramon Giron\u00e8s Blanch.<\/li>\n<li><em>&#8220;Miscel.l\u00e0nia del CERE &#8211; Tivissa&#8221;<\/em><em><br \/>\n<a href=\"https:\/\/agora.xtec.cat\/ceipsantmiquel\/general\/litterarum-fira-del-llibre-ebrenc-2024\/attachment\/20240528_141757\/\" rel=\"attachment wp-att-5362\"><img loading=\"lazy\" decoding=\"async\" class=\"alignleft wp-image-5362 size-medium\" src=\"https:\/\/agora.xtec.cat\/ceipsantmiquel\/wp-content\/uploads\/usu2020\/2024\/05\/20240528_141757-300x192.jpg\" alt=\"\" width=\"300\" height=\"192\" srcset=\"https:\/\/agora.xtec.cat\/ceipsantmiquel\/wp-content\/uploads\/usu2020\/2024\/05\/20240528_141757-300x192.jpg 300w, https:\/\/agora.xtec.cat\/ceipsantmiquel\/wp-content\/uploads\/usu2020\/2024\/05\/20240528_141757-1024x657.jpg 1024w, https:\/\/agora.xtec.cat\/ceipsantmiquel\/wp-content\/uploads\/usu2020\/2024\/05\/20240528_141757-768x493.jpg 768w, https:\/\/agora.xtec.cat\/ceipsantmiquel\/wp-content\/uploads\/usu2020\/2024\/05\/20240528_141757-1536x986.jpg 1536w, https:\/\/agora.xtec.cat\/ceipsantmiquel\/wp-content\/uploads\/usu2020\/2024\/05\/20240528_141757-2048x1314.jpg 2048w\" sizes=\"auto, (max-width: 300px) 100vw, 300px\" \/><\/a><\/em><\/li>\n<\/ul>\n<\/li>\n<\/ul>\n<p>&nbsp;<\/p>\n<p style=\"text-align: center\"><strong>MOLTES GR\u00c0CIES!!!<\/strong><\/p>\n","protected":false},"excerpt":{"rendered":"<p>&nbsp; El passat divendres dia 24 de maig vam assistir a la 21a Jornada del llibre ebrenc a la Biblioteca Comarcal de M\u00f3ra d\u2019Ebre. Vam poder gaudir d\u2019una una xerrada molt interessant per al m\u00f3n educatiu, \u201cRodari 2.0: la revolta creativa a les biblioteques escolars\u201da c\u00e0rrec de Jordi Folck, creador catal\u00e0 polifac\u00e8tic que ha conreat [&hellip;]<\/p>\n","protected":false},"author":12,"featured_media":5353,"comment_status":"closed","ping_status":"closed","sticky":false,"template":"","format":"standard","meta":{"_bbp_topic_count":0,"_bbp_reply_count":0,"_bbp_total_topic_count":0,"_bbp_total_reply_count":0,"_bbp_voice_count":0,"_bbp_anonymous_reply_count":0,"_bbp_topic_count_hidden":0,"_bbp_reply_count_hidden":0,"_bbp_forum_subforum_count":0,"site-sidebar-layout":"default","site-content-layout":"","ast-site-content-layout":"","site-content-style":"default","site-sidebar-style":"default","ast-global-header-display":"","ast-banner-title-visibility":"","ast-main-header-display":"","ast-hfb-above-header-display":"","ast-hfb-below-header-display":"","ast-hfb-mobile-header-display":"","site-post-title":"","ast-breadcrumbs-content":"","ast-featured-img":"","footer-sml-layout":"","theme-transparent-header-meta":"","adv-header-id-meta":"","stick-header-meta":"","header-above-stick-meta":"","header-main-stick-meta":"","header-below-stick-meta":"","astra-migrate-meta-layouts":"default","ast-page-background-enabled":"default","ast-page-background-meta":{"desktop":{"background-color":"var(--ast-global-color-4)","background-image":"","background-repeat":"repeat","background-position":"center center","background-size":"auto","background-attachment":"scroll","background-type":"","background-media":"","overlay-type":"","overlay-color":"","overlay-opacity":"","overlay-gradient":""},"tablet":{"background-color":"","background-image":"","background-repeat":"repeat","background-position":"center center","background-size":"auto","background-attachment":"scroll","background-type":"","background-media":"","overlay-type":"","overlay-color":"","overlay-opacity":"","overlay-gradient":""},"mobile":{"background-color":"","background-image":"","background-repeat":"repeat","background-position":"center center","background-size":"auto","background-attachment":"scroll","background-type":"","background-media":"","overlay-type":"","overlay-color":"","overlay-opacity":"","overlay-gradient":""}},"ast-content-background-meta":{"desktop":{"background-color":"var(--ast-global-color-5)","background-image":"","background-repeat":"repeat","background-position":"center center","background-size":"auto","background-attachment":"scroll","background-type":"","background-media":"","overlay-type":"","overlay-color":"","overlay-opacity":"","overlay-gradient":""},"tablet":{"background-color":"var(--ast-global-color-5)","background-image":"","background-repeat":"repeat","background-position":"center center","background-size":"auto","background-attachment":"scroll","background-type":"","background-media":"","overlay-type":"","overlay-color":"","overlay-opacity":"","overlay-gradient":""},"mobile":{"background-color":"var(--ast-global-color-5)","background-image":"","background-repeat":"repeat","background-position":"center center","background-size":"auto","background-attachment":"scroll","background-type":"","background-media":"","overlay-type":"","overlay-color":"","overlay-opacity":"","overlay-gradient":""}},"footnotes":""},"categories":[73,1],"tags":[83,179,322,171,180],"class_list":["post-5349","post","type-post","status-publish","format-standard","has-post-thumbnail","hentry","category-biblioteca","category-general","tag-biblioteca","tag-biblioteca-escolar","tag-curs-2023-24","tag-litterarum","tag-seminari-biblioteques-ribera-debre"],"post_mailing_queue_ids":[],"_links":{"self":[{"href":"https:\/\/agora.xtec.cat\/ceipsantmiquel\/wp-json\/wp\/v2\/posts\/5349","targetHints":{"allow":["GET"]}}],"collection":[{"href":"https:\/\/agora.xtec.cat\/ceipsantmiquel\/wp-json\/wp\/v2\/posts"}],"about":[{"href":"https:\/\/agora.xtec.cat\/ceipsantmiquel\/wp-json\/wp\/v2\/types\/post"}],"author":[{"embeddable":true,"href":"https:\/\/agora.xtec.cat\/ceipsantmiquel\/wp-json\/wp\/v2\/users\/12"}],"replies":[{"embeddable":true,"href":"https:\/\/agora.xtec.cat\/ceipsantmiquel\/wp-json\/wp\/v2\/comments?post=5349"}],"version-history":[{"count":6,"href":"https:\/\/agora.xtec.cat\/ceipsantmiquel\/wp-json\/wp\/v2\/posts\/5349\/revisions"}],"predecessor-version":[{"id":5381,"href":"https:\/\/agora.xtec.cat\/ceipsantmiquel\/wp-json\/wp\/v2\/posts\/5349\/revisions\/5381"}],"wp:featuredmedia":[{"embeddable":true,"href":"https:\/\/agora.xtec.cat\/ceipsantmiquel\/wp-json\/wp\/v2\/media\/5353"}],"wp:attachment":[{"href":"https:\/\/agora.xtec.cat\/ceipsantmiquel\/wp-json\/wp\/v2\/media?parent=5349"}],"wp:term":[{"taxonomy":"category","embeddable":true,"href":"https:\/\/agora.xtec.cat\/ceipsantmiquel\/wp-json\/wp\/v2\/categories?post=5349"},{"taxonomy":"post_tag","embeddable":true,"href":"https:\/\/agora.xtec.cat\/ceipsantmiquel\/wp-json\/wp\/v2\/tags?post=5349"}],"curies":[{"name":"wp","href":"https:\/\/api.w.org\/{rel}","templated":true}]}}