{"id":4712,"date":"2023-06-05T22:18:48","date_gmt":"2023-06-05T20:18:48","guid":{"rendered":"https:\/\/agora.xtec.cat\/ceipsantmiquel\/?p=4712"},"modified":"2023-06-06T11:31:07","modified_gmt":"2023-06-06T09:31:07","slug":"litterarum-fira-del-llibre-ebrenc-2023","status":"publish","type":"post","link":"https:\/\/agora.xtec.cat\/ceipsantmiquel\/general\/litterarum-fira-del-llibre-ebrenc-2023\/","title":{"rendered":"LITTERARUM &#8211; FIRA DEL LLIBRE EBRENC 2023"},"content":{"rendered":"<p>El passat divendres dia 2 de juny vam assitir a la 20a Jornada del llibre ebrenc a la Biblioteca Comarcal de M\u00f3ra d&#8217;Ebre. Vam poder gaudir d&#8217;una confer\u00e8ncia a c\u00e0rrec de <strong>Jordi Alfonso<\/strong>, il.lustrador i dibuixant de c\u00f2mics, que duia per t\u00edtol <strong>Llegim c\u00f2mics?<\/strong><\/p>\n<p>Des de la visi\u00f3 d&#8217;un dibuixant professional i a partir de la seva experi\u00e8ncia personal com a lector i consumidor de c\u00f2mics, en Jordi Alfonso ens va donar a con\u00e8ixer recursos i elements propis d&#8217;aquest g\u00e8nere narratiu que, sens dubte, ens ajudaran a apropar, descobrir i fomentar la lectura de c\u00f2mics a les biblioteques escolars.<\/p>\n<p><a href=\"https:\/\/agora.xtec.cat\/ceipsantmiquel\/general\/litterarum-fira-del-llibre-ebrenc-2023\/attachment\/20230602_173700_easy-resize-com\/\" rel=\"attachment wp-att-4713\"><img loading=\"lazy\" decoding=\"async\" class=\"aligncenter size-large wp-image-4713\" src=\"https:\/\/agora.xtec.cat\/ceipsantmiquel\/wp-content\/uploads\/usu2020\/2023\/06\/20230602_173700_Easy-Resize.com_-1024x768.jpg\" alt=\"\" width=\"1024\" height=\"768\" srcset=\"https:\/\/agora.xtec.cat\/ceipsantmiquel\/wp-content\/uploads\/usu2020\/2023\/06\/20230602_173700_Easy-Resize.com_-1024x768.jpg 1024w, https:\/\/agora.xtec.cat\/ceipsantmiquel\/wp-content\/uploads\/usu2020\/2023\/06\/20230602_173700_Easy-Resize.com_-300x225.jpg 300w, https:\/\/agora.xtec.cat\/ceipsantmiquel\/wp-content\/uploads\/usu2020\/2023\/06\/20230602_173700_Easy-Resize.com_-768x576.jpg 768w, https:\/\/agora.xtec.cat\/ceipsantmiquel\/wp-content\/uploads\/usu2020\/2023\/06\/20230602_173700_Easy-Resize.com_-200x150.jpg 200w, https:\/\/agora.xtec.cat\/ceipsantmiquel\/wp-content\/uploads\/usu2020\/2023\/06\/20230602_173700_Easy-Resize.com_.jpg 1280w\" sizes=\"auto, (max-width: 1024px) 100vw, 1024px\" \/><\/a><\/p>\n<p>Una de les accions especials que la Fira del Llibre Ebrenc realitza, \u00e9s el foment dels llibres ebrencs entre les biblioteques escolars. Gr\u00e0cies tamb\u00e9 a la col\u00b7laboraci\u00f3 del Centre de Recursos Pedag\u00f2gics de la Ribera d\u2019Ebre, les escoles poden escollir entre les novetats ebrenques dos llibres\u00a0 per a la seva biblioteca escolar.<\/p>\n<p>Enguany la nostra escola ha triat aquests dos llibres ebrencs que la Fira ens ha obsequiat i que passen a augmentar el nostre fons bibliogr\u00e0fic:<\/p>\n<ul>\n<li>EL MEU AVI de Ferran Orta<\/li>\n<li>HIST\u00d2RIES DE TEMOR PER A JOVES EBRENCS de David G. Caballero<a href=\"https:\/\/agora.xtec.cat\/ceipsantmiquel\/general\/litterarum-fira-del-llibre-ebrenc-2023\/attachment\/20230605_143157_easy-resize-com\/\" rel=\"attachment wp-att-4714\"><img loading=\"lazy\" decoding=\"async\" class=\"aligncenter wp-image-4714 size-large\" src=\"https:\/\/agora.xtec.cat\/ceipsantmiquel\/wp-content\/uploads\/usu2020\/2023\/06\/20230605_143157_Easy-Resize.com_-1024x629.jpg\" alt=\"\" width=\"1024\" height=\"629\" srcset=\"https:\/\/agora.xtec.cat\/ceipsantmiquel\/wp-content\/uploads\/usu2020\/2023\/06\/20230605_143157_Easy-Resize.com_-1024x629.jpg 1024w, https:\/\/agora.xtec.cat\/ceipsantmiquel\/wp-content\/uploads\/usu2020\/2023\/06\/20230605_143157_Easy-Resize.com_-300x184.jpg 300w, https:\/\/agora.xtec.cat\/ceipsantmiquel\/wp-content\/uploads\/usu2020\/2023\/06\/20230605_143157_Easy-Resize.com_-768x472.jpg 768w, https:\/\/agora.xtec.cat\/ceipsantmiquel\/wp-content\/uploads\/usu2020\/2023\/06\/20230605_143157_Easy-Resize.com_.jpg 1280w\" sizes=\"auto, (max-width: 1024px) 100vw, 1024px\" \/><\/a><\/li>\n<\/ul>\n<p>El CERE tamb\u00e9 ens ha donat tres llibres per a la nostra biblioteca:<\/p>\n<ul>\n<li>ELS NOSTRES HEROIS DEL RIU de Pedro Nogales C\u00e1rdenas<\/li>\n<li>L&#8217;ALTRA GUERRA de Jordi Duran Su\u00e0rez<\/li>\n<li>MISCEL.LANIA DEL CERE &#8211; RASQUERA<a href=\"https:\/\/agora.xtec.cat\/ceipsantmiquel\/general\/litterarum-fira-del-llibre-ebrenc-2023\/attachment\/20230606_090717\/\" rel=\"attachment wp-att-4721\"><img loading=\"lazy\" decoding=\"async\" class=\"aligncenter size-full wp-image-4721\" src=\"https:\/\/agora.xtec.cat\/ceipsantmiquel\/wp-content\/uploads\/usu2020\/2023\/06\/20230606_090717-rotated.jpg\" alt=\"\" width=\"569\" height=\"274\" srcset=\"https:\/\/agora.xtec.cat\/ceipsantmiquel\/wp-content\/uploads\/usu2020\/2023\/06\/20230606_090717-rotated.jpg 569w, https:\/\/agora.xtec.cat\/ceipsantmiquel\/wp-content\/uploads\/usu2020\/2023\/06\/20230606_090717-300x144.jpg 300w\" sizes=\"auto, (max-width: 569px) 100vw, 569px\" \/><\/a><\/li>\n<\/ul>\n<p style=\"text-align: center\">MOLTES GR\u00c0CIES!!!<\/p>\n","protected":false},"excerpt":{"rendered":"<p>El passat divendres dia 2 de juny vam assitir a la 20a Jornada del llibre ebrenc a la Biblioteca Comarcal de M\u00f3ra d&#8217;Ebre. Vam poder gaudir d&#8217;una confer\u00e8ncia a c\u00e0rrec de Jordi Alfonso, il.lustrador i dibuixant de c\u00f2mics, que duia per t\u00edtol Llegim c\u00f2mics? Des de la visi\u00f3 d&#8217;un dibuixant professional i a partir de [&hellip;]<\/p>\n","protected":false},"author":12,"featured_media":4715,"comment_status":"closed","ping_status":"closed","sticky":false,"template":"","format":"standard","meta":{"_bbp_topic_count":0,"_bbp_reply_count":0,"_bbp_total_topic_count":0,"_bbp_total_reply_count":0,"_bbp_voice_count":0,"_bbp_anonymous_reply_count":0,"_bbp_topic_count_hidden":0,"_bbp_reply_count_hidden":0,"_bbp_forum_subforum_count":0,"site-sidebar-layout":"default","site-content-layout":"","ast-site-content-layout":"","site-content-style":"default","site-sidebar-style":"default","ast-global-header-display":"","ast-banner-title-visibility":"","ast-main-header-display":"","ast-hfb-above-header-display":"","ast-hfb-below-header-display":"","ast-hfb-mobile-header-display":"","site-post-title":"","ast-breadcrumbs-content":"","ast-featured-img":"","footer-sml-layout":"","theme-transparent-header-meta":"","adv-header-id-meta":"","stick-header-meta":"","header-above-stick-meta":"","header-main-stick-meta":"","header-below-stick-meta":"","astra-migrate-meta-layouts":"default","ast-page-background-enabled":"default","ast-page-background-meta":{"desktop":{"background-color":"var(--ast-global-color-4)","background-image":"","background-repeat":"repeat","background-position":"center center","background-size":"auto","background-attachment":"scroll","background-type":"","background-media":"","overlay-type":"","overlay-color":"","overlay-opacity":"","overlay-gradient":""},"tablet":{"background-color":"","background-image":"","background-repeat":"repeat","background-position":"center center","background-size":"auto","background-attachment":"scroll","background-type":"","background-media":"","overlay-type":"","overlay-color":"","overlay-opacity":"","overlay-gradient":""},"mobile":{"background-color":"","background-image":"","background-repeat":"repeat","background-position":"center center","background-size":"auto","background-attachment":"scroll","background-type":"","background-media":"","overlay-type":"","overlay-color":"","overlay-opacity":"","overlay-gradient":""}},"ast-content-background-meta":{"desktop":{"background-color":"var(--ast-global-color-5)","background-image":"","background-repeat":"repeat","background-position":"center center","background-size":"auto","background-attachment":"scroll","background-type":"","background-media":"","overlay-type":"","overlay-color":"","overlay-opacity":"","overlay-gradient":""},"tablet":{"background-color":"var(--ast-global-color-5)","background-image":"","background-repeat":"repeat","background-position":"center center","background-size":"auto","background-attachment":"scroll","background-type":"","background-media":"","overlay-type":"","overlay-color":"","overlay-opacity":"","overlay-gradient":""},"mobile":{"background-color":"var(--ast-global-color-5)","background-image":"","background-repeat":"repeat","background-position":"center center","background-size":"auto","background-attachment":"scroll","background-type":"","background-media":"","overlay-type":"","overlay-color":"","overlay-opacity":"","overlay-gradient":""}},"footnotes":""},"categories":[73,1,4],"tags":[83,179,237,171,180],"class_list":["post-4712","post","type-post","status-publish","format-standard","has-post-thumbnail","hentry","category-biblioteca","category-general","category-portada","tag-biblioteca","tag-biblioteca-escolar","tag-curs-2022-23","tag-litterarum","tag-seminari-biblioteques-ribera-debre"],"post_mailing_queue_ids":[],"_links":{"self":[{"href":"https:\/\/agora.xtec.cat\/ceipsantmiquel\/wp-json\/wp\/v2\/posts\/4712","targetHints":{"allow":["GET"]}}],"collection":[{"href":"https:\/\/agora.xtec.cat\/ceipsantmiquel\/wp-json\/wp\/v2\/posts"}],"about":[{"href":"https:\/\/agora.xtec.cat\/ceipsantmiquel\/wp-json\/wp\/v2\/types\/post"}],"author":[{"embeddable":true,"href":"https:\/\/agora.xtec.cat\/ceipsantmiquel\/wp-json\/wp\/v2\/users\/12"}],"replies":[{"embeddable":true,"href":"https:\/\/agora.xtec.cat\/ceipsantmiquel\/wp-json\/wp\/v2\/comments?post=4712"}],"version-history":[{"count":3,"href":"https:\/\/agora.xtec.cat\/ceipsantmiquel\/wp-json\/wp\/v2\/posts\/4712\/revisions"}],"predecessor-version":[{"id":4724,"href":"https:\/\/agora.xtec.cat\/ceipsantmiquel\/wp-json\/wp\/v2\/posts\/4712\/revisions\/4724"}],"wp:featuredmedia":[{"embeddable":true,"href":"https:\/\/agora.xtec.cat\/ceipsantmiquel\/wp-json\/wp\/v2\/media\/4715"}],"wp:attachment":[{"href":"https:\/\/agora.xtec.cat\/ceipsantmiquel\/wp-json\/wp\/v2\/media?parent=4712"}],"wp:term":[{"taxonomy":"category","embeddable":true,"href":"https:\/\/agora.xtec.cat\/ceipsantmiquel\/wp-json\/wp\/v2\/categories?post=4712"},{"taxonomy":"post_tag","embeddable":true,"href":"https:\/\/agora.xtec.cat\/ceipsantmiquel\/wp-json\/wp\/v2\/tags?post=4712"}],"curies":[{"name":"wp","href":"https:\/\/api.w.org\/{rel}","templated":true}]}}