{"id":2719,"date":"2021-11-12T16:51:13","date_gmt":"2021-11-12T15:51:13","guid":{"rendered":"https:\/\/agora.xtec.cat\/ceipsantmiquel\/?p=2719"},"modified":"2022-02-01T16:47:22","modified_gmt":"2022-02-01T15:47:22","slug":"litterarum-fira-del-llibre-ebrenc","status":"publish","type":"post","link":"https:\/\/agora.xtec.cat\/ceipsantmiquel\/biblioteca\/litterarum-fira-del-llibre-ebrenc\/","title":{"rendered":"LITTERARUM &#8211; FIRA DEL LLIBRE EBRENC 2021"},"content":{"rendered":"<p>Una de les accions especials que la Fira del Llibre Ebrenc realitza, \u00e9s el foment dels llibres ebrencs entre les biblioteques escolars. Aix\u00ed doncs, tamb\u00e9\u00a0 gr\u00e0cies a la col\u00b7laboraci\u00f3 del Centre de Recursos Pedag\u00f2gics de la Ribera d\u2019Ebre, les escoles trien dos llibres que m\u00e9s els interessin per a la biblioteca del seu centre escolar.<\/p>\n<p>En la passada edici\u00f3 de 2021, la nostra escola va triar aquests dos llibres ebrencs que la Fira ens ha fet arribar com a regal i que passen a augmentar el nostre fons bibliogr\u00e0fic.<\/p>\n<p>MOLTES GR\u00c0CIES!!!<\/p>\n<p>&nbsp;<\/p>\n<p><a href=\"https:\/\/agora.xtec.cat\/ceipsantmiquel\/wp-content\/uploads\/usu2020\/2021\/11\/PANDA-I-ZEBRA.jpg\"><img loading=\"lazy\" decoding=\"async\" class=\"aligncenter size-medium wp-image-2721\" src=\"https:\/\/agora.xtec.cat\/ceipsantmiquel\/wp-content\/uploads\/usu2020\/2021\/11\/PANDA-I-ZEBRA-200x300.jpg\" alt=\"\" width=\"200\" height=\"300\" srcset=\"https:\/\/agora.xtec.cat\/ceipsantmiquel\/wp-content\/uploads\/usu2020\/2021\/11\/PANDA-I-ZEBRA-200x300.jpg 200w, https:\/\/agora.xtec.cat\/ceipsantmiquel\/wp-content\/uploads\/usu2020\/2021\/11\/PANDA-I-ZEBRA.jpg 480w\" sizes=\"auto, (max-width: 200px) 100vw, 200px\" \/><\/a> <a href=\"https:\/\/agora.xtec.cat\/ceipsantmiquel\/wp-content\/uploads\/usu2020\/2021\/11\/LA-FLAMENCA-EMMA.jpg\"><img loading=\"lazy\" decoding=\"async\" class=\"aligncenter size-medium wp-image-2720\" src=\"https:\/\/agora.xtec.cat\/ceipsantmiquel\/wp-content\/uploads\/usu2020\/2021\/11\/LA-FLAMENCA-EMMA-289x300.jpg\" alt=\"\" width=\"289\" height=\"300\" srcset=\"https:\/\/agora.xtec.cat\/ceipsantmiquel\/wp-content\/uploads\/usu2020\/2021\/11\/LA-FLAMENCA-EMMA-289x300.jpg 289w, https:\/\/agora.xtec.cat\/ceipsantmiquel\/wp-content\/uploads\/usu2020\/2021\/11\/LA-FLAMENCA-EMMA.jpg 480w\" sizes=\"auto, (max-width: 289px) 100vw, 289px\" \/><\/a><\/p>\n","protected":false},"excerpt":{"rendered":"<p>Una de les accions especials que la Fira del Llibre Ebrenc realitza, \u00e9s el foment dels llibres ebrencs entre les biblioteques escolars. Aix\u00ed doncs, tamb\u00e9\u00a0 gr\u00e0cies a la col\u00b7laboraci\u00f3 del Centre de Recursos Pedag\u00f2gics de la Ribera d\u2019Ebre, les escoles trien dos llibres que m\u00e9s els interessin per a la biblioteca del seu centre escolar. [&hellip;]<\/p>\n","protected":false},"author":12,"featured_media":2722,"comment_status":"open","ping_status":"closed","sticky":false,"template":"","format":"standard","meta":{"_bbp_topic_count":0,"_bbp_reply_count":0,"_bbp_total_topic_count":0,"_bbp_total_reply_count":0,"_bbp_voice_count":0,"_bbp_anonymous_reply_count":0,"_bbp_topic_count_hidden":0,"_bbp_reply_count_hidden":0,"_bbp_forum_subforum_count":0,"site-sidebar-layout":"default","site-content-layout":"","ast-site-content-layout":"","site-content-style":"default","site-sidebar-style":"default","ast-global-header-display":"","ast-banner-title-visibility":"","ast-main-header-display":"","ast-hfb-above-header-display":"","ast-hfb-below-header-display":"","ast-hfb-mobile-header-display":"","site-post-title":"","ast-breadcrumbs-content":"","ast-featured-img":"","footer-sml-layout":"","theme-transparent-header-meta":"","adv-header-id-meta":"","stick-header-meta":"","header-above-stick-meta":"","header-main-stick-meta":"","header-below-stick-meta":"","astra-migrate-meta-layouts":"default","ast-page-background-enabled":"default","ast-page-background-meta":{"desktop":{"background-color":"var(--ast-global-color-4)","background-image":"","background-repeat":"repeat","background-position":"center center","background-size":"auto","background-attachment":"scroll","background-type":"","background-media":"","overlay-type":"","overlay-color":"","overlay-opacity":"","overlay-gradient":""},"tablet":{"background-color":"","background-image":"","background-repeat":"repeat","background-position":"center center","background-size":"auto","background-attachment":"scroll","background-type":"","background-media":"","overlay-type":"","overlay-color":"","overlay-opacity":"","overlay-gradient":""},"mobile":{"background-color":"","background-image":"","background-repeat":"repeat","background-position":"center center","background-size":"auto","background-attachment":"scroll","background-type":"","background-media":"","overlay-type":"","overlay-color":"","overlay-opacity":"","overlay-gradient":""}},"ast-content-background-meta":{"desktop":{"background-color":"var(--ast-global-color-5)","background-image":"","background-repeat":"repeat","background-position":"center center","background-size":"auto","background-attachment":"scroll","background-type":"","background-media":"","overlay-type":"","overlay-color":"","overlay-opacity":"","overlay-gradient":""},"tablet":{"background-color":"var(--ast-global-color-5)","background-image":"","background-repeat":"repeat","background-position":"center center","background-size":"auto","background-attachment":"scroll","background-type":"","background-media":"","overlay-type":"","overlay-color":"","overlay-opacity":"","overlay-gradient":""},"mobile":{"background-color":"var(--ast-global-color-5)","background-image":"","background-repeat":"repeat","background-position":"center center","background-size":"auto","background-attachment":"scroll","background-type":"","background-media":"","overlay-type":"","overlay-color":"","overlay-opacity":"","overlay-gradient":""}},"footnotes":""},"categories":[73],"tags":[83,85,171],"class_list":["post-2719","post","type-post","status-publish","format-standard","has-post-thumbnail","hentry","category-biblioteca","tag-biblioteca","tag-curs-2020-21","tag-litterarum"],"post_mailing_queue_ids":[],"_links":{"self":[{"href":"https:\/\/agora.xtec.cat\/ceipsantmiquel\/wp-json\/wp\/v2\/posts\/2719","targetHints":{"allow":["GET"]}}],"collection":[{"href":"https:\/\/agora.xtec.cat\/ceipsantmiquel\/wp-json\/wp\/v2\/posts"}],"about":[{"href":"https:\/\/agora.xtec.cat\/ceipsantmiquel\/wp-json\/wp\/v2\/types\/post"}],"author":[{"embeddable":true,"href":"https:\/\/agora.xtec.cat\/ceipsantmiquel\/wp-json\/wp\/v2\/users\/12"}],"replies":[{"embeddable":true,"href":"https:\/\/agora.xtec.cat\/ceipsantmiquel\/wp-json\/wp\/v2\/comments?post=2719"}],"version-history":[{"count":3,"href":"https:\/\/agora.xtec.cat\/ceipsantmiquel\/wp-json\/wp\/v2\/posts\/2719\/revisions"}],"predecessor-version":[{"id":3208,"href":"https:\/\/agora.xtec.cat\/ceipsantmiquel\/wp-json\/wp\/v2\/posts\/2719\/revisions\/3208"}],"wp:featuredmedia":[{"embeddable":true,"href":"https:\/\/agora.xtec.cat\/ceipsantmiquel\/wp-json\/wp\/v2\/media\/2722"}],"wp:attachment":[{"href":"https:\/\/agora.xtec.cat\/ceipsantmiquel\/wp-json\/wp\/v2\/media?parent=2719"}],"wp:term":[{"taxonomy":"category","embeddable":true,"href":"https:\/\/agora.xtec.cat\/ceipsantmiquel\/wp-json\/wp\/v2\/categories?post=2719"},{"taxonomy":"post_tag","embeddable":true,"href":"https:\/\/agora.xtec.cat\/ceipsantmiquel\/wp-json\/wp\/v2\/tags?post=2719"}],"curies":[{"name":"wp","href":"https:\/\/api.w.org\/{rel}","templated":true}]}}