{"id":4863,"date":"2022-11-07T12:25:59","date_gmt":"2022-11-07T11:25:59","guid":{"rendered":"https:\/\/agora.xtec.cat\/ceipsantllorenc\/?p=4863"},"modified":"2022-11-11T12:25:46","modified_gmt":"2022-11-11T11:25:46","slug":"tallers-pedagogics-per-families","status":"publish","type":"post","link":"https:\/\/agora.xtec.cat\/ceipsantllorenc\/general\/tallers-pedagogics-per-families\/","title":{"rendered":"Tallers pedag\u00f2gics per a fam\u00edlies"},"content":{"rendered":"<p style=\"font-family: 'Helvetica Neue', Helvetica, Helvetica, Arial, sans-serif;font-size: 16px\"><img loading=\"lazy\" decoding=\"async\" class=\"alignleft size-medium wp-image-4865\" src=\"https:\/\/agora.xtec.cat\/ceipsantllorenc\/wp-content\/uploads\/usu520\/2022\/11\/fd717245-6833-4d7c-886c-0f6ed5d13525-300x225.jpg\" alt=\"\" width=\"300\" height=\"225\" srcset=\"https:\/\/agora.xtec.cat\/ceipsantllorenc\/wp-content\/uploads\/usu520\/2022\/11\/fd717245-6833-4d7c-886c-0f6ed5d13525-300x225.jpg 300w, https:\/\/agora.xtec.cat\/ceipsantllorenc\/wp-content\/uploads\/usu520\/2022\/11\/fd717245-6833-4d7c-886c-0f6ed5d13525-1024x768.jpg 1024w, https:\/\/agora.xtec.cat\/ceipsantllorenc\/wp-content\/uploads\/usu520\/2022\/11\/fd717245-6833-4d7c-886c-0f6ed5d13525-768x576.jpg 768w, https:\/\/agora.xtec.cat\/ceipsantllorenc\/wp-content\/uploads\/usu520\/2022\/11\/fd717245-6833-4d7c-886c-0f6ed5d13525-1536x1152.jpg 1536w, https:\/\/agora.xtec.cat\/ceipsantllorenc\/wp-content\/uploads\/usu520\/2022\/11\/fd717245-6833-4d7c-886c-0f6ed5d13525-200x150.jpg 200w, https:\/\/agora.xtec.cat\/ceipsantllorenc\/wp-content\/uploads\/usu520\/2022\/11\/fd717245-6833-4d7c-886c-0f6ed5d13525.jpg 1600w\" sizes=\"auto, (max-width: 300px) 100vw, 300px\" \/><\/p>\n<p>Aquest any des de l&#8217;escola, juntament amb les reunions d&#8217;inici de curs, hem fet uns tallers pedag\u00f2gics per a les fam\u00edlies.<\/p>\n<p>El primer taller va ser sobre l&#8217;avaluaci\u00f3 i tenia per objectiu compartir la manera com entenem l&#8217;avaluaci\u00f3 des de l&#8217;escola i fer-ne part\u00edcips a les fam\u00edlies. El segon taller p<span style=\"font-family: inherit;font-size: 1em\">edag\u00f2gic va ser sobre els ambients d&#8217;aprenentatge. En aquest, van poder con\u00e8ixer d&#8217;una forma vivencial com s\u00f3n els ambients a l&#8217;escola i com aquests s\u00f3n una font d&#8217;aprenentatge pels infants.<\/span><\/p>\n<p><img loading=\"lazy\" decoding=\"async\" class=\"alignleft size-medium wp-image-4864\" src=\"https:\/\/agora.xtec.cat\/ceipsantllorenc\/wp-content\/uploads\/usu520\/2022\/11\/ETVO7137-300x225.jpg\" alt=\"\" width=\"300\" height=\"225\" srcset=\"https:\/\/agora.xtec.cat\/ceipsantllorenc\/wp-content\/uploads\/usu520\/2022\/11\/ETVO7137-300x225.jpg 300w, https:\/\/agora.xtec.cat\/ceipsantllorenc\/wp-content\/uploads\/usu520\/2022\/11\/ETVO7137-768x576.jpg 768w, https:\/\/agora.xtec.cat\/ceipsantllorenc\/wp-content\/uploads\/usu520\/2022\/11\/ETVO7137-200x150.jpg 200w, https:\/\/agora.xtec.cat\/ceipsantllorenc\/wp-content\/uploads\/usu520\/2022\/11\/ETVO7137.jpg 1024w\" sizes=\"auto, (max-width: 300px) 100vw, 300px\" \/> <img loading=\"lazy\" decoding=\"async\" class=\"alignleft size-medium wp-image-4866\" src=\"https:\/\/agora.xtec.cat\/ceipsantllorenc\/wp-content\/uploads\/usu520\/2022\/11\/eaa8bc78-fca0-4d21-bbfa-5be44eee2168-300x225.jpg\" alt=\"\" width=\"300\" height=\"225\" srcset=\"https:\/\/agora.xtec.cat\/ceipsantllorenc\/wp-content\/uploads\/usu520\/2022\/11\/eaa8bc78-fca0-4d21-bbfa-5be44eee2168-300x225.jpg 300w, https:\/\/agora.xtec.cat\/ceipsantllorenc\/wp-content\/uploads\/usu520\/2022\/11\/eaa8bc78-fca0-4d21-bbfa-5be44eee2168-1024x768.jpg 1024w, https:\/\/agora.xtec.cat\/ceipsantllorenc\/wp-content\/uploads\/usu520\/2022\/11\/eaa8bc78-fca0-4d21-bbfa-5be44eee2168-768x576.jpg 768w, https:\/\/agora.xtec.cat\/ceipsantllorenc\/wp-content\/uploads\/usu520\/2022\/11\/eaa8bc78-fca0-4d21-bbfa-5be44eee2168-1536x1152.jpg 1536w, https:\/\/agora.xtec.cat\/ceipsantllorenc\/wp-content\/uploads\/usu520\/2022\/11\/eaa8bc78-fca0-4d21-bbfa-5be44eee2168-200x150.jpg 200w, https:\/\/agora.xtec.cat\/ceipsantllorenc\/wp-content\/uploads\/usu520\/2022\/11\/eaa8bc78-fca0-4d21-bbfa-5be44eee2168.jpg 1600w\" sizes=\"auto, (max-width: 300px) 100vw, 300px\" \/><\/p>\n","protected":false},"excerpt":{"rendered":"<p>Aquest any des de l&#8217;escola, juntament amb les reunions d&#8217;inici de curs, hem fet uns tallers pedag\u00f2gics per a les fam\u00edlies. El primer taller va ser sobre l&#8217;avaluaci\u00f3 i tenia per objectiu compartir la manera com entenem l&#8217;avaluaci\u00f3 des de l&#8217;escola i fer-ne part\u00edcips a les fam\u00edlies. El segon taller pedag\u00f2gic va ser sobre els [&hellip;]<\/p>\n","protected":false},"author":3,"featured_media":4865,"comment_status":"open","ping_status":"closed","sticky":false,"template":"","format":"standard","meta":{"_bbp_topic_count":0,"_bbp_reply_count":0,"_bbp_total_topic_count":0,"_bbp_total_reply_count":0,"_bbp_voice_count":0,"_bbp_anonymous_reply_count":0,"_bbp_topic_count_hidden":0,"_bbp_reply_count_hidden":0,"_bbp_forum_subforum_count":0,"site-sidebar-layout":"default","site-content-layout":"","ast-site-content-layout":"","site-content-style":"default","site-sidebar-style":"default","ast-global-header-display":"","ast-banner-title-visibility":"","ast-main-header-display":"","ast-hfb-above-header-display":"","ast-hfb-below-header-display":"","ast-hfb-mobile-header-display":"","site-post-title":"","ast-breadcrumbs-content":"","ast-featured-img":"","footer-sml-layout":"","theme-transparent-header-meta":"","adv-header-id-meta":"","stick-header-meta":"","header-above-stick-meta":"","header-main-stick-meta":"","header-below-stick-meta":"","astra-migrate-meta-layouts":"default","ast-page-background-enabled":"default","ast-page-background-meta":{"desktop":{"background-color":"var(--ast-global-color-4)","background-image":"","background-repeat":"repeat","background-position":"center center","background-size":"auto","background-attachment":"scroll","background-type":"","background-media":"","overlay-type":"","overlay-color":"","overlay-opacity":"","overlay-gradient":""},"tablet":{"background-color":"","background-image":"","background-repeat":"repeat","background-position":"center center","background-size":"auto","background-attachment":"scroll","background-type":"","background-media":"","overlay-type":"","overlay-color":"","overlay-opacity":"","overlay-gradient":""},"mobile":{"background-color":"","background-image":"","background-repeat":"repeat","background-position":"center center","background-size":"auto","background-attachment":"scroll","background-type":"","background-media":"","overlay-type":"","overlay-color":"","overlay-opacity":"","overlay-gradient":""}},"ast-content-background-meta":{"desktop":{"background-color":"var(--ast-global-color-5)","background-image":"","background-repeat":"repeat","background-position":"center center","background-size":"auto","background-attachment":"scroll","background-type":"","background-media":"","overlay-type":"","overlay-color":"","overlay-opacity":"","overlay-gradient":""},"tablet":{"background-color":"var(--ast-global-color-5)","background-image":"","background-repeat":"repeat","background-position":"center center","background-size":"auto","background-attachment":"scroll","background-type":"","background-media":"","overlay-type":"","overlay-color":"","overlay-opacity":"","overlay-gradient":""},"mobile":{"background-color":"var(--ast-global-color-5)","background-image":"","background-repeat":"repeat","background-position":"center center","background-size":"auto","background-attachment":"scroll","background-type":"","background-media":"","overlay-type":"","overlay-color":"","overlay-opacity":"","overlay-gradient":""}},"footnotes":""},"categories":[21,1],"tags":[],"class_list":["post-4863","post","type-post","status-publish","format-standard","has-post-thumbnail","hentry","category-blocs","category-general"],"post_mailing_queue_ids":[],"_links":{"self":[{"href":"https:\/\/agora.xtec.cat\/ceipsantllorenc\/wp-json\/wp\/v2\/posts\/4863","targetHints":{"allow":["GET"]}}],"collection":[{"href":"https:\/\/agora.xtec.cat\/ceipsantllorenc\/wp-json\/wp\/v2\/posts"}],"about":[{"href":"https:\/\/agora.xtec.cat\/ceipsantllorenc\/wp-json\/wp\/v2\/types\/post"}],"author":[{"embeddable":true,"href":"https:\/\/agora.xtec.cat\/ceipsantllorenc\/wp-json\/wp\/v2\/users\/3"}],"replies":[{"embeddable":true,"href":"https:\/\/agora.xtec.cat\/ceipsantllorenc\/wp-json\/wp\/v2\/comments?post=4863"}],"version-history":[{"count":2,"href":"https:\/\/agora.xtec.cat\/ceipsantllorenc\/wp-json\/wp\/v2\/posts\/4863\/revisions"}],"predecessor-version":[{"id":4876,"href":"https:\/\/agora.xtec.cat\/ceipsantllorenc\/wp-json\/wp\/v2\/posts\/4863\/revisions\/4876"}],"wp:featuredmedia":[{"embeddable":true,"href":"https:\/\/agora.xtec.cat\/ceipsantllorenc\/wp-json\/wp\/v2\/media\/4865"}],"wp:attachment":[{"href":"https:\/\/agora.xtec.cat\/ceipsantllorenc\/wp-json\/wp\/v2\/media?parent=4863"}],"wp:term":[{"taxonomy":"category","embeddable":true,"href":"https:\/\/agora.xtec.cat\/ceipsantllorenc\/wp-json\/wp\/v2\/categories?post=4863"},{"taxonomy":"post_tag","embeddable":true,"href":"https:\/\/agora.xtec.cat\/ceipsantllorenc\/wp-json\/wp\/v2\/tags?post=4863"}],"curies":[{"name":"wp","href":"https:\/\/api.w.org\/{rel}","templated":true}]}}