{"id":933,"date":"2018-12-21T12:23:34","date_gmt":"2018-12-21T11:23:34","guid":{"rendered":"http:\/\/agora.xtec.cat\/ceipsantjust\/?p=933"},"modified":"2023-02-02T08:54:58","modified_gmt":"2023-02-02T07:54:58","slug":"concert-de-nadal-2018-torn-tarda","status":"publish","type":"post","link":"https:\/\/agora.xtec.cat\/ceipsantjust\/general\/concert-de-nadal-2018-torn-tarda\/","title":{"rendered":"Concert de Nadal 2018 \u2013 Torn tarda"},"content":{"rendered":"<p>Estimades fam\u00edlies, aqu\u00ed teniu els v\u00eddeos de les nadales que els alumnes van cantar a la tarda. Esperem que us agradin. Els v\u00eddeos els trobareu per ordre d&#8217;actuaci\u00f3.<\/p>\n<p>Bon Nadal!<\/p>\n<p><span style=\"text-decoration: underline;\"><strong>4tA<\/strong><\/span><\/p>\n<div class=\"ast-oembed-container \" style=\"height: 100%;\"><iframe loading=\"lazy\" title=\"CONCERT DE NADAL 18 SANT JUST 4t A les joguines oblidades\" width=\"500\" height=\"281\" src=\"https:\/\/www.youtube.com\/embed\/ypN1VdED9Vw?feature=oembed\" frameborder=\"0\" allow=\"accelerometer; autoplay; clipboard-write; encrypted-media; gyroscope; picture-in-picture; web-share\" referrerpolicy=\"strict-origin-when-cross-origin\" allowfullscreen><\/iframe><\/div>\n<div class=\"ast-oembed-container \" style=\"height: 100%;\"><iframe loading=\"lazy\" title=\"Concert Nadal 2018 - 4tA - Jingle Bell Rock\" width=\"500\" height=\"281\" src=\"https:\/\/www.youtube.com\/embed\/KZGDkxzRTGA?feature=oembed\" frameborder=\"0\" allow=\"accelerometer; autoplay; clipboard-write; encrypted-media; gyroscope; picture-in-picture; web-share\" referrerpolicy=\"strict-origin-when-cross-origin\" allowfullscreen><\/iframe><\/div>\n<div class=\"ast-oembed-container \" style=\"height: 100%;\"><iframe loading=\"lazy\" title=\"CONCERT DE NADAL 2018 SANT JUST 4t A star wars flauta\" width=\"500\" height=\"281\" src=\"https:\/\/www.youtube.com\/embed\/pdVvLT4D6rM?feature=oembed\" frameborder=\"0\" allow=\"accelerometer; autoplay; clipboard-write; encrypted-media; gyroscope; picture-in-picture; web-share\" referrerpolicy=\"strict-origin-when-cross-origin\" allowfullscreen><\/iframe><\/div>\n<p><span style=\"text-decoration: underline;\"><strong>6\u00e8A<\/strong><\/span><\/p>\n<div class=\"ast-oembed-container \" style=\"height: 100%;\"><iframe loading=\"lazy\" title=\"CONCERT DE NADAL ESCOLA SANT JUST 2018 6\u00e8 A shine bright like a diamonds\" width=\"500\" height=\"281\" src=\"https:\/\/www.youtube.com\/embed\/QOriRsVWwo0?feature=oembed\" frameborder=\"0\" allow=\"accelerometer; autoplay; clipboard-write; encrypted-media; gyroscope; picture-in-picture; web-share\" referrerpolicy=\"strict-origin-when-cross-origin\" allowfullscreen><\/iframe><\/div>\n<div class=\"ast-oembed-container \" style=\"height: 100%;\"><iframe loading=\"lazy\" title=\"CONCERT DE NADAL 2018 ESCOLA SANY JUST 6\u00e8 A un Nadal per reflexionar\" width=\"500\" height=\"281\" src=\"https:\/\/www.youtube.com\/embed\/yN1ryeUuQ-s?feature=oembed\" frameborder=\"0\" allow=\"accelerometer; autoplay; clipboard-write; encrypted-media; gyroscope; picture-in-picture; web-share\" referrerpolicy=\"strict-origin-when-cross-origin\" allowfullscreen><\/iframe><\/div>\n<div class=\"ast-oembed-container \" style=\"height: 100%;\"><iframe loading=\"lazy\" title=\"cONCERT DE NADAL 2018 ESCOLA SANT JUST 6\u00e8 A touch the magic atmosphere\" width=\"500\" height=\"281\" src=\"https:\/\/www.youtube.com\/embed\/uDNtb1VtXaw?feature=oembed\" frameborder=\"0\" allow=\"accelerometer; autoplay; clipboard-write; encrypted-media; gyroscope; picture-in-picture; web-share\" referrerpolicy=\"strict-origin-when-cross-origin\" allowfullscreen><\/iframe><\/div>\n<div class=\"ast-oembed-container \" style=\"height: 100%;\"><iframe loading=\"lazy\" title=\"Concert Nadal 2018 - 6\u00e8A - Last Christmas\" width=\"500\" height=\"281\" src=\"https:\/\/www.youtube.com\/embed\/fsOymepn8HY?feature=oembed\" frameborder=\"0\" allow=\"accelerometer; autoplay; clipboard-write; encrypted-media; gyroscope; picture-in-picture; web-share\" referrerpolicy=\"strict-origin-when-cross-origin\" allowfullscreen><\/iframe><\/div>\n<p><span style=\"text-decoration: underline;\"><strong>3rA<\/strong><\/span><\/p>\n<div class=\"ast-oembed-container \" style=\"height: 100%;\"><iframe loading=\"lazy\" title=\"CONCERT DE NADAL 2018 ESCOLA SANT JUST 3r A himne de l&#039;alegria\" width=\"500\" height=\"281\" src=\"https:\/\/www.youtube.com\/embed\/ty8PH3vLDH4?feature=oembed\" frameborder=\"0\" allow=\"accelerometer; autoplay; clipboard-write; encrypted-media; gyroscope; picture-in-picture; web-share\" referrerpolicy=\"strict-origin-when-cross-origin\" allowfullscreen><\/iframe><\/div>\n<div class=\"ast-oembed-container \" style=\"height: 100%;\"><iframe loading=\"lazy\" title=\"CONCERT DE NADAL 2018 ESCOLA SANT JUST 3r A ara ve Nadal\" width=\"500\" height=\"281\" src=\"https:\/\/www.youtube.com\/embed\/iB6prr_Odh4?feature=oembed\" frameborder=\"0\" allow=\"accelerometer; autoplay; clipboard-write; encrypted-media; gyroscope; picture-in-picture; web-share\" referrerpolicy=\"strict-origin-when-cross-origin\" allowfullscreen><\/iframe><\/div>\n<div class=\"ast-oembed-container \" style=\"height: 100%;\"><iframe loading=\"lazy\" title=\"CONCERT DE NADAL 2018 ESCOLA SANT JUST 3rA Que aquest any Nadal ens ompli el cor d&#039;alegria\" width=\"500\" height=\"281\" src=\"https:\/\/www.youtube.com\/embed\/941Mo1gNNps?feature=oembed\" frameborder=\"0\" allow=\"accelerometer; autoplay; clipboard-write; encrypted-media; gyroscope; picture-in-picture; web-share\" referrerpolicy=\"strict-origin-when-cross-origin\" allowfullscreen><\/iframe><\/div>\n<div class=\"ast-oembed-container \" style=\"height: 100%;\"><iframe loading=\"lazy\" title=\"Concert Nadal 2018 - 3rA - Santa Claus is coming to town\" width=\"500\" height=\"281\" src=\"https:\/\/www.youtube.com\/embed\/TqtaPSEfm9U?feature=oembed\" frameborder=\"0\" allow=\"accelerometer; autoplay; clipboard-write; encrypted-media; gyroscope; picture-in-picture; web-share\" referrerpolicy=\"strict-origin-when-cross-origin\" allowfullscreen><\/iframe><\/div>\n<p><span style=\"text-decoration: underline;\"><strong>5\u00e8A<\/strong><\/span><\/p>\n<div class=\"ast-oembed-container \" style=\"height: 100%;\"><iframe loading=\"lazy\" title=\"CONCERT DE NADAL 2018 ESCOLA SANT JUST 5\u00e8 A La magia del Nadal\" width=\"500\" height=\"281\" src=\"https:\/\/www.youtube.com\/embed\/tmXs4YH-YIE?feature=oembed\" frameborder=\"0\" allow=\"accelerometer; autoplay; clipboard-write; encrypted-media; gyroscope; picture-in-picture; web-share\" referrerpolicy=\"strict-origin-when-cross-origin\" allowfullscreen><\/iframe><\/div>\n<div class=\"ast-oembed-container \" style=\"height: 100%;\"><iframe loading=\"lazy\" title=\"CONCERT DE NADAL 2018  ESCOLA SANT JUST 5\u00e8 A truca el Nadal\" width=\"500\" height=\"281\" src=\"https:\/\/www.youtube.com\/embed\/_zNKjuFS0NQ?feature=oembed\" frameborder=\"0\" allow=\"accelerometer; autoplay; clipboard-write; encrypted-media; gyroscope; picture-in-picture; web-share\" referrerpolicy=\"strict-origin-when-cross-origin\" allowfullscreen><\/iframe><\/div>\n<div class=\"ast-oembed-container \" style=\"height: 100%;\"><iframe loading=\"lazy\" title=\"Concert Nadal 2018 - 5\u00e8A - Rockin&#039; around the Christmas tree\" width=\"500\" height=\"281\" src=\"https:\/\/www.youtube.com\/embed\/mI_Uq2zZeXY?feature=oembed\" frameborder=\"0\" allow=\"accelerometer; autoplay; clipboard-write; encrypted-media; gyroscope; picture-in-picture; web-share\" referrerpolicy=\"strict-origin-when-cross-origin\" allowfullscreen><\/iframe><\/div>\n<p><span style=\"text-decoration: underline;\"><strong>P5A<\/strong><\/span><\/p>\n<div class=\"ast-oembed-container \" style=\"height: 100%;\"><iframe loading=\"lazy\" title=\"Concert Nadal 2018 - P5A - L&#039;escola \u00e9s tancada (poema)\" width=\"500\" height=\"281\" src=\"https:\/\/www.youtube.com\/embed\/eJpHNuuhlSg?feature=oembed\" frameborder=\"0\" allow=\"accelerometer; autoplay; clipboard-write; encrypted-media; gyroscope; picture-in-picture; web-share\" referrerpolicy=\"strict-origin-when-cross-origin\" allowfullscreen><\/iframe><\/div>\n<div class=\"ast-oembed-container \" style=\"height: 100%;\"><iframe loading=\"lazy\" title=\"Concert Nadal 2018 - P5A - Nadal de colors\" width=\"500\" height=\"281\" src=\"https:\/\/www.youtube.com\/embed\/2D0MeS5fNE4?feature=oembed\" frameborder=\"0\" allow=\"accelerometer; autoplay; clipboard-write; encrypted-media; gyroscope; picture-in-picture; web-share\" referrerpolicy=\"strict-origin-when-cross-origin\" allowfullscreen><\/iframe><\/div>\n<p><span style=\"text-decoration: underline;\"><strong>P3A<\/strong><\/span><\/p>\n<div class=\"ast-oembed-container \" style=\"height: 100%;\"><iframe loading=\"lazy\" title=\"Concert Nadal 2018 - P3A -Com alegre campaneta (poema)\" width=\"500\" height=\"281\" src=\"https:\/\/www.youtube.com\/embed\/Xv8_NzS52Wg?feature=oembed\" frameborder=\"0\" allow=\"accelerometer; autoplay; clipboard-write; encrypted-media; gyroscope; picture-in-picture; web-share\" referrerpolicy=\"strict-origin-when-cross-origin\" allowfullscreen><\/iframe><\/div>\n<div class=\"ast-oembed-container \" style=\"height: 100%;\"><iframe loading=\"lazy\" title=\"Concert Nadal 2018 - P3A -El rellotge de Nadal\" width=\"500\" height=\"281\" src=\"https:\/\/www.youtube.com\/embed\/hB_co88I1ds?feature=oembed\" frameborder=\"0\" allow=\"accelerometer; autoplay; clipboard-write; encrypted-media; gyroscope; picture-in-picture; web-share\" referrerpolicy=\"strict-origin-when-cross-origin\" allowfullscreen><\/iframe><\/div>\n<p><span style=\"text-decoration: underline;\"><strong>P4A<\/strong><\/span><\/p>\n<div class=\"ast-oembed-container \" style=\"height: 100%;\"><iframe loading=\"lazy\" title=\"Concert Nadal 2018 - P4A El sol brilla (poema)\" width=\"500\" height=\"281\" src=\"https:\/\/www.youtube.com\/embed\/K6yH2z1u0nI?feature=oembed\" frameborder=\"0\" allow=\"accelerometer; autoplay; clipboard-write; encrypted-media; gyroscope; picture-in-picture; web-share\" referrerpolicy=\"strict-origin-when-cross-origin\" allowfullscreen><\/iframe><\/div>\n<div class=\"ast-oembed-container \" style=\"height: 100%;\"><iframe loading=\"lazy\" title=\"Concert Nadal 2018 - P4A - El trineu\" width=\"500\" height=\"281\" src=\"https:\/\/www.youtube.com\/embed\/AL-oHFJ196g?feature=oembed\" frameborder=\"0\" allow=\"accelerometer; autoplay; clipboard-write; encrypted-media; gyroscope; picture-in-picture; web-share\" referrerpolicy=\"strict-origin-when-cross-origin\" allowfullscreen><\/iframe><\/div>\n<p><strong><span style=\"text-decoration: underline;\">1rA<\/span><\/strong><\/p>\n<div class=\"ast-oembed-container \" style=\"height: 100%;\"><iframe loading=\"lazy\" title=\"CONCERT DE NADAL 2018 ESCOLA SANT JUST 1r A El pessebre\" width=\"500\" height=\"281\" src=\"https:\/\/www.youtube.com\/embed\/5GmfYylJ0FI?feature=oembed\" frameborder=\"0\" allow=\"accelerometer; autoplay; clipboard-write; encrypted-media; gyroscope; picture-in-picture; web-share\" referrerpolicy=\"strict-origin-when-cross-origin\" allowfullscreen><\/iframe><\/div>\n<div class=\"ast-oembed-container \" style=\"height: 100%;\"><iframe loading=\"lazy\" title=\"CONCERT DE NADAL 2018 ESCOLA SANT JUST 1r A El Nadal ens emociona\" width=\"500\" height=\"281\" src=\"https:\/\/www.youtube.com\/embed\/6cDvZ0l9uhc?feature=oembed\" frameborder=\"0\" allow=\"accelerometer; autoplay; clipboard-write; encrypted-media; gyroscope; picture-in-picture; web-share\" referrerpolicy=\"strict-origin-when-cross-origin\" allowfullscreen><\/iframe><\/div>\n<div class=\"ast-oembed-container \" style=\"height: 100%;\"><iframe loading=\"lazy\" title=\"Concert Nadal 2018 - 1rA - The Santa Claus Rock\" width=\"500\" height=\"281\" src=\"https:\/\/www.youtube.com\/embed\/oH-xtcBrXrQ?feature=oembed\" frameborder=\"0\" allow=\"accelerometer; autoplay; clipboard-write; encrypted-media; gyroscope; picture-in-picture; web-share\" referrerpolicy=\"strict-origin-when-cross-origin\" allowfullscreen><\/iframe><\/div>\n<p><span style=\"text-decoration: underline;\"><strong>2nA<\/strong><\/span><\/p>\n<div class=\"ast-oembed-container \" style=\"height: 100%;\"><iframe loading=\"lazy\" title=\"CONCERT DE NADAL 2018 ESCOLA SANT JUST 2n A Si Nadal fos a l&#039;estiu\" width=\"500\" height=\"281\" src=\"https:\/\/www.youtube.com\/embed\/_Ei_ZBRldDc?feature=oembed\" frameborder=\"0\" allow=\"accelerometer; autoplay; clipboard-write; encrypted-media; gyroscope; picture-in-picture; web-share\" referrerpolicy=\"strict-origin-when-cross-origin\" allowfullscreen><\/iframe><\/div>\n<div class=\"ast-oembed-container \" style=\"height: 100%;\"><iframe loading=\"lazy\" title=\"CONCERT DE NADAL 2018  ESCOLA SANT JUST 2n A Quan arriba el Nadal\" width=\"500\" height=\"281\" src=\"https:\/\/www.youtube.com\/embed\/GMKsteG0qBU?feature=oembed\" frameborder=\"0\" allow=\"accelerometer; autoplay; clipboard-write; encrypted-media; gyroscope; picture-in-picture; web-share\" referrerpolicy=\"strict-origin-when-cross-origin\" allowfullscreen><\/iframe><\/div>\n<div class=\"ast-oembed-container \" style=\"height: 100%;\"><iframe loading=\"lazy\" title=\"Concert Nadal - 2nA - Up on the house top\" width=\"500\" height=\"281\" src=\"https:\/\/www.youtube.com\/embed\/3P-oMsYODuY?feature=oembed\" frameborder=\"0\" allow=\"accelerometer; autoplay; clipboard-write; encrypted-media; gyroscope; picture-in-picture; web-share\" referrerpolicy=\"strict-origin-when-cross-origin\" allowfullscreen><\/iframe><\/div>\n","protected":false},"excerpt":{"rendered":"<p>Estimades fam\u00edlies, aqu\u00ed teniu els v\u00eddeos de les nadales que els alumnes van cantar a la tarda. Esperem que us agradin. Els v\u00eddeos els trobareu per ordre d&#8217;actuaci\u00f3. Bon Nadal! 4tA 6\u00e8A 3rA 5\u00e8A P5A P3A P4A 1rA 2nA<\/p>\n","protected":false},"author":1,"featured_media":934,"comment_status":"closed","ping_status":"closed","sticky":false,"template":"","format":"standard","meta":{"_bbp_topic_count":0,"_bbp_reply_count":0,"_bbp_total_topic_count":0,"_bbp_total_reply_count":0,"_bbp_voice_count":0,"_bbp_anonymous_reply_count":0,"_bbp_topic_count_hidden":0,"_bbp_reply_count_hidden":0,"_bbp_forum_subforum_count":0,"site-sidebar-layout":"default","site-content-layout":"","ast-site-content-layout":"","site-content-style":"default","site-sidebar-style":"default","ast-global-header-display":"","ast-banner-title-visibility":"","ast-main-header-display":"","ast-hfb-above-header-display":"","ast-hfb-below-header-display":"","ast-hfb-mobile-header-display":"","site-post-title":"","ast-breadcrumbs-content":"","ast-featured-img":"","footer-sml-layout":"","theme-transparent-header-meta":"","adv-header-id-meta":"","stick-header-meta":"","header-above-stick-meta":"","header-main-stick-meta":"","header-below-stick-meta":"","astra-migrate-meta-layouts":"default","ast-page-background-enabled":"default","ast-page-background-meta":{"desktop":{"background-color":"var(--ast-global-color-4)","background-image":"","background-repeat":"repeat","background-position":"center center","background-size":"auto","background-attachment":"scroll","background-type":"","background-media":"","overlay-type":"","overlay-color":"","overlay-opacity":"","overlay-gradient":""},"tablet":{"background-color":"","background-image":"","background-repeat":"repeat","background-position":"center center","background-size":"auto","background-attachment":"scroll","background-type":"","background-media":"","overlay-type":"","overlay-color":"","overlay-opacity":"","overlay-gradient":""},"mobile":{"background-color":"","background-image":"","background-repeat":"repeat","background-position":"center center","background-size":"auto","background-attachment":"scroll","background-type":"","background-media":"","overlay-type":"","overlay-color":"","overlay-opacity":"","overlay-gradient":""}},"ast-content-background-meta":{"desktop":{"background-color":"var(--ast-global-color-5)","background-image":"","background-repeat":"repeat","background-position":"center center","background-size":"auto","background-attachment":"scroll","background-type":"","background-media":"","overlay-type":"","overlay-color":"","overlay-opacity":"","overlay-gradient":""},"tablet":{"background-color":"var(--ast-global-color-5)","background-image":"","background-repeat":"repeat","background-position":"center center","background-size":"auto","background-attachment":"scroll","background-type":"","background-media":"","overlay-type":"","overlay-color":"","overlay-opacity":"","overlay-gradient":""},"mobile":{"background-color":"var(--ast-global-color-5)","background-image":"","background-repeat":"repeat","background-position":"center center","background-size":"auto","background-attachment":"scroll","background-type":"","background-media":"","overlay-type":"","overlay-color":"","overlay-opacity":"","overlay-gradient":""}},"footnotes":""},"categories":[1,4],"tags":[],"class_list":["post-933","post","type-post","status-publish","format-standard","has-post-thumbnail","hentry","category-general","category-portada"],"post_mailing_queue_ids":[],"_links":{"self":[{"href":"https:\/\/agora.xtec.cat\/ceipsantjust\/wp-json\/wp\/v2\/posts\/933","targetHints":{"allow":["GET"]}}],"collection":[{"href":"https:\/\/agora.xtec.cat\/ceipsantjust\/wp-json\/wp\/v2\/posts"}],"about":[{"href":"https:\/\/agora.xtec.cat\/ceipsantjust\/wp-json\/wp\/v2\/types\/post"}],"author":[{"embeddable":true,"href":"https:\/\/agora.xtec.cat\/ceipsantjust\/wp-json\/wp\/v2\/users\/1"}],"replies":[{"embeddable":true,"href":"https:\/\/agora.xtec.cat\/ceipsantjust\/wp-json\/wp\/v2\/comments?post=933"}],"version-history":[{"count":1,"href":"https:\/\/agora.xtec.cat\/ceipsantjust\/wp-json\/wp\/v2\/posts\/933\/revisions"}],"predecessor-version":[{"id":935,"href":"https:\/\/agora.xtec.cat\/ceipsantjust\/wp-json\/wp\/v2\/posts\/933\/revisions\/935"}],"wp:featuredmedia":[{"embeddable":true,"href":"https:\/\/agora.xtec.cat\/ceipsantjust\/wp-json\/wp\/v2\/media\/934"}],"wp:attachment":[{"href":"https:\/\/agora.xtec.cat\/ceipsantjust\/wp-json\/wp\/v2\/media?parent=933"}],"wp:term":[{"taxonomy":"category","embeddable":true,"href":"https:\/\/agora.xtec.cat\/ceipsantjust\/wp-json\/wp\/v2\/categories?post=933"},{"taxonomy":"post_tag","embeddable":true,"href":"https:\/\/agora.xtec.cat\/ceipsantjust\/wp-json\/wp\/v2\/tags?post=933"}],"curies":[{"name":"wp","href":"https:\/\/api.w.org\/{rel}","templated":true}]}}