{"id":3151,"date":"2026-04-28T14:18:41","date_gmt":"2026-04-28T12:18:41","guid":{"rendered":"https:\/\/agora.xtec.cat\/ceipsantjust\/?p=3151"},"modified":"2026-04-28T14:18:41","modified_gmt":"2026-04-28T12:18:41","slug":"a-2n-do-re-mi-al-jardi","status":"publish","type":"post","link":"https:\/\/agora.xtec.cat\/ceipsantjust\/portada\/a-2n-do-re-mi-al-jardi\/","title":{"rendered":"A 2n &#8220;Do, re, mi, al jard\u00ed! &#8220;"},"content":{"rendered":"<p><span style=\"font-weight: 400\">Amb les nenes i els nens de 2n hem treballat la can\u00e7\u00f3 <\/span><i><span style=\"font-weight: 400\">Do, re, mi, al jard\u00ed<\/span><\/i><span style=\"font-weight: 400\"> del pedagog Edgar Willems. \u00c9s una pe\u00e7a que ens ha agradat molt i que ens ha perm\u00e8s explorar la fonom\u00edmia: hem cantat cada nota de la melodia associant-la a un gest diferent.<\/span><\/p>\n<p><span style=\"font-weight: 400\">Despr\u00e9s, hem interpretat la melodia amb els instruments de placa Orff i les campanes de colors. Per fer-ho, ha estat important estar molt atents a les entrades marcades pel piano.<\/span><\/p>\n<p><span style=\"font-weight: 400\">Una altra activitat que ens ha entusiasmat ha estat el treball del ritme a trav\u00e9s dels timbres corporals i instruments de petita percussi\u00f3. Tamb\u00e9 hem fet un joc en rotllana que consistia a passar un instrument de colors al company o companya de la dreta cada dos compassos.<\/span><\/p>\n<p><span style=\"font-weight: 400\">Actualment, estem fent petites improvisacions i creacions de ritmes a partir de les figures r\u00edtmiques d\u2019aquesta can\u00e7\u00f3 i d\u2019altres que ja coneixem.<\/span><\/p>\n<p><a href=\"https:\/\/agora.xtec.cat\/ceipsantjust\/wp-content\/uploads\/usu1862\/2026\/04\/1777378404835.jpg\"><img loading=\"lazy\" decoding=\"async\" class=\"alignnone size-large wp-image-3152\" src=\"https:\/\/agora.xtec.cat\/ceipsantjust\/wp-content\/uploads\/usu1862\/2026\/04\/1777378404835-1024x576.jpg\" alt=\"\" width=\"1024\" height=\"576\" srcset=\"https:\/\/agora.xtec.cat\/ceipsantjust\/wp-content\/uploads\/usu1862\/2026\/04\/1777378404835-1024x576.jpg 1024w, https:\/\/agora.xtec.cat\/ceipsantjust\/wp-content\/uploads\/usu1862\/2026\/04\/1777378404835-300x169.jpg 300w, https:\/\/agora.xtec.cat\/ceipsantjust\/wp-content\/uploads\/usu1862\/2026\/04\/1777378404835-768x432.jpg 768w, https:\/\/agora.xtec.cat\/ceipsantjust\/wp-content\/uploads\/usu1862\/2026\/04\/1777378404835-1536x864.jpg 1536w, https:\/\/agora.xtec.cat\/ceipsantjust\/wp-content\/uploads\/usu1862\/2026\/04\/1777378404835.jpg 1920w\" sizes=\"auto, (max-width: 1024px) 100vw, 1024px\" \/><\/a><\/p>\n","protected":false},"excerpt":{"rendered":"<p>A 2n hem aplicat totes les notes musicals en el cant i el conjunt instrumental. <\/p>\n","protected":false},"author":19,"featured_media":3152,"comment_status":"closed","ping_status":"open","sticky":false,"template":"","format":"standard","meta":{"_bbp_topic_count":0,"_bbp_reply_count":0,"_bbp_total_topic_count":0,"_bbp_total_reply_count":0,"_bbp_voice_count":0,"_bbp_anonymous_reply_count":0,"_bbp_topic_count_hidden":0,"_bbp_reply_count_hidden":0,"_bbp_forum_subforum_count":0,"site-sidebar-layout":"default","site-content-layout":"","ast-site-content-layout":"default","site-content-style":"default","site-sidebar-style":"default","ast-global-header-display":"","ast-banner-title-visibility":"","ast-main-header-display":"","ast-hfb-above-header-display":"","ast-hfb-below-header-display":"","ast-hfb-mobile-header-display":"","site-post-title":"","ast-breadcrumbs-content":"","ast-featured-img":"","footer-sml-layout":"","theme-transparent-header-meta":"default","adv-header-id-meta":"","stick-header-meta":"","header-above-stick-meta":"","header-main-stick-meta":"","header-below-stick-meta":"","astra-migrate-meta-layouts":"set","ast-page-background-enabled":"default","ast-page-background-meta":{"desktop":{"background-color":"var(--ast-global-color-4)","background-image":"","background-repeat":"repeat","background-position":"center center","background-size":"auto","background-attachment":"scroll","background-type":"","background-media":"","overlay-type":"","overlay-color":"","overlay-opacity":"","overlay-gradient":""},"tablet":{"background-color":"","background-image":"","background-repeat":"repeat","background-position":"center center","background-size":"auto","background-attachment":"scroll","background-type":"","background-media":"","overlay-type":"","overlay-color":"","overlay-opacity":"","overlay-gradient":""},"mobile":{"background-color":"","background-image":"","background-repeat":"repeat","background-position":"center center","background-size":"auto","background-attachment":"scroll","background-type":"","background-media":"","overlay-type":"","overlay-color":"","overlay-opacity":"","overlay-gradient":""}},"ast-content-background-meta":{"desktop":{"background-color":"var(--ast-global-color-5)","background-image":"","background-repeat":"repeat","background-position":"center center","background-size":"auto","background-attachment":"scroll","background-type":"","background-media":"","overlay-type":"","overlay-color":"","overlay-opacity":"","overlay-gradient":""},"tablet":{"background-color":"var(--ast-global-color-5)","background-image":"","background-repeat":"repeat","background-position":"center center","background-size":"auto","background-attachment":"scroll","background-type":"","background-media":"","overlay-type":"","overlay-color":"","overlay-opacity":"","overlay-gradient":""},"mobile":{"background-color":"var(--ast-global-color-5)","background-image":"","background-repeat":"repeat","background-position":"center center","background-size":"auto","background-attachment":"scroll","background-type":"","background-media":"","overlay-type":"","overlay-color":"","overlay-opacity":"","overlay-gradient":""}},"footnotes":""},"categories":[62,113,131,4],"tags":[],"class_list":["post-3151","post","type-post","status-publish","format-standard","has-post-thumbnail","hentry","category-bloc-de-musica","category-musica","category-musica-blocs-de-l-escola","category-portada"],"post_mailing_queue_ids":[],"_links":{"self":[{"href":"https:\/\/agora.xtec.cat\/ceipsantjust\/wp-json\/wp\/v2\/posts\/3151","targetHints":{"allow":["GET"]}}],"collection":[{"href":"https:\/\/agora.xtec.cat\/ceipsantjust\/wp-json\/wp\/v2\/posts"}],"about":[{"href":"https:\/\/agora.xtec.cat\/ceipsantjust\/wp-json\/wp\/v2\/types\/post"}],"author":[{"embeddable":true,"href":"https:\/\/agora.xtec.cat\/ceipsantjust\/wp-json\/wp\/v2\/users\/19"}],"replies":[{"embeddable":true,"href":"https:\/\/agora.xtec.cat\/ceipsantjust\/wp-json\/wp\/v2\/comments?post=3151"}],"version-history":[{"count":1,"href":"https:\/\/agora.xtec.cat\/ceipsantjust\/wp-json\/wp\/v2\/posts\/3151\/revisions"}],"predecessor-version":[{"id":3153,"href":"https:\/\/agora.xtec.cat\/ceipsantjust\/wp-json\/wp\/v2\/posts\/3151\/revisions\/3153"}],"wp:featuredmedia":[{"embeddable":true,"href":"https:\/\/agora.xtec.cat\/ceipsantjust\/wp-json\/wp\/v2\/media\/3152"}],"wp:attachment":[{"href":"https:\/\/agora.xtec.cat\/ceipsantjust\/wp-json\/wp\/v2\/media?parent=3151"}],"wp:term":[{"taxonomy":"category","embeddable":true,"href":"https:\/\/agora.xtec.cat\/ceipsantjust\/wp-json\/wp\/v2\/categories?post=3151"},{"taxonomy":"post_tag","embeddable":true,"href":"https:\/\/agora.xtec.cat\/ceipsantjust\/wp-json\/wp\/v2\/tags?post=3151"}],"curies":[{"name":"wp","href":"https:\/\/api.w.org\/{rel}","templated":true}]}}