{"id":3130,"date":"2026-04-21T11:37:14","date_gmt":"2026-04-21T09:37:14","guid":{"rendered":"https:\/\/agora.xtec.cat\/ceipsantjust\/?p=3130"},"modified":"2026-04-21T11:39:34","modified_gmt":"2026-04-21T09:39:34","slug":"la-justina-primera-alumna-gegantona-de-lescola-sant-just","status":"publish","type":"post","link":"https:\/\/agora.xtec.cat\/ceipsantjust\/portada\/la-justina-primera-alumna-gegantona-de-lescola-sant-just\/","title":{"rendered":"La Justina (primera alumna gegantona de l&#8217;escola Sant Just)"},"content":{"rendered":"<p><strong>Donem la benvinguda a La primera alumna gegantona de l\u2019Escola Sant Just, que a partir d\u2019ara formar\u00e0 part del nostre dia a dia .<\/p>\n<p>L\u2019equip directiu, els\/les mestres, i personal PAS i PAE, volem agrair aquest regal tan bonic i representatiu de la nostra cultura, que l\u2019AFA ens ha fet realitat. Es tracta d\u2019una iniciativa impulsada amb molta il\u00b7lusi\u00f3 per a tot l&#8217;alumnat. Volem fer un agra\u00efment especial a dues persones, una mare i un exalumne, que s&#8217;han implicat profundament i han dedicat molt de temps per fer possible la nostra geganta, \u201cLa Justina\u201d.<\/p>\n<p>La Justina es quedar\u00e0 a l\u2019Escola, i formar\u00e0 part de les nostres festes i acompanyar\u00e0 els infants en el seu cam\u00ed dins del projecte educatiu.<\/p>\n<p>Iniciatives com aquesta generen sentiment de pertinen\u00e7a i evidencien la implicaci\u00f3 de l&#8217;AFA a la linia d&#8217;Escola, fet que ens fa cr\u00e9ixer a tothom que participa en l&#8217;educaci\u00f3 dels\/de les nostres alumnes.<\/p>\n<p>Moltes gr\u00e0cies!<\/p>\n<p>Equip de mestres<\/strong><\/p>\n<p><a href=\"https:\/\/agora.xtec.cat\/ceipsantjust\/wp-content\/uploads\/usu1862\/2026\/04\/la-justina-2.png\"><img loading=\"lazy\" decoding=\"async\" src=\"https:\/\/agora.xtec.cat\/ceipsantjust\/wp-content\/uploads\/usu1862\/2026\/04\/la-justina-2-724x1024.png\" alt=\"\" width=\"724\" height=\"1024\" class=\"aligncenter size-large wp-image-3131\" srcset=\"https:\/\/agora.xtec.cat\/ceipsantjust\/wp-content\/uploads\/usu1862\/2026\/04\/la-justina-2-724x1024.png 724w, https:\/\/agora.xtec.cat\/ceipsantjust\/wp-content\/uploads\/usu1862\/2026\/04\/la-justina-2-212x300.png 212w, https:\/\/agora.xtec.cat\/ceipsantjust\/wp-content\/uploads\/usu1862\/2026\/04\/la-justina-2-768x1086.png 768w, https:\/\/agora.xtec.cat\/ceipsantjust\/wp-content\/uploads\/usu1862\/2026\/04\/la-justina-2-1086x1536.png 1086w, https:\/\/agora.xtec.cat\/ceipsantjust\/wp-content\/uploads\/usu1862\/2026\/04\/la-justina-2.png 1414w\" sizes=\"auto, (max-width: 724px) 100vw, 724px\" \/><\/a><\/p>\n<p><a href=\"https:\/\/agora.xtec.cat\/ceipsantjust\/wp-content\/uploads\/usu1862\/2026\/04\/la-justina-1-1.png\"><img loading=\"lazy\" decoding=\"async\" src=\"https:\/\/agora.xtec.cat\/ceipsantjust\/wp-content\/uploads\/usu1862\/2026\/04\/la-justina-1-1-724x1024.png\" alt=\"\" width=\"724\" height=\"1024\" class=\"aligncenter size-large wp-image-3132\" srcset=\"https:\/\/agora.xtec.cat\/ceipsantjust\/wp-content\/uploads\/usu1862\/2026\/04\/la-justina-1-1-724x1024.png 724w, https:\/\/agora.xtec.cat\/ceipsantjust\/wp-content\/uploads\/usu1862\/2026\/04\/la-justina-1-1-212x300.png 212w, https:\/\/agora.xtec.cat\/ceipsantjust\/wp-content\/uploads\/usu1862\/2026\/04\/la-justina-1-1-768x1086.png 768w, https:\/\/agora.xtec.cat\/ceipsantjust\/wp-content\/uploads\/usu1862\/2026\/04\/la-justina-1-1-1086x1536.png 1086w, https:\/\/agora.xtec.cat\/ceipsantjust\/wp-content\/uploads\/usu1862\/2026\/04\/la-justina-1-1.png 1414w\" sizes=\"auto, (max-width: 724px) 100vw, 724px\" \/><\/a><\/p>\n","protected":false},"excerpt":{"rendered":"<p>Donem la benvinguda a La primera alumna gegantona de l\u2019Escola Sant Just, que a partir d\u2019ara formar\u00e0 part del nostre dia a dia .L\u2019equip directiu, els\/les mestres, i personal PAS i PAE, volem agrair aquest regal tan bonic i representatiu de la nostra cultura, que l\u2019AFA ens ha fet realitat. Es tracta d\u2019una iniciativa impulsada amb molta il\u00b7lusi\u00f3 per a tot l&#8217;alumnat. Volem fer un agra\u00efment especial a dues persones, una mare i un exalumne, que s&#8217;han implicat profundament i han dedicat molt de temps per fer possible la nostra geganta, \u201cLa Justina\u201d.<\/p>\n<p>La Justina es quedar\u00e0 a l\u2019Escola, i formar\u00e0 part de les nostres festes i acompanyar\u00e0 els infants en el seu cam\u00ed dins del projecte educatiu.<\/p>\n","protected":false},"author":1,"featured_media":3131,"comment_status":"closed","ping_status":"closed","sticky":false,"template":"","format":"standard","meta":{"_bbp_topic_count":0,"_bbp_reply_count":0,"_bbp_total_topic_count":0,"_bbp_total_reply_count":0,"_bbp_voice_count":0,"_bbp_anonymous_reply_count":0,"_bbp_topic_count_hidden":0,"_bbp_reply_count_hidden":0,"_bbp_forum_subforum_count":0,"site-sidebar-layout":"default","site-content-layout":"","ast-site-content-layout":"default","site-content-style":"default","site-sidebar-style":"default","ast-global-header-display":"","ast-banner-title-visibility":"","ast-main-header-display":"","ast-hfb-above-header-display":"","ast-hfb-below-header-display":"","ast-hfb-mobile-header-display":"","site-post-title":"","ast-breadcrumbs-content":"","ast-featured-img":"","footer-sml-layout":"","theme-transparent-header-meta":"default","adv-header-id-meta":"","stick-header-meta":"","header-above-stick-meta":"","header-main-stick-meta":"","header-below-stick-meta":"","astra-migrate-meta-layouts":"set","ast-page-background-enabled":"default","ast-page-background-meta":{"desktop":{"background-color":"var(--ast-global-color-4)","background-image":"","background-repeat":"repeat","background-position":"center center","background-size":"auto","background-attachment":"scroll","background-type":"","background-media":"","overlay-type":"","overlay-color":"","overlay-opacity":"","overlay-gradient":""},"tablet":{"background-color":"","background-image":"","background-repeat":"repeat","background-position":"center center","background-size":"auto","background-attachment":"scroll","background-type":"","background-media":"","overlay-type":"","overlay-color":"","overlay-opacity":"","overlay-gradient":""},"mobile":{"background-color":"","background-image":"","background-repeat":"repeat","background-position":"center center","background-size":"auto","background-attachment":"scroll","background-type":"","background-media":"","overlay-type":"","overlay-color":"","overlay-opacity":"","overlay-gradient":""}},"ast-content-background-meta":{"desktop":{"background-color":"var(--ast-global-color-5)","background-image":"","background-repeat":"repeat","background-position":"center center","background-size":"auto","background-attachment":"scroll","background-type":"","background-media":"","overlay-type":"","overlay-color":"","overlay-opacity":"","overlay-gradient":""},"tablet":{"background-color":"var(--ast-global-color-5)","background-image":"","background-repeat":"repeat","background-position":"center center","background-size":"auto","background-attachment":"scroll","background-type":"","background-media":"","overlay-type":"","overlay-color":"","overlay-opacity":"","overlay-gradient":""},"mobile":{"background-color":"var(--ast-global-color-5)","background-image":"","background-repeat":"repeat","background-position":"center center","background-size":"auto","background-attachment":"scroll","background-type":"","background-media":"","overlay-type":"","overlay-color":"","overlay-opacity":"","overlay-gradient":""}},"footnotes":""},"categories":[4],"tags":[],"class_list":["post-3130","post","type-post","status-publish","format-standard","has-post-thumbnail","hentry","category-portada"],"post_mailing_queue_ids":[],"_links":{"self":[{"href":"https:\/\/agora.xtec.cat\/ceipsantjust\/wp-json\/wp\/v2\/posts\/3130","targetHints":{"allow":["GET"]}}],"collection":[{"href":"https:\/\/agora.xtec.cat\/ceipsantjust\/wp-json\/wp\/v2\/posts"}],"about":[{"href":"https:\/\/agora.xtec.cat\/ceipsantjust\/wp-json\/wp\/v2\/types\/post"}],"author":[{"embeddable":true,"href":"https:\/\/agora.xtec.cat\/ceipsantjust\/wp-json\/wp\/v2\/users\/1"}],"replies":[{"embeddable":true,"href":"https:\/\/agora.xtec.cat\/ceipsantjust\/wp-json\/wp\/v2\/comments?post=3130"}],"version-history":[{"count":2,"href":"https:\/\/agora.xtec.cat\/ceipsantjust\/wp-json\/wp\/v2\/posts\/3130\/revisions"}],"predecessor-version":[{"id":3134,"href":"https:\/\/agora.xtec.cat\/ceipsantjust\/wp-json\/wp\/v2\/posts\/3130\/revisions\/3134"}],"wp:featuredmedia":[{"embeddable":true,"href":"https:\/\/agora.xtec.cat\/ceipsantjust\/wp-json\/wp\/v2\/media\/3131"}],"wp:attachment":[{"href":"https:\/\/agora.xtec.cat\/ceipsantjust\/wp-json\/wp\/v2\/media?parent=3130"}],"wp:term":[{"taxonomy":"category","embeddable":true,"href":"https:\/\/agora.xtec.cat\/ceipsantjust\/wp-json\/wp\/v2\/categories?post=3130"},{"taxonomy":"post_tag","embeddable":true,"href":"https:\/\/agora.xtec.cat\/ceipsantjust\/wp-json\/wp\/v2\/tags?post=3130"}],"curies":[{"name":"wp","href":"https:\/\/api.w.org\/{rel}","templated":true}]}}