{"id":2968,"date":"2026-03-03T13:20:19","date_gmt":"2026-03-03T12:20:19","guid":{"rendered":"https:\/\/agora.xtec.cat\/ceipsantjust\/?p=2968"},"modified":"2026-04-17T19:03:46","modified_gmt":"2026-04-17T17:03:46","slug":"comencem-a-treballar-amb-lukelele","status":"publish","type":"post","link":"https:\/\/agora.xtec.cat\/ceipsantjust\/portada\/comencem-a-treballar-amb-lukelele\/","title":{"rendered":"Comencem a treballar amb l&#8217;ukelele!"},"content":{"rendered":"<div data-original-attrs=\"{&quot;style&quot;:&quot;margin-bottom: 8px; margin-left: 0px; margin-right: 0px; margin-top: 0px !important; mask: none;&quot;}\"><span data-keep-original-tag=\"false\" data-original-attrs=\"{&quot;style&quot;:&quot;&quot;,&quot;face&quot;:&quot;\\&quot;Google Sans Text\\&quot;, sans-serif&quot;}\">Aquest trimestre, l&#8217;alumnat de\u00a0<\/span><b data-original-attrs=\"{&quot;data-index-in-node&quot;:&quot;118&quot;,&quot;data-path-to-node&quot;:&quot;3&quot;,&quot;style&quot;:&quot;margin-bottom: 0px; margin-left: 0px; margin-right: 0px; margin-top: 0px !important; mask: none;&quot;}\">4t, 5\u00e8 i 6\u00e8 de Prim\u00e0ria<\/b><span data-keep-original-tag=\"false\" data-original-attrs=\"{&quot;style&quot;:&quot;&quot;,&quot;face&quot;:&quot;\\&quot;Google Sans Text\\&quot;, sans-serif&quot;}\">\u00a0ha comen\u00e7at a treballar amb un nou instrument: l&#8217;ukelele.<\/span><\/div>\n<p data-original-attrs=\"{&quot;data-path-to-node&quot;:&quot;4&quot;,&quot;style&quot;:&quot;margin-bottom: 16px; margin-left: 0px; margin-right: 0px; margin-top: 0px !important; mask: none;&quot;}\">Aquest petit instrument de quatre cordes, originari de Hawaii, \u00e9s molt vers\u00e0til i ha arribat per quedar-se. Ens permet treballar tant la melodia com els acords, amb can\u00e7ons populars i tradicionals o modernes, i treballar conjuntament la veu a la vegada que toquem instruments.<\/p>\n<p data-original-attrs=\"{&quot;data-path-to-node&quot;:&quot;9&quot;,&quot;style&quot;:&quot;margin-bottom: 16px; margin-left: 0px; margin-right: 0px; margin-top: 0px !important; mask: none;&quot;}\">Cada curs s&#8217;enfronta a reptes diferents segons el seu nivell. Comencem familiaritzant-nos amb l&#8217;instrument i treballant els primers acords, els m\u00e9s grans ja estan tocant melodies i ritmes m\u00e9s complexos i segur que acabarem amb una gran orquestra d&#8217;ukeleles!<\/p>\n<div class=\"separator\" data-original-attrs=\"{&quot;style&quot;:&quot;&quot;}\"><a href=\"https:\/\/www.blogger.com\/u\/1\/blog\/post\/edit\/8519088656205538916\/4227464040690984574#\" data-original-attrs=\"{&quot;data-original-href&quot;:&quot;https:\/\/blogger.googleusercontent.com\/img\/a\/AVvXsEiCTfodmAyjOrY3-pEgsGvmokDsw18HDpFAs_JE9OG1UZ6vpUicPsVnCfJHpZNUO0hndyS0-mMdkCsbdYy910i6yANO9cF3v_WVQVHmmVEWKoihABp6gMNBD3VeqH1GQu69UV3_B-3b_1gY2C-ZQDrFonHp6Gdq_FMPqwtHtsCHLMik4xsdgmr9UDUVUUk&quot;,&quot;style&quot;:&quot;&quot;}\"><img loading=\"lazy\" decoding=\"async\" src=\"https:\/\/blogger.googleusercontent.com\/img\/a\/AVvXsEiCTfodmAyjOrY3-pEgsGvmokDsw18HDpFAs_JE9OG1UZ6vpUicPsVnCfJHpZNUO0hndyS0-mMdkCsbdYy910i6yANO9cF3v_WVQVHmmVEWKoihABp6gMNBD3VeqH1GQu69UV3_B-3b_1gY2C-ZQDrFonHp6Gdq_FMPqwtHtsCHLMik4xsdgmr9UDUVUUk\" alt=\"\" width=\"320\" height=\"201\" data-original-height=\"445\" data-original-width=\"710\" \/><\/a><\/div>\n","protected":false},"excerpt":{"rendered":"<p>Aquest trimestre, l&#8217;alumnat de\u00a04t, 5\u00e8 i 6\u00e8 de Prim\u00e0ria\u00a0ha comen\u00e7at a treballar amb un nou instrument: l&#8217;ukelele.<\/p>\n","protected":false},"author":19,"featured_media":2969,"comment_status":"closed","ping_status":"closed","sticky":false,"template":"","format":"standard","meta":{"_bbp_topic_count":0,"_bbp_reply_count":0,"_bbp_total_topic_count":0,"_bbp_total_reply_count":0,"_bbp_voice_count":0,"_bbp_anonymous_reply_count":0,"_bbp_topic_count_hidden":0,"_bbp_reply_count_hidden":0,"_bbp_forum_subforum_count":0,"site-sidebar-layout":"default","site-content-layout":"","ast-site-content-layout":"default","site-content-style":"default","site-sidebar-style":"default","ast-global-header-display":"","ast-banner-title-visibility":"","ast-main-header-display":"","ast-hfb-above-header-display":"","ast-hfb-below-header-display":"","ast-hfb-mobile-header-display":"","site-post-title":"","ast-breadcrumbs-content":"","ast-featured-img":"","footer-sml-layout":"","theme-transparent-header-meta":"default","adv-header-id-meta":"","stick-header-meta":"","header-above-stick-meta":"","header-main-stick-meta":"","header-below-stick-meta":"","astra-migrate-meta-layouts":"set","ast-page-background-enabled":"default","ast-page-background-meta":{"desktop":{"background-color":"var(--ast-global-color-4)","background-image":"","background-repeat":"repeat","background-position":"center center","background-size":"auto","background-attachment":"scroll","background-type":"","background-media":"","overlay-type":"","overlay-color":"","overlay-opacity":"","overlay-gradient":""},"tablet":{"background-color":"","background-image":"","background-repeat":"repeat","background-position":"center center","background-size":"auto","background-attachment":"scroll","background-type":"","background-media":"","overlay-type":"","overlay-color":"","overlay-opacity":"","overlay-gradient":""},"mobile":{"background-color":"","background-image":"","background-repeat":"repeat","background-position":"center center","background-size":"auto","background-attachment":"scroll","background-type":"","background-media":"","overlay-type":"","overlay-color":"","overlay-opacity":"","overlay-gradient":""}},"ast-content-background-meta":{"desktop":{"background-color":"var(--ast-global-color-5)","background-image":"","background-repeat":"repeat","background-position":"center center","background-size":"auto","background-attachment":"scroll","background-type":"","background-media":"","overlay-type":"","overlay-color":"","overlay-opacity":"","overlay-gradient":""},"tablet":{"background-color":"var(--ast-global-color-5)","background-image":"","background-repeat":"repeat","background-position":"center center","background-size":"auto","background-attachment":"scroll","background-type":"","background-media":"","overlay-type":"","overlay-color":"","overlay-opacity":"","overlay-gradient":""},"mobile":{"background-color":"var(--ast-global-color-5)","background-image":"","background-repeat":"repeat","background-position":"center center","background-size":"auto","background-attachment":"scroll","background-type":"","background-media":"","overlay-type":"","overlay-color":"","overlay-opacity":"","overlay-gradient":""}},"footnotes":""},"categories":[113,131,4],"tags":[],"class_list":["post-2968","post","type-post","status-publish","format-standard","has-post-thumbnail","hentry","category-musica","category-musica-blocs-de-l-escola","category-portada"],"post_mailing_queue_ids":[],"_links":{"self":[{"href":"https:\/\/agora.xtec.cat\/ceipsantjust\/wp-json\/wp\/v2\/posts\/2968","targetHints":{"allow":["GET"]}}],"collection":[{"href":"https:\/\/agora.xtec.cat\/ceipsantjust\/wp-json\/wp\/v2\/posts"}],"about":[{"href":"https:\/\/agora.xtec.cat\/ceipsantjust\/wp-json\/wp\/v2\/types\/post"}],"author":[{"embeddable":true,"href":"https:\/\/agora.xtec.cat\/ceipsantjust\/wp-json\/wp\/v2\/users\/19"}],"replies":[{"embeddable":true,"href":"https:\/\/agora.xtec.cat\/ceipsantjust\/wp-json\/wp\/v2\/comments?post=2968"}],"version-history":[{"count":2,"href":"https:\/\/agora.xtec.cat\/ceipsantjust\/wp-json\/wp\/v2\/posts\/2968\/revisions"}],"predecessor-version":[{"id":2979,"href":"https:\/\/agora.xtec.cat\/ceipsantjust\/wp-json\/wp\/v2\/posts\/2968\/revisions\/2979"}],"wp:featuredmedia":[{"embeddable":true,"href":"https:\/\/agora.xtec.cat\/ceipsantjust\/wp-json\/wp\/v2\/media\/2969"}],"wp:attachment":[{"href":"https:\/\/agora.xtec.cat\/ceipsantjust\/wp-json\/wp\/v2\/media?parent=2968"}],"wp:term":[{"taxonomy":"category","embeddable":true,"href":"https:\/\/agora.xtec.cat\/ceipsantjust\/wp-json\/wp\/v2\/categories?post=2968"},{"taxonomy":"post_tag","embeddable":true,"href":"https:\/\/agora.xtec.cat\/ceipsantjust\/wp-json\/wp\/v2\/tags?post=2968"}],"curies":[{"name":"wp","href":"https:\/\/api.w.org\/{rel}","templated":true}]}}