{"id":2889,"date":"2026-02-06T22:25:25","date_gmt":"2026-02-06T21:25:25","guid":{"rendered":"https:\/\/agora.xtec.cat\/ceipsantjust\/?p=2889"},"modified":"2026-04-29T15:25:24","modified_gmt":"2026-04-29T13:25:24","slug":"el-senyor-carnestoltes-arriba-a-lescola","status":"publish","type":"post","link":"https:\/\/agora.xtec.cat\/ceipsantjust\/portada\/el-senyor-carnestoltes-arriba-a-lescola\/","title":{"rendered":"El SENYOR CARNESTOLTES ARRIBA A L&#8217;ESCOLA"},"content":{"rendered":"<p>A l\u2019escola ja fa dies que es respira alegria, colors i moltes ganes de festa, perqu\u00e8 el Carnaval 2026 ja \u00e9s aqu\u00ed! Avui hem tingut el gran honor de donar la benvinguda al senyor Carnestoltes, que ha arribat carregat d\u2019humor, disbauxa i moltes sorpreses.<\/p>\n<p>Els nens i nenes de sis\u00e8 han estat els encarregats de posar veu a aquest moment tan especial. Amb molta il\u00b7lusi\u00f3, ens han recitat el preg\u00f3 de Carnaval, fent riure a tothom i animant-nos a participar d\u2019aquesta festa tan esbojarrada i divertida.<\/p>\n<p>A m\u00e9s, el senyor Carnestoltes, fidel a la tradici\u00f3, ens ha dictat les consignes que haurem de seguir durant els propers dies: roba divertida, complements originals i, sobretot, moltes ganes de passar-ho b\u00e9 i deixar volar la imaginaci\u00f3.<\/p>\n<p>Ara s\u00ed, tot est\u00e0 a punt perqu\u00e8 el Carnaval ompli l\u2019escola de disfresses, rialles i moments inoblidables. Gr\u00e0cies, sis\u00e8, per fer-nos vibrar amb el vostre preg\u00f3!<\/p>\n<p>Visca el Carnaval 2026!<\/p>\n<div style=\"position: relative; width: 100%; height: 0; padding-top: 141.4286%; padding-bottom: 0; margin-top: 1.6em; margin-bottom: 0.9em; overflow: hidden; border-radius: 8px;\"><iframe style=\"position: absolute; width: 100%; height: 100%; top: 0; left: 0; border: none; padding: 0; margin: 0;\" src=\"https:\/\/www.canva.com\/design\/DAHAleW7DsE\/xqyslCQx9yIgBDA6vPyxuQ\/view?embed\"><br \/>\n<\/iframe><\/div>\n<p>&nbsp;<\/p>\n","protected":false},"excerpt":{"rendered":"<p>El Carnaval 2026 ja \u00e9s aqu\u00ed! Avui hem tingut el gran honor de donar la benvinguda al senyor Carnestoltes, que ha arribat carregat d\u2019humor, disbauxa i moltes sorpreses.<\/p>\n<p>Els nens i nenes de sis\u00e8 han estat els encarregats de posar veu a aquest moment tan especial. Amb molta il\u00b7lusi\u00f3, ens han recitat el preg\u00f3 de Carnaval, fent riure a tothom i animant-nos a participar d\u2019aquesta festa tan esbojarrada i divertida.<\/p>\n","protected":false},"author":21,"featured_media":2890,"comment_status":"closed","ping_status":"closed","sticky":false,"template":"","format":"standard","meta":{"_bbp_topic_count":0,"_bbp_reply_count":0,"_bbp_total_topic_count":0,"_bbp_total_reply_count":0,"_bbp_voice_count":0,"_bbp_anonymous_reply_count":0,"_bbp_topic_count_hidden":0,"_bbp_reply_count_hidden":0,"_bbp_forum_subforum_count":0,"site-sidebar-layout":"default","site-content-layout":"","ast-site-content-layout":"default","site-content-style":"default","site-sidebar-style":"default","ast-global-header-display":"","ast-banner-title-visibility":"","ast-main-header-display":"","ast-hfb-above-header-display":"","ast-hfb-below-header-display":"","ast-hfb-mobile-header-display":"","site-post-title":"","ast-breadcrumbs-content":"","ast-featured-img":"","footer-sml-layout":"","theme-transparent-header-meta":"default","adv-header-id-meta":"","stick-header-meta":"","header-above-stick-meta":"","header-main-stick-meta":"","header-below-stick-meta":"","astra-migrate-meta-layouts":"set","ast-page-background-enabled":"default","ast-page-background-meta":{"desktop":{"background-color":"var(--ast-global-color-4)","background-image":"","background-repeat":"repeat","background-position":"center center","background-size":"auto","background-attachment":"scroll","background-type":"","background-media":"","overlay-type":"","overlay-color":"","overlay-opacity":"","overlay-gradient":""},"tablet":{"background-color":"","background-image":"","background-repeat":"repeat","background-position":"center center","background-size":"auto","background-attachment":"scroll","background-type":"","background-media":"","overlay-type":"","overlay-color":"","overlay-opacity":"","overlay-gradient":""},"mobile":{"background-color":"","background-image":"","background-repeat":"repeat","background-position":"center center","background-size":"auto","background-attachment":"scroll","background-type":"","background-media":"","overlay-type":"","overlay-color":"","overlay-opacity":"","overlay-gradient":""}},"ast-content-background-meta":{"desktop":{"background-color":"var(--ast-global-color-5)","background-image":"","background-repeat":"repeat","background-position":"center center","background-size":"auto","background-attachment":"scroll","background-type":"","background-media":"","overlay-type":"","overlay-color":"","overlay-opacity":"","overlay-gradient":""},"tablet":{"background-color":"var(--ast-global-color-5)","background-image":"","background-repeat":"repeat","background-position":"center center","background-size":"auto","background-attachment":"scroll","background-type":"","background-media":"","overlay-type":"","overlay-color":"","overlay-opacity":"","overlay-gradient":""},"mobile":{"background-color":"var(--ast-global-color-5)","background-image":"","background-repeat":"repeat","background-position":"center center","background-size":"auto","background-attachment":"scroll","background-type":"","background-media":"","overlay-type":"","overlay-color":"","overlay-opacity":"","overlay-gradient":""}},"footnotes":""},"categories":[4],"tags":[],"class_list":["post-2889","post","type-post","status-publish","format-standard","has-post-thumbnail","hentry","category-portada"],"post_mailing_queue_ids":[],"_links":{"self":[{"href":"https:\/\/agora.xtec.cat\/ceipsantjust\/wp-json\/wp\/v2\/posts\/2889","targetHints":{"allow":["GET"]}}],"collection":[{"href":"https:\/\/agora.xtec.cat\/ceipsantjust\/wp-json\/wp\/v2\/posts"}],"about":[{"href":"https:\/\/agora.xtec.cat\/ceipsantjust\/wp-json\/wp\/v2\/types\/post"}],"author":[{"embeddable":true,"href":"https:\/\/agora.xtec.cat\/ceipsantjust\/wp-json\/wp\/v2\/users\/21"}],"replies":[{"embeddable":true,"href":"https:\/\/agora.xtec.cat\/ceipsantjust\/wp-json\/wp\/v2\/comments?post=2889"}],"version-history":[{"count":4,"href":"https:\/\/agora.xtec.cat\/ceipsantjust\/wp-json\/wp\/v2\/posts\/2889\/revisions"}],"predecessor-version":[{"id":3180,"href":"https:\/\/agora.xtec.cat\/ceipsantjust\/wp-json\/wp\/v2\/posts\/2889\/revisions\/3180"}],"wp:featuredmedia":[{"embeddable":true,"href":"https:\/\/agora.xtec.cat\/ceipsantjust\/wp-json\/wp\/v2\/media\/2890"}],"wp:attachment":[{"href":"https:\/\/agora.xtec.cat\/ceipsantjust\/wp-json\/wp\/v2\/media?parent=2889"}],"wp:term":[{"taxonomy":"category","embeddable":true,"href":"https:\/\/agora.xtec.cat\/ceipsantjust\/wp-json\/wp\/v2\/categories?post=2889"},{"taxonomy":"post_tag","embeddable":true,"href":"https:\/\/agora.xtec.cat\/ceipsantjust\/wp-json\/wp\/v2\/tags?post=2889"}],"curies":[{"name":"wp","href":"https:\/\/api.w.org\/{rel}","templated":true}]}}