{"id":2298,"date":"2025-10-23T10:54:10","date_gmt":"2025-10-23T08:54:10","guid":{"rendered":"https:\/\/agora.xtec.cat\/ceipsantjust\/?p=2298"},"modified":"2025-11-08T14:41:18","modified_gmt":"2025-11-08T13:41:18","slug":"eleccions-consell-escolar-curs-25-26","status":"publish","type":"post","link":"https:\/\/agora.xtec.cat\/ceipsantjust\/general\/eleccions-consell-escolar-curs-25-26\/","title":{"rendered":"ELECCIONS CONSELL ESCOLAR CURS 25-26"},"content":{"rendered":"<p align=\"center\"><span style=\"color: #000000;\"><span style=\"font-family: Arial, serif;\"><span style=\"font-size: large;\"><b><a href=\"https:\/\/agora.xtec.cat\/ceipsantjust\/wp-content\/uploads\/usu1862\/2025\/10\/3_20250917_Retol-campanya-1_page-0002.jpg\"><img loading=\"lazy\" decoding=\"async\" class=\"aligncenter  wp-image-2516\" src=\"https:\/\/agora.xtec.cat\/ceipsantjust\/wp-content\/uploads\/usu1862\/2025\/10\/3_20250917_Retol-campanya-1_page-0002-212x300.jpg\" alt=\"\" width=\"135\" height=\"191\" srcset=\"https:\/\/agora.xtec.cat\/ceipsantjust\/wp-content\/uploads\/usu1862\/2025\/10\/3_20250917_Retol-campanya-1_page-0002-212x300.jpg 212w, https:\/\/agora.xtec.cat\/ceipsantjust\/wp-content\/uploads\/usu1862\/2025\/10\/3_20250917_Retol-campanya-1_page-0002-724x1024.jpg 724w, https:\/\/agora.xtec.cat\/ceipsantjust\/wp-content\/uploads\/usu1862\/2025\/10\/3_20250917_Retol-campanya-1_page-0002-768x1086.jpg 768w, https:\/\/agora.xtec.cat\/ceipsantjust\/wp-content\/uploads\/usu1862\/2025\/10\/3_20250917_Retol-campanya-1_page-0002-1086x1536.jpg 1086w, https:\/\/agora.xtec.cat\/ceipsantjust\/wp-content\/uploads\/usu1862\/2025\/10\/3_20250917_Retol-campanya-1_page-0002.jpg 1241w\" sizes=\"auto, (max-width: 135px) 100vw, 135px\" \/><\/a>ELECCIONS CONSELL ESCOLAR DE <\/b><\/span><\/span><span style=\"font-family: Arial, serif;\"><span style=\"font-size: large;\"><b>L\u2019ESCOLA<\/b><\/span><\/span><span style=\"font-family: Arial, serif;\"><span style=\"font-size: large;\"><b> (curs 2025<\/b><\/span><\/span><span style=\"font-family: Arial, serif;\"><span style=\"font-size: large;\"><b>-2026<\/b><\/span><\/span><span style=\"font-family: Arial, serif;\"><span style=\"font-size: large;\"><b>)<\/b><\/span><\/span><\/span><\/p>\n<p align=\"left\"><span style=\"color: #000000;\"><span style=\"font-family: Arial, serif;\"><span style=\"font-size: small;\">Aquest curs es far\u00e0 la renovaci\u00f3 <\/span><\/span><span style=\"font-family: Arial, serif;\"><span style=\"font-size: small;\">dels<\/span><\/span><span style=\"font-family: Arial, serif;\"><span style=\"font-size: small;\"> membres representants <\/span><\/span><span style=\"font-family: Arial, serif;\"><span style=\"font-size: small;\">de diversos sectors de la comunitat educativa <\/span><\/span><span style=\"font-family: Arial, serif;\"><span style=\"font-size: small;\"> del Consell Escolar del centre: <\/span><\/span><span style=\"font-family: Arial, serif;\"><span style=\"font-size: small;\">professors, pares\/mares i tutors legals dels alumnes, personal d\u2019administraci\u00f3 i servei.<\/span><\/span><span style=\"font-family: Arial, serif;\"><span style=\"font-size: small;\"> Per aquest motiu caldr\u00e0 comptar amb canditats\/es de cada un dels sectors per poder constituir el nou Consell Escolar.<\/span><\/span><\/span><\/p>\n<p align=\"left\"><span style=\"color: #000000;\"><span style=\"font-family: Arial, serif;\"><span style=\"font-size: small;\"><i><u>Qu\u00e8 \u00e9s el Consell Escolar?<\/u><\/i><\/span><\/span><\/span><\/p>\n<p align=\"left\"><span style=\"color: #000000;\"><span style=\"font-family: Arial, serif;\"><span style=\"font-size: small;\">El Consell Escolar del centre \u00e9s l\u2019\u00f2rgan col\u00b7legiat de participaci\u00f3 de la comunitat escolar <\/span><\/span><span style=\"font-family: Arial, serif;\"><span style=\"font-size: small;\">com a<\/span><\/span><span style=\"font-family: Arial, serif;\"><span style=\"font-size: small;\"> govern del centre.<\/span><\/span><\/span><\/p>\n<p align=\"left\"><span style=\"color: #000000;\"><span style=\"font-family: Arial, serif;\"><span style=\"font-size: small;\">En els consells escolars hi ha representants de tots els col\u00b7lectius que intervenen en la comunitat educativa: director\/a, professorat, personal d\u2019administraci\u00f3 i serveis, i fam\u00edlies. <\/span><\/span><\/span><\/p>\n<p align=\"left\"><span style=\"color: #000000;\"><span style=\"font-family: Arial, serif;\"><span style=\"font-size: small;\">En els centres p\u00fablics, la funci\u00f3 principal del Consell Escolar \u00e9s participar en la presa de decisions en relaci\u00f3 amb aquells temes importants per al funcionament i l\u2019organitzaci\u00f3 del centre: el projecte educatiu, la programaci\u00f3 general anual, la gesti\u00f3 econ\u00f2mica, entre d\u2019altres.<\/span><\/span><\/span><\/p>\n<p align=\"left\"><span style=\"color: #000000;\"><span style=\"font-family: Arial, serif;\"><span style=\"font-size: small;\">Els membres del Consell Escolar s\u00f3n elegits per un per\u00edode de quatre anys i es renoven per meitats cada dos anys.<\/span><\/span><\/span><\/p>\n<p align=\"left\"><span style=\"color: #000000;\"><span style=\"font-family: Arial, sans-serif;\"><span style=\"font-size: small;\">Podeu consultar tota la informaci\u00f3 sobre el Consell Escola<\/span><\/span><\/span><span style=\"color: #000000;\"><span style=\"font-family: Arial, sans-serif;\"><span style=\"font-size: small;\">r<\/span><\/span><\/span><span style=\"color: #000000;\"><span style=\"font-family: Arial, sans-serif;\"><span style=\"font-size: small;\"> en el seg\u00fcent link:<a href=\"https:\/\/educacio.gencat.cat\/ca\/arees-actuacio\/centres-serveis-educatius\/centres\/consells-escolars-centres\/index.html\" target=\"_blank\" rel=\"noopener\"><b> INFORMACI\u00d3 CONSELL ESCOLAR<\/b><\/a><\/span><\/span><\/span><\/p>\n<p align=\"center\"><span style=\"color: #000000;\"><span style=\"font-family: DejaVu Sans, serif;\"><b>QU\u00c8 HEU DE FER ELS PARES\/MARES I TUTORS\/ES LEGALS ABANS DE LES VOTACIONS<\/b><\/span><\/span><\/p>\n<ul>\n<li>\n<p align=\"left\"><span style=\"color: #000000;\"><span style=\"font-family: Arial, serif;\"><span style=\"font-size: small;\">Consultar el calendari del proc\u00e9s electoral del vostre centre educatiu.<\/span><\/span><\/span><\/p>\n<\/li>\n<li>\n<p align=\"left\"><span style=\"color: #000000;\"><span style=\"font-family: Arial, serif;\"><span style=\"font-size: small;\">Consultar el cens electoral provisional que publica la direcci\u00f3 del centre.<\/span><\/span><\/span><\/p>\n<\/li>\n<li>\n<p align=\"left\"><span style=\"color: #000000;\"><span style=\"font-family: Arial, serif;\"><span style=\"font-size: small;\">Presentar les reclamacions al cens en cas que no hi consteu.<\/span><\/span><\/span><\/p>\n<\/li>\n<li>\n<p align=\"left\"><span style=\"color: #000000;\"><span style=\"font-family: Arial, serif;\"><span style=\"font-size: small;\">Consultar la persona que representa l\u2019AFA al Consell Escolar.<\/span><\/span><\/span><\/p>\n<\/li>\n<li>\n<p align=\"left\"><span style=\"color: #000000;\"><span style=\"font-family: Arial, serif;\"><span style=\"font-size: small;\">Presentar la vostra candidatura a formar part del Consell Escolar.<\/span><\/span><\/span><\/p>\n<\/li>\n<li>\n<p align=\"left\"><span style=\"color: #000000;\"><span style=\"font-family: Arial, serif;\"><span style=\"font-size: small;\">Con\u00e8ixer si us han nomenar membres de la mesa electoral.<\/span><\/span><\/span><\/p>\n<\/li>\n<li>\n<p align=\"left\"><span style=\"color: #000000;\"><span style=\"font-family: Arial, serif;\"><span style=\"font-size: small;\">Consultar el cens definitiu.<\/span><\/span><\/span><\/p>\n<\/li>\n<li>\n<p align=\"left\"><span style=\"color: #000000;\"><span style=\"font-family: Arial, serif;\"><span style=\"font-size: small;\">Consultar les candidatures que s\u2019han presentat.<\/span><\/span><\/span><\/p>\n<\/li>\n<li>\n<p align=\"left\"><span style=\"color: #000000;\"><span style=\"font-family: Arial, serif;\"><span style=\"font-size: small;\"><b>VOTAR<\/b>.<\/span><\/span><\/span><\/p>\n<\/li>\n<\/ul>\n<p align=\"left\"><span style=\"text-decoration: underline;\"><span style=\"font-family: DejaVu Sans, serif;\"><b>CALENDARI ELECCIONS CONSELL ESCOLAR CURS 2025<\/b><\/span><span style=\"font-family: DejaVu Sans, serif;\"><b>-2026<\/b><\/span><\/span><\/p>\n<table style=\"width: 99.8876%; height: 1180px;\" width=\"623\" cellspacing=\"0\" cellpadding=\"9\">\n<tbody>\n<tr style=\"height: 23px;\" valign=\"top\">\n<td style=\"height: 23px; width: 33.4614%;\" width=\"181\" height=\"26\">\n<h6 align=\"center\"><b>SECTOR MESTRES<\/b><\/h6>\n<\/td>\n<td style=\"height: 23px; width: 33.2326%;\" width=\"183\">\n<h6 align=\"center\"><b>SECTOR FAM\u00cdLIES<\/b><\/h6>\n<\/td>\n<td style=\"height: 23px; width: 51.4608%;\" width=\"204\">\n<h6 align=\"center\"><b>SECTOR PAS<\/b><\/h6>\n<\/td>\n<\/tr>\n<tr style=\"height: 112px;\" valign=\"top\">\n<td style=\"height: 112px; width: 33.4614%;\" width=\"181\" height=\"114\">\n<h6 align=\"center\"><span style=\"color: #2a6099;\"><u><b>PUBLICACI\u00d3 DEL CENS ELECTORAL<\/b><\/u><\/span><\/h6>\n<h6 align=\"center\"><span style=\"color: #222222;\"><b>del 31 d\u2019octubre al 4 de novembre de 2025<\/b><\/span><\/h6>\n<h6><span style=\"color: #222222;\">Lloc: sala de mestres<\/span><\/h6>\n<\/td>\n<td style=\"height: 112px; width: 33.2326%;\" width=\"183\">\n<h6 align=\"center\"><span style=\"color: #2a6099;\"><u><b>PUBLICACI\u00d3 DEL CENS ELECTORAL<\/b><\/u><\/span><\/h6>\n<h6 align=\"center\"><span style=\"color: #222222;\"><b>del 31 d\u2019octubre al 4 de novembre de 2025<\/b><\/span><\/h6>\n<h6><span style=\"color: #222222;\">Lloc: vest\u00edbul de l\u2019Escola<\/span><\/h6>\n<\/td>\n<td style=\"height: 112px; width: 51.4608%;\" width=\"204\">\n<h6 align=\"center\"><span style=\"color: #2a6099;\"><u><b>PUBLICACI\u00d3 DEL CENS ELECTORAL<\/b><\/u><\/span><\/h6>\n<h6 align=\"center\"><span style=\"color: #222222;\"><b>del 31 d\u2019octubre al 4 de novembre de 2025<\/b><\/span><\/h6>\n<h6><span style=\"color: #222222;\">Lloc: secretaria de l\u2019Escola<\/span><\/h6>\n<\/td>\n<\/tr>\n<tr style=\"height: 97px;\" valign=\"top\">\n<td style=\"height: 97px; width: 33.4614%;\" width=\"181\" height=\"96\">\n<h6 align=\"center\"><span style=\"color: #2a6099;\"><u><b>RECLAMACIONS CENS ELECTORAL<\/b><\/u><\/span><\/h6>\n<h6 align=\"center\"><b>del<\/b><b> <\/b><span style=\"color: #000000;\"><b>4<\/b><\/span><b> de novembre al 6 de novembre de 2025<\/b><\/h6>\n<\/td>\n<td style=\"height: 97px; width: 33.2326%;\" width=\"183\">\n<h6 align=\"center\"><span style=\"color: #2a6099;\"><u><b>RECLAMACIONS CENS ELECTORAL<\/b><\/u><\/span><\/h6>\n<h6 align=\"center\"><b>del<\/b><b> <\/b><span style=\"color: #000000;\"><b>4<\/b><\/span><b> de novembre al 6 de novembre de 2025<\/b><\/h6>\n<\/td>\n<td style=\"height: 97px; width: 51.4608%;\" width=\"204\">\n<h6 align=\"center\"><span style=\"color: #2a6099;\"><u><b>RECLAMACIONS CENS ELECTORAL<\/b><\/u><\/span><\/h6>\n<h6 align=\"center\"><b>del<\/b><b> <\/b><span style=\"color: #000000;\"><b>4<\/b><\/span><b> de novembre al 6 de novembre de 2025<\/b><\/h6>\n<\/td>\n<\/tr>\n<tr style=\"height: 91px;\" valign=\"top\">\n<td style=\"height: 91px; width: 33.4614%;\" width=\"181\" height=\"96\">\n<h6 align=\"center\"><span style=\"color: #2a6099;\"><u><b>RESOLUCI\u00d3 DE RECLAMACIONS DEL CENS ELECTORAL<\/b><\/u><\/span><\/h6>\n<h6 align=\"center\"><b>12 de novembre de 2025<\/b><\/h6>\n<\/td>\n<td style=\"height: 91px; width: 33.2326%;\" width=\"183\">\n<h6 align=\"center\"><span style=\"color: #2a6099;\"><u><b>RESOLUCI\u00d3 DE RECLAMACIONS DEL CENS ELECTORAL<\/b><\/u><\/span><\/h6>\n<h6 align=\"center\"><b>12 de novembre de 2025<\/b><\/h6>\n<\/td>\n<td style=\"height: 91px; width: 51.4608%;\" width=\"204\">\n<h6 align=\"center\"><span style=\"color: #2a6099;\"><u><b>RESOLUCI\u00d3 DE RECLAMACIONS DEL CENS ELECTORAL<\/b><\/u><\/span><\/h6>\n<h6 align=\"center\"><b>12 de novembre de 2025<\/b><\/h6>\n<\/td>\n<\/tr>\n<tr style=\"height: 127px;\" valign=\"top\">\n<td style=\"height: 127px; width: 33.4614%;\" width=\"181\" height=\"96\"><\/td>\n<td style=\"height: 127px; width: 33.2326%;\" width=\"183\">\n<h6 align=\"center\"><span style=\"color: #2a6099;\"><u><b>SORTEIG PER DESIGNAR MEMBRES VOCALS DE LES MESES ELECTORALS<\/b><\/u><\/span><\/h6>\n<h6><b>6 de novembre de 2025, a les 9.30h<\/b><\/h6>\n<h6 align=\"left\">Lloc: sala de reunions<\/h6>\n<\/td>\n<td style=\"height: 127px; width: 51.4608%;\" width=\"204\"><\/td>\n<\/tr>\n<tr style=\"height: 121px;\" valign=\"top\">\n<td style=\"height: 121px; width: 33.4614%;\" width=\"181\" height=\"96\">\n<h6 align=\"center\"><span style=\"color: #2a6099;\"><u><b>CONSTITUCI\u00d3 DE LA MESA ELECTORAL<\/b><\/u><\/span><\/h6>\n<h6><b>7 de novembre de 2025<\/b><\/h6>\n<h6>Hora: 10 h<\/h6>\n<h6>Lloc: sala de reunions<\/h6>\n<\/td>\n<td style=\"height: 121px; width: 33.2326%;\" width=\"183\">\n<h6 align=\"center\"><span style=\"color: #2a6099;\"><u><b>CONSTITUCI\u00d3 DE LA MESA ELECTORAL<\/b><\/u><\/span><\/h6>\n<h6><b>7 de novembre de 2025<\/b><\/h6>\n<h6>Hora: 10.30 h<\/h6>\n<h6>Lloc: sala de reunions<\/h6>\n<\/td>\n<td style=\"height: 121px; width: 51.4608%;\" width=\"204\">\n<h6 align=\"center\"><span style=\"color: #2a6099;\"><u><b>CONSTITUCI\u00d3 DE LA MESA ELECTORAL<\/b><\/u><\/span><\/h6>\n<h6><b>7 de novembre de 2025<\/b><\/h6>\n<h6>Hora: 11 h<\/h6>\n<h6>Lloc: sala de reunions<\/h6>\n<\/td>\n<\/tr>\n<tr style=\"height: 74px;\" valign=\"top\">\n<td style=\"height: 74px; width: 33.4614%;\" width=\"181\" height=\"96\">\n<h6 align=\"center\"><span style=\"color: #2a6099;\"><u><b>SOL\u00b7LICITUD PER ACTUAR COM A SUPERVISOR <\/b><\/u><\/span><span style=\"color: #ff0000;\"><b>(**)<\/b><\/span><\/h6>\n<h6 align=\"center\"><b>13 de novembre de 2025<\/b><\/h6>\n<\/td>\n<td style=\"height: 74px; width: 33.2326%;\" width=\"183\">\n<h6 align=\"center\"><span style=\"color: #2a6099;\"><u><b>SOL\u00b7LICITUD PER ACTUAR COM A SUPERVISOR <\/b><\/u><\/span><span style=\"color: #ff0000;\"><b>(**)<\/b><\/span><\/h6>\n<h6 align=\"center\"><b>13 de novembre de 2025<\/b><\/h6>\n<\/td>\n<td style=\"height: 74px; width: 51.4608%;\" width=\"204\">\n<h6 align=\"center\"><span style=\"color: #2a6099;\"><u><b>SOL\u00b7LICITUD PER ACTUAR COM A SUPERVISOR<\/b><\/u><\/span><span style=\"color: #ff0000;\"><b>(**)<\/b><\/span><\/h6>\n<h6 align=\"center\"><b>13 de novembre de 2025<\/b><\/h6>\n<\/td>\n<\/tr>\n<tr style=\"height: 200px;\" valign=\"top\">\n<td style=\"height: 200px; width: 33.4614%;\" width=\"181\" height=\"320\">\n<h6 align=\"center\"><span style=\"color: #2a6099;\"><u><b>CANDIDATURES<\/b><\/u><\/span><span style=\"color: #ff0000;\"><u><b>*<\/b><\/u><\/span><\/h6>\n<h6><span style=\"color: #222222;\"><i>Poden ser candidats tots els membres del claustre.<\/i><\/span><\/h6>\n<h6><span style=\"color: #222222;\"><b>Es poden presentar candidatures:<\/b><\/span><\/h6>\n<h6><span style=\"color: #222222;\"><b>del 4 de novembre al 10 de novembre de 2025<\/b><\/span><\/h6>\n<h6><span style=\"color: #222222;\"><b>(fins a les 17.00h)<\/b><\/span><\/h6>\n<\/td>\n<td style=\"height: 200px; width: 33.2326%;\" width=\"183\">\n<h6 align=\"center\"><span style=\"color: #2a6099;\"><u><b>CANDIDATURES<\/b><\/u><\/span><span style=\"color: #ff0000;\"><u><b>*<\/b><\/u><\/span><\/h6>\n<h6><span style=\"color: #222222;\"><i>S\u00f3n candidats els pares, mares i tutors\/es de l\u2019alumnat del centre que, exerceixen la p\u00e0tria potestat o la tutela i que figuren en el corresponent cens electoral.<\/i><\/span><\/h6>\n<h6><span style=\"color: #222222;\"><b>Es poden presentar candidatures:<\/b><\/span><\/h6>\n<h6><span style=\"color: #222222;\"><b>del 4 de novembre al 10 de novembre de 2025<\/b><\/span><\/h6>\n<h6><span style=\"color: #222222;\"><b>(fins a les 17.00h)<\/b><\/span><\/h6>\n<\/td>\n<td style=\"height: 200px; width: 51.4608%;\" width=\"204\">\n<h6 align=\"center\"><span style=\"color: #2a6099;\"><u><b>CANDIDATURES<\/b><\/u><\/span><span style=\"color: #ff0000;\"><u><b>*<\/b><\/u><\/span><\/h6>\n<h6><span style=\"color: #222222;\"><i>S\u00f3n candidats totes les persones que figuren al cens electoral del personal d\u2019administraci\u00f3 i serveis.<\/i><\/span><\/h6>\n<h6><span style=\"color: #222222;\"><b>Es poden presentar candidatures:<\/b><\/span><\/h6>\n<h6><span style=\"color: #222222;\"><b>del 4 de novembre al 10 de novembre de 2025<\/b><\/span><\/h6>\n<h6><span style=\"color: #222222;\"><b>(fins a les 17.00h)<\/b><\/span><\/h6>\n<\/td>\n<\/tr>\n<tr style=\"height: 86px;\" valign=\"top\">\n<td style=\"height: 86px; width: 33.4614%;\" width=\"181\" height=\"76\">\n<h6 align=\"center\"><span style=\"color: #2a6099;\"><u><b>PUBLICACI\u00d3 DE CANDIDATURES<\/b><\/u><\/span><\/h6>\n<h6 align=\"center\"><b>12 de novembre de 2025 <\/b><\/h6>\n<h6 align=\"center\"><b>16.00h<\/b><\/h6>\n<\/td>\n<td style=\"height: 86px; width: 33.2326%;\" width=\"183\">\n<h6 align=\"center\"><span style=\"color: #2a6099;\"><u><b>PUBLICACI\u00d3 DE CANDIDATURES<\/b><\/u><\/span><\/h6>\n<h6 align=\"center\"><b>12 de novembre de 2025<\/b><\/h6>\n<h6 align=\"center\"><b>16.00h<\/b><\/h6>\n<\/td>\n<td style=\"height: 86px; width: 51.4608%;\" width=\"204\">\n<h6 align=\"center\"><span style=\"color: #2a6099;\"><u><b>PUBLICACI\u00d3 DE CANDIDATURES<\/b><\/u><\/span><\/h6>\n<h6 align=\"center\"><b>12 de novembre de 2025<\/b><\/h6>\n<h6 align=\"center\"><b>16.00h<\/b><\/h6>\n<\/td>\n<\/tr>\n<tr style=\"height: 179px;\" valign=\"top\">\n<td style=\"height: 179px; width: 33.4614%;\" width=\"181\" height=\"250\">\n<h6 align=\"center\"><span style=\"color: #2a6099;\"><u><b>VOTACIONS<\/b><\/u><\/span><\/h6>\n<h6><span style=\"color: #222222;\">Es celebraran les votacions el dia<\/span><\/h6>\n<h6><span style=\"color: #222222;\">19 de novembre de 2025<\/span><\/h6>\n<h6><span style=\"color: #222222;\">Hora: 12.45 h fins les 13.30 h<\/span><\/h6>\n<h6><span style=\"color: #222222;\">Lloc: sala de mestres<\/span><\/h6>\n<h6><span style=\"color: #222222;\"><i>Les votacions es fan de forma presencial.<\/i><\/span><\/h6>\n<\/td>\n<td style=\"height: 179px; width: 33.2326%;\" width=\"183\">\n<h6 align=\"center\"><span style=\"color: #2a6099;\"><u><b>VOTACIONS<\/b><\/u><\/span><\/h6>\n<h6><span style=\"color: #222222;\"><b>Es celebraran les votacions el dia 19 de novembre de 2025<\/b><\/span><\/h6>\n<h6>Hora: a partir de les 16.45h fins les 18h<\/h6>\n<h6>Lloc: vest\u00edbul de l\u2019Escola<\/h6>\n<h6><i>Les votacions es fan de forma presencial.<\/i><\/h6>\n<\/td>\n<td style=\"height: 179px; width: 51.4608%;\" width=\"204\">\n<h6 align=\"center\"><span style=\"color: #2a6099;\"><u><b>VOTACIONS<\/b><\/u><\/span><\/h6>\n<h6><span style=\"color: #222222;\"><b>Es celebraran les votacions el dia 19 de novembre de 2025<\/b><\/span><\/h6>\n<h6>Hora: 13.30 h fins les 14h<\/h6>\n<h6>Lloc: despatx de Direcci\u00f3<\/h6>\n<h6><i>Les votacions es fan de forma presencial.<\/i><\/h6>\n<\/td>\n<\/tr>\n<tr style=\"height: 70px;\">\n<td style=\"height: 70px; width: 118.155%;\" colspan=\"3\" valign=\"top\" width=\"603\" height=\"95\">\n<h6 align=\"center\"><span style=\"color: #2a6099;\"><b>LA CONSTITUCI\u00d3 DEL CONSELL ESCOLAR I PRESA DE POSSESSI\u00d3 DELS SEUS MEMBRES ES CELEBRAR\u00c0 EL DIA <\/b><\/span><span style=\"color: #2a6099;\"><u><b>15 DE DESEMBRE DE 2025 A LES 17.00 H<\/b><\/u><\/span><span style=\"color: #2a6099;\"><b> (ONLINE via plataforma Microsoft Teams)<\/b><\/span><\/h6>\n<h6 align=\"center\"><span style=\"color: #2a6099;\"><b>En aquesta reuni\u00f3 es convocaran els membres que deixen el Consell Escolar i els nous membres electes.<\/b><\/span><\/h6>\n<\/td>\n<\/tr>\n<\/tbody>\n<\/table>\n<p align=\"left\"><span style=\"font-size: small;\"><span style=\"color: #ff0000;\"><span style=\"font-family: DejaVu Sans, serif;\">* <\/span><\/span><span style=\"color: #000000;\"><span style=\"font-family: DejaVu Sans, serif;\"><b>CANDIDATURES: a partir del dia <\/b><\/span><\/span><span style=\"color: #000000;\"><span style=\"font-family: DejaVu Sans, serif;\"><b>31<\/b><\/span><\/span><span style=\"color: #000000;\"><span style=\"font-family: DejaVu Sans, serif;\"><b> d\u2019<\/b><\/span><\/span><span style=\"color: #000000;\"><span style=\"font-family: DejaVu Sans, serif;\"><b>octubre<\/b><\/span><\/span><span style=\"color: #000000;\"><span style=\"font-family: DejaVu Sans, serif;\"><b> de 2025<\/b><\/span><\/span><span style=\"color: #000000;\"><span style=\"font-family: DejaVu Sans, serif;\"><b>, a la secretaria del centre, tindreu a la vostra disposici\u00f3 el document de presentaci\u00f3 de la candidatura per la renovaci\u00f3 del Consell Escola<\/b><\/span><\/span><span style=\"color: #000000;\"><span style=\"font-family: DejaVu Sans, serif;\"><b>r<\/b><\/span><\/span><span style=\"color: #000000;\"><span style=\"font-family: DejaVu Sans, serif;\"><b> del centre. Caldr\u00e0 presentar aquest document, com a molt tard, el dia 10<\/b><\/span><\/span><span style=\"color: #000000;\"><span style=\"font-family: DejaVu Sans, serif;\"><b> de novembre <\/b><\/span><\/span><span style=\"color: #000000;\"><span style=\"font-family: DejaVu Sans, serif;\"><b>de 2025<\/b><\/span><\/span><span style=\"color: #000000;\"><span style=\"font-family: DejaVu Sans, serif;\"><b>\u00a0(veure el calendari).<\/b><\/span><\/span><\/span><\/p>\n<p align=\"left\"><span style=\"font-size: small;\"><span style=\"color: #ff0000;\"><span style=\"font-family: DejaVu Sans, serif;\">**<\/span><\/span> <span style=\"color: #000000;\"><span style=\"font-family: DejaVu Sans, serif;\"><b>SOL\u00b7LICITUD PER ACTUAR COM A SUPERVISOR\/<\/b><\/span><\/span><span style=\"color: #000000;\"><span style=\"font-family: DejaVu Sans, serif;\"><b>A<\/b><\/span><\/span><span style=\"color: #000000;\"><span style=\"font-family: DejaVu Sans, serif;\"><b>: a partir del dia 31 d\u2019octubre de 2025, a la secretaria del centre, tindreu a la vostra disposici\u00f3 el document de sol\u00b7licitud per actuar com a supervisor\/a.<\/b><\/span><\/span><\/span><\/p>\n","protected":false},"excerpt":{"rendered":"<p>ELECCIONS CONSELL ESCOLAR DE L\u2019ESCOLA (curs 2025-2026) Aquest curs es far\u00e0 la renovaci\u00f3 dels membres representants de diversos sectors de la comunitat educativa del Consell Escolar del centre: professors, pares\/mares i tutors legals dels alumnes, personal d\u2019administraci\u00f3 i servei. Per aquest motiu caldr\u00e0 comptar amb canditats\/es de cada un dels sectors per poder constituir el [&hellip;]<\/p>\n","protected":false},"author":1,"featured_media":0,"comment_status":"closed","ping_status":"closed","sticky":true,"template":"","format":"standard","meta":{"_bbp_topic_count":0,"_bbp_reply_count":0,"_bbp_total_topic_count":0,"_bbp_total_reply_count":0,"_bbp_voice_count":0,"_bbp_anonymous_reply_count":0,"_bbp_topic_count_hidden":0,"_bbp_reply_count_hidden":0,"_bbp_forum_subforum_count":0,"site-sidebar-layout":"default","site-content-layout":"","ast-site-content-layout":"default","site-content-style":"default","site-sidebar-style":"default","ast-global-header-display":"","ast-banner-title-visibility":"","ast-main-header-display":"","ast-hfb-above-header-display":"","ast-hfb-below-header-display":"","ast-hfb-mobile-header-display":"","site-post-title":"","ast-breadcrumbs-content":"","ast-featured-img":"","footer-sml-layout":"","theme-transparent-header-meta":"default","adv-header-id-meta":"","stick-header-meta":"","header-above-stick-meta":"","header-main-stick-meta":"","header-below-stick-meta":"","astra-migrate-meta-layouts":"set","ast-page-background-enabled":"default","ast-page-background-meta":{"desktop":{"background-color":"var(--ast-global-color-4)","background-image":"","background-repeat":"repeat","background-position":"center center","background-size":"auto","background-attachment":"scroll","background-type":"","background-media":"","overlay-type":"","overlay-color":"","overlay-opacity":"","overlay-gradient":""},"tablet":{"background-color":"","background-image":"","background-repeat":"repeat","background-position":"center center","background-size":"auto","background-attachment":"scroll","background-type":"","background-media":"","overlay-type":"","overlay-color":"","overlay-opacity":"","overlay-gradient":""},"mobile":{"background-color":"","background-image":"","background-repeat":"repeat","background-position":"center center","background-size":"auto","background-attachment":"scroll","background-type":"","background-media":"","overlay-type":"","overlay-color":"","overlay-opacity":"","overlay-gradient":""}},"ast-content-background-meta":{"desktop":{"background-color":"var(--ast-global-color-5)","background-image":"","background-repeat":"repeat","background-position":"center center","background-size":"auto","background-attachment":"scroll","background-type":"","background-media":"","overlay-type":"","overlay-color":"","overlay-opacity":"","overlay-gradient":""},"tablet":{"background-color":"var(--ast-global-color-5)","background-image":"","background-repeat":"repeat","background-position":"center center","background-size":"auto","background-attachment":"scroll","background-type":"","background-media":"","overlay-type":"","overlay-color":"","overlay-opacity":"","overlay-gradient":""},"mobile":{"background-color":"var(--ast-global-color-5)","background-image":"","background-repeat":"repeat","background-position":"center center","background-size":"auto","background-attachment":"scroll","background-type":"","background-media":"","overlay-type":"","overlay-color":"","overlay-opacity":"","overlay-gradient":""}},"footnotes":""},"categories":[1,4],"tags":[],"class_list":["post-2298","post","type-post","status-publish","format-standard","hentry","category-general","category-portada"],"post_mailing_queue_ids":[],"_links":{"self":[{"href":"https:\/\/agora.xtec.cat\/ceipsantjust\/wp-json\/wp\/v2\/posts\/2298","targetHints":{"allow":["GET"]}}],"collection":[{"href":"https:\/\/agora.xtec.cat\/ceipsantjust\/wp-json\/wp\/v2\/posts"}],"about":[{"href":"https:\/\/agora.xtec.cat\/ceipsantjust\/wp-json\/wp\/v2\/types\/post"}],"author":[{"embeddable":true,"href":"https:\/\/agora.xtec.cat\/ceipsantjust\/wp-json\/wp\/v2\/users\/1"}],"replies":[{"embeddable":true,"href":"https:\/\/agora.xtec.cat\/ceipsantjust\/wp-json\/wp\/v2\/comments?post=2298"}],"version-history":[{"count":6,"href":"https:\/\/agora.xtec.cat\/ceipsantjust\/wp-json\/wp\/v2\/posts\/2298\/revisions"}],"predecessor-version":[{"id":2517,"href":"https:\/\/agora.xtec.cat\/ceipsantjust\/wp-json\/wp\/v2\/posts\/2298\/revisions\/2517"}],"wp:attachment":[{"href":"https:\/\/agora.xtec.cat\/ceipsantjust\/wp-json\/wp\/v2\/media?parent=2298"}],"wp:term":[{"taxonomy":"category","embeddable":true,"href":"https:\/\/agora.xtec.cat\/ceipsantjust\/wp-json\/wp\/v2\/categories?post=2298"},{"taxonomy":"post_tag","embeddable":true,"href":"https:\/\/agora.xtec.cat\/ceipsantjust\/wp-json\/wp\/v2\/tags?post=2298"}],"curies":[{"name":"wp","href":"https:\/\/api.w.org\/{rel}","templated":true}]}}