{"id":1429,"date":"2020-12-10T15:21:32","date_gmt":"2020-12-10T14:21:32","guid":{"rendered":"http:\/\/agora.xtec.cat\/ceipsantjust\/?p=1429"},"modified":"2023-02-02T08:47:27","modified_gmt":"2023-02-02T07:47:27","slug":"article-fomentar-la-creativitat-en-els-nens-es","status":"publish","type":"post","link":"https:\/\/agora.xtec.cat\/ceipsantjust\/general\/article-fomentar-la-creativitat-en-els-nens-es\/","title":{"rendered":"ARTICLE: FOMENTAR LA CREATIVITAT EN ELS NENS\/ES."},"content":{"rendered":"<p>Aquest article pensem que pot ser del vostre inter\u00e8s . Ens ajuda a veure per qu\u00e8 \u00e9s tan important fomentar la creativitat dels nens\/es. La creativitat \u00e9s una manera de pensar i veure el m\u00f3n i es desenvolupa en moltres altres \u00e0rees , no nom\u00e9s l\u00b4Art, cultura&#8230;<\/p>\n<p>Pertanyem a un segle de transformacions cont\u00ednues que donen com a resultat canvis en la manera que ens relacionem, pensem, treballem, canvis en la nostra ideologia, en la nostra estructura vital, pol\u00edtica i social.\u00a0<strong>\u00c9s un fet que els nens s&#8217;enfrontaran di\u00e0riament a problemes m\u00e9s diversos i complexos.<\/strong><\/p>\n<p>\u00c9s en aquest entorn onla creativitat s&#8217;al\u00e7a com una eina fonamental per a resoldre noves conjuntures.\u00a0<strong>La creativitat \u00e9s clau si volem nens independents en la seva forma de pensar<\/strong><\/p>\n<p><a href=\"https:\/\/lamenteesmaravillosa.com\/fomentar-la-creatividad-de-los-ninos\/\"><strong>ARTICLE: https:\/\/lamenteesmaravillosa.com\/fomentar-la-creatividad-de-los-ninos\/ (Elena Sanz)<\/strong><\/a><\/p>\n<p><a href=\"https:\/\/agora.xtec.cat\/ceipsantjust\/wp-content\/uploads\/usu1862\/2020\/12\/nino-creativo.jpg\"><img loading=\"lazy\" decoding=\"async\" class=\"aligncenter wp-image-1430 \" src=\"https:\/\/agora.xtec.cat\/ceipsantjust\/wp-content\/uploads\/usu1862\/2020\/12\/nino-creativo-300x157.jpg\" alt=\"\" width=\"430\" height=\"225\" srcset=\"https:\/\/agora.xtec.cat\/ceipsantjust\/wp-content\/uploads\/usu1862\/2020\/12\/nino-creativo-300x157.jpg 300w, https:\/\/agora.xtec.cat\/ceipsantjust\/wp-content\/uploads\/usu1862\/2020\/12\/nino-creativo-768x402.jpg 768w, https:\/\/agora.xtec.cat\/ceipsantjust\/wp-content\/uploads\/usu1862\/2020\/12\/nino-creativo-1024x536.jpg 1024w, https:\/\/agora.xtec.cat\/ceipsantjust\/wp-content\/uploads\/usu1862\/2020\/12\/nino-creativo.jpg 1200w\" sizes=\"auto, (max-width: 430px) 100vw, 430px\" \/><\/a><\/p>\n","protected":false},"excerpt":{"rendered":"<p>Aquest article pensem que pot ser del vostre inter\u00e8s . Ens ajuda a veure per qu\u00e8 \u00e9s tan important fomentar la creativitat dels nens\/es. La creativitat \u00e9s una manera de pensar i veure el m\u00f3n i es desenvolupa en moltres altres \u00e0rees , no nom\u00e9s l\u00b4Art, cultura&#8230; Pertanyem a un segle de transformacions cont\u00ednues que [&hellip;]<\/p>\n","protected":false},"author":1,"featured_media":0,"comment_status":"closed","ping_status":"closed","sticky":false,"template":"","format":"standard","meta":{"_bbp_topic_count":0,"_bbp_reply_count":0,"_bbp_total_topic_count":0,"_bbp_total_reply_count":0,"_bbp_voice_count":0,"_bbp_anonymous_reply_count":0,"_bbp_topic_count_hidden":0,"_bbp_reply_count_hidden":0,"_bbp_forum_subforum_count":0,"site-sidebar-layout":"default","site-content-layout":"","ast-site-content-layout":"","site-content-style":"default","site-sidebar-style":"default","ast-global-header-display":"","ast-banner-title-visibility":"","ast-main-header-display":"","ast-hfb-above-header-display":"","ast-hfb-below-header-display":"","ast-hfb-mobile-header-display":"","site-post-title":"","ast-breadcrumbs-content":"","ast-featured-img":"","footer-sml-layout":"","theme-transparent-header-meta":"","adv-header-id-meta":"","stick-header-meta":"","header-above-stick-meta":"","header-main-stick-meta":"","header-below-stick-meta":"","astra-migrate-meta-layouts":"default","ast-page-background-enabled":"default","ast-page-background-meta":{"desktop":{"background-color":"var(--ast-global-color-4)","background-image":"","background-repeat":"repeat","background-position":"center center","background-size":"auto","background-attachment":"scroll","background-type":"","background-media":"","overlay-type":"","overlay-color":"","overlay-opacity":"","overlay-gradient":""},"tablet":{"background-color":"","background-image":"","background-repeat":"repeat","background-position":"center center","background-size":"auto","background-attachment":"scroll","background-type":"","background-media":"","overlay-type":"","overlay-color":"","overlay-opacity":"","overlay-gradient":""},"mobile":{"background-color":"","background-image":"","background-repeat":"repeat","background-position":"center center","background-size":"auto","background-attachment":"scroll","background-type":"","background-media":"","overlay-type":"","overlay-color":"","overlay-opacity":"","overlay-gradient":""}},"ast-content-background-meta":{"desktop":{"background-color":"var(--ast-global-color-5)","background-image":"","background-repeat":"repeat","background-position":"center center","background-size":"auto","background-attachment":"scroll","background-type":"","background-media":"","overlay-type":"","overlay-color":"","overlay-opacity":"","overlay-gradient":""},"tablet":{"background-color":"var(--ast-global-color-5)","background-image":"","background-repeat":"repeat","background-position":"center center","background-size":"auto","background-attachment":"scroll","background-type":"","background-media":"","overlay-type":"","overlay-color":"","overlay-opacity":"","overlay-gradient":""},"mobile":{"background-color":"var(--ast-global-color-5)","background-image":"","background-repeat":"repeat","background-position":"center center","background-size":"auto","background-attachment":"scroll","background-type":"","background-media":"","overlay-type":"","overlay-color":"","overlay-opacity":"","overlay-gradient":""}},"footnotes":""},"categories":[1,4],"tags":[],"class_list":["post-1429","post","type-post","status-publish","format-standard","hentry","category-general","category-portada"],"post_mailing_queue_ids":[],"_links":{"self":[{"href":"https:\/\/agora.xtec.cat\/ceipsantjust\/wp-json\/wp\/v2\/posts\/1429","targetHints":{"allow":["GET"]}}],"collection":[{"href":"https:\/\/agora.xtec.cat\/ceipsantjust\/wp-json\/wp\/v2\/posts"}],"about":[{"href":"https:\/\/agora.xtec.cat\/ceipsantjust\/wp-json\/wp\/v2\/types\/post"}],"author":[{"embeddable":true,"href":"https:\/\/agora.xtec.cat\/ceipsantjust\/wp-json\/wp\/v2\/users\/1"}],"replies":[{"embeddable":true,"href":"https:\/\/agora.xtec.cat\/ceipsantjust\/wp-json\/wp\/v2\/comments?post=1429"}],"version-history":[{"count":2,"href":"https:\/\/agora.xtec.cat\/ceipsantjust\/wp-json\/wp\/v2\/posts\/1429\/revisions"}],"predecessor-version":[{"id":1432,"href":"https:\/\/agora.xtec.cat\/ceipsantjust\/wp-json\/wp\/v2\/posts\/1429\/revisions\/1432"}],"wp:attachment":[{"href":"https:\/\/agora.xtec.cat\/ceipsantjust\/wp-json\/wp\/v2\/media?parent=1429"}],"wp:term":[{"taxonomy":"category","embeddable":true,"href":"https:\/\/agora.xtec.cat\/ceipsantjust\/wp-json\/wp\/v2\/categories?post=1429"},{"taxonomy":"post_tag","embeddable":true,"href":"https:\/\/agora.xtec.cat\/ceipsantjust\/wp-json\/wp\/v2\/tags?post=1429"}],"curies":[{"name":"wp","href":"https:\/\/api.w.org\/{rel}","templated":true}]}}