{"id":4532,"date":"2026-01-13T13:10:43","date_gmt":"2026-01-13T12:10:43","guid":{"rendered":"https:\/\/agora.xtec.cat\/ceipsantjulia\/?p=4532"},"modified":"2026-04-29T13:15:22","modified_gmt":"2026-04-29T11:15:22","slug":"taller-dexpressio-corporal-en-angles-amb-jumping-duck","status":"publish","type":"post","link":"https:\/\/agora.xtec.cat\/ceipsantjulia\/comunitat-de-grans\/6e-comunitat-de-grans\/taller-dexpressio-corporal-en-angles-amb-jumping-duck\/","title":{"rendered":"Taller d\u2019expressi\u00f3 corporal en angl\u00e8s amb Jumping Duck"},"content":{"rendered":"<p>L\u2019alumnat de 6\u00e8 ha participat en un taller d\u2019expressi\u00f3 corporal en angl\u00e8s dinamitzat per Jumping Duck.<\/p>\n<p>A trav\u00e9s del moviment, el joc i la dramatitzaci\u00f3, hem treballat la comprensi\u00f3 i l\u2019expressi\u00f3 oral en angl\u00e8s d\u2019una manera divertida i vivencial.<\/p>\n<p>Aquest taller ens ha ajudat a perdre la vergonya i a comunicar-nos amb m\u00e9s confian\u00e7a en una llengua estrangera.<\/p>\n<p><a href=\"https:\/\/agora.xtec.cat\/ceipsantjulia\/general\/taller-dexpressio-corporal-en-angles-amb-jumping-duck\/attachment\/img_3598\/\" rel=\"attachment wp-att-4533\"><img loading=\"lazy\" decoding=\"async\" class=\"alignleft  wp-image-4533\" src=\"https:\/\/agora.xtec.cat\/ceipsantjulia\/wp-content\/uploads\/usu1856\/2026\/04\/IMG_3598-scaled-e1777461149225-768x1024.jpg\" alt=\"\" width=\"174\" height=\"232\" srcset=\"https:\/\/agora.xtec.cat\/ceipsantjulia\/wp-content\/uploads\/usu1856\/2026\/04\/IMG_3598-scaled-e1777461149225-768x1024.jpg 768w, https:\/\/agora.xtec.cat\/ceipsantjulia\/wp-content\/uploads\/usu1856\/2026\/04\/IMG_3598-scaled-e1777461149225-225x300.jpg 225w, https:\/\/agora.xtec.cat\/ceipsantjulia\/wp-content\/uploads\/usu1856\/2026\/04\/IMG_3598-scaled-e1777461149225-1152x1536.jpg 1152w, https:\/\/agora.xtec.cat\/ceipsantjulia\/wp-content\/uploads\/usu1856\/2026\/04\/IMG_3598-scaled-e1777461149225-1536x2048.jpg 1536w, https:\/\/agora.xtec.cat\/ceipsantjulia\/wp-content\/uploads\/usu1856\/2026\/04\/IMG_3598-scaled-e1777461149225.jpg 1920w\" sizes=\"auto, (max-width: 174px) 100vw, 174px\" \/><\/a> <a href=\"https:\/\/agora.xtec.cat\/ceipsantjulia\/general\/taller-dexpressio-corporal-en-angles-amb-jumping-duck\/attachment\/img_3600\/\" rel=\"attachment wp-att-4534\"><img loading=\"lazy\" decoding=\"async\" class=\"alignleft  wp-image-4534\" src=\"https:\/\/agora.xtec.cat\/ceipsantjulia\/wp-content\/uploads\/usu1856\/2026\/04\/IMG_3600-scaled-e1777461159300-768x1024.jpg\" alt=\"\" width=\"174\" height=\"232\" srcset=\"https:\/\/agora.xtec.cat\/ceipsantjulia\/wp-content\/uploads\/usu1856\/2026\/04\/IMG_3600-scaled-e1777461159300-768x1024.jpg 768w, https:\/\/agora.xtec.cat\/ceipsantjulia\/wp-content\/uploads\/usu1856\/2026\/04\/IMG_3600-scaled-e1777461159300-225x300.jpg 225w, https:\/\/agora.xtec.cat\/ceipsantjulia\/wp-content\/uploads\/usu1856\/2026\/04\/IMG_3600-scaled-e1777461159300-1152x1536.jpg 1152w, https:\/\/agora.xtec.cat\/ceipsantjulia\/wp-content\/uploads\/usu1856\/2026\/04\/IMG_3600-scaled-e1777461159300-1536x2048.jpg 1536w, https:\/\/agora.xtec.cat\/ceipsantjulia\/wp-content\/uploads\/usu1856\/2026\/04\/IMG_3600-scaled-e1777461159300.jpg 1920w\" sizes=\"auto, (max-width: 174px) 100vw, 174px\" \/><\/a> <a href=\"https:\/\/agora.xtec.cat\/ceipsantjulia\/general\/taller-dexpressio-corporal-en-angles-amb-jumping-duck\/attachment\/img_3602\/\" rel=\"attachment wp-att-4535\"><img loading=\"lazy\" decoding=\"async\" class=\"alignleft  wp-image-4535\" src=\"https:\/\/agora.xtec.cat\/ceipsantjulia\/wp-content\/uploads\/usu1856\/2026\/04\/IMG_3602-1024x576.jpg\" alt=\"\" width=\"297\" height=\"167\" srcset=\"https:\/\/agora.xtec.cat\/ceipsantjulia\/wp-content\/uploads\/usu1856\/2026\/04\/IMG_3602-1024x576.jpg 1024w, https:\/\/agora.xtec.cat\/ceipsantjulia\/wp-content\/uploads\/usu1856\/2026\/04\/IMG_3602-300x169.jpg 300w, https:\/\/agora.xtec.cat\/ceipsantjulia\/wp-content\/uploads\/usu1856\/2026\/04\/IMG_3602-768x432.jpg 768w, https:\/\/agora.xtec.cat\/ceipsantjulia\/wp-content\/uploads\/usu1856\/2026\/04\/IMG_3602-1536x864.jpg 1536w, https:\/\/agora.xtec.cat\/ceipsantjulia\/wp-content\/uploads\/usu1856\/2026\/04\/IMG_3602-2048x1152.jpg 2048w\" sizes=\"auto, (max-width: 297px) 100vw, 297px\" \/><\/a><\/p>\n","protected":false},"excerpt":{"rendered":"<p>L\u2019alumnat de 6\u00e8 ha participat en un taller d\u2019expressi\u00f3 corporal en angl\u00e8s dinamitzat per Jumping Duck. A trav\u00e9s del moviment, el joc i la dramatitzaci\u00f3, hem treballat la comprensi\u00f3 i l\u2019expressi\u00f3 oral en angl\u00e8s d\u2019una manera divertida i vivencial. Aquest taller ens ha ajudat a perdre la vergonya i a comunicar-nos amb m\u00e9s confian\u00e7a en [&hellip;]<\/p>\n","protected":false},"author":1,"featured_media":0,"comment_status":"open","ping_status":"open","sticky":false,"template":"","format":"standard","meta":{"_bbp_topic_count":0,"_bbp_reply_count":0,"_bbp_total_topic_count":0,"_bbp_total_reply_count":0,"_bbp_voice_count":0,"_bbp_anonymous_reply_count":0,"_bbp_topic_count_hidden":0,"_bbp_reply_count_hidden":0,"_bbp_forum_subforum_count":0,"site-sidebar-layout":"default","site-content-layout":"","ast-site-content-layout":"default","site-content-style":"default","site-sidebar-style":"default","ast-global-header-display":"","ast-banner-title-visibility":"","ast-main-header-display":"","ast-hfb-above-header-display":"","ast-hfb-below-header-display":"","ast-hfb-mobile-header-display":"","site-post-title":"","ast-breadcrumbs-content":"","ast-featured-img":"","footer-sml-layout":"","theme-transparent-header-meta":"default","adv-header-id-meta":"","stick-header-meta":"","header-above-stick-meta":"","header-main-stick-meta":"","header-below-stick-meta":"","astra-migrate-meta-layouts":"set","ast-page-background-enabled":"default","ast-page-background-meta":{"desktop":{"background-color":"var(--ast-global-color-4)","background-image":"","background-repeat":"repeat","background-position":"center center","background-size":"auto","background-attachment":"scroll","background-type":"","background-media":"","overlay-type":"","overlay-color":"","overlay-opacity":"","overlay-gradient":""},"tablet":{"background-color":"","background-image":"","background-repeat":"repeat","background-position":"center center","background-size":"auto","background-attachment":"scroll","background-type":"","background-media":"","overlay-type":"","overlay-color":"","overlay-opacity":"","overlay-gradient":""},"mobile":{"background-color":"","background-image":"","background-repeat":"repeat","background-position":"center center","background-size":"auto","background-attachment":"scroll","background-type":"","background-media":"","overlay-type":"","overlay-color":"","overlay-opacity":"","overlay-gradient":""}},"ast-content-background-meta":{"desktop":{"background-color":"var(--ast-global-color-5)","background-image":"","background-repeat":"repeat","background-position":"center center","background-size":"auto","background-attachment":"scroll","background-type":"","background-media":"","overlay-type":"","overlay-color":"","overlay-opacity":"","overlay-gradient":""},"tablet":{"background-color":"var(--ast-global-color-5)","background-image":"","background-repeat":"repeat","background-position":"center center","background-size":"auto","background-attachment":"scroll","background-type":"","background-media":"","overlay-type":"","overlay-color":"","overlay-opacity":"","overlay-gradient":""},"mobile":{"background-color":"var(--ast-global-color-5)","background-image":"","background-repeat":"repeat","background-position":"center center","background-size":"auto","background-attachment":"scroll","background-type":"","background-media":"","overlay-type":"","overlay-color":"","overlay-opacity":"","overlay-gradient":""}},"footnotes":""},"categories":[139],"tags":[],"class_list":["post-4532","post","type-post","status-publish","format-standard","hentry","category-6e-comunitat-de-grans"],"post_mailing_queue_ids":[],"_links":{"self":[{"href":"https:\/\/agora.xtec.cat\/ceipsantjulia\/wp-json\/wp\/v2\/posts\/4532","targetHints":{"allow":["GET"]}}],"collection":[{"href":"https:\/\/agora.xtec.cat\/ceipsantjulia\/wp-json\/wp\/v2\/posts"}],"about":[{"href":"https:\/\/agora.xtec.cat\/ceipsantjulia\/wp-json\/wp\/v2\/types\/post"}],"author":[{"embeddable":true,"href":"https:\/\/agora.xtec.cat\/ceipsantjulia\/wp-json\/wp\/v2\/users\/1"}],"replies":[{"embeddable":true,"href":"https:\/\/agora.xtec.cat\/ceipsantjulia\/wp-json\/wp\/v2\/comments?post=4532"}],"version-history":[{"count":2,"href":"https:\/\/agora.xtec.cat\/ceipsantjulia\/wp-json\/wp\/v2\/posts\/4532\/revisions"}],"predecessor-version":[{"id":4537,"href":"https:\/\/agora.xtec.cat\/ceipsantjulia\/wp-json\/wp\/v2\/posts\/4532\/revisions\/4537"}],"wp:attachment":[{"href":"https:\/\/agora.xtec.cat\/ceipsantjulia\/wp-json\/wp\/v2\/media?parent=4532"}],"wp:term":[{"taxonomy":"category","embeddable":true,"href":"https:\/\/agora.xtec.cat\/ceipsantjulia\/wp-json\/wp\/v2\/categories?post=4532"},{"taxonomy":"post_tag","embeddable":true,"href":"https:\/\/agora.xtec.cat\/ceipsantjulia\/wp-json\/wp\/v2\/tags?post=4532"}],"curies":[{"name":"wp","href":"https:\/\/api.w.org\/{rel}","templated":true}]}}