{"id":4189,"date":"2026-02-17T21:19:39","date_gmt":"2026-02-17T20:19:39","guid":{"rendered":"https:\/\/agora.xtec.cat\/ceipsantjulia\/?p=4189"},"modified":"2026-03-20T10:45:34","modified_gmt":"2026-03-20T09:45:34","slug":"carnestoltes-a-lescola","status":"publish","type":"post","link":"https:\/\/agora.xtec.cat\/ceipsantjulia\/general\/carnestoltes-a-lescola\/","title":{"rendered":"CARNESTOLTES a l&#8217;escola!"},"content":{"rendered":"<p data-pm-slice=\"1 1 []\">Del 9 al 13 de febrer es celebra el Carnestoltes a l&#8217;escola.<\/p>\n<p>El Rei Carnestoltes ens dona unes<strong> consignes <\/strong>que hem de portar<strong> a partir del dilluns 9<\/strong>. Les nenes i els nens de 6\u00e8 ens informaran de quina \u00e9s la que toca fer l&#8217;endem\u00e0. L&#8217;objectiu \u00e9s que hi hagi gresca i xerinola!<\/p>\n<p>Pel que fa al <strong><u>divendres<\/u><\/strong>,\u00a0 farem les nostres desfilades i acabarem amb un ball ben divertit que s\u2019han preparat amb molta il\u00b7lusi\u00f3. <strong><u>A partir de les 15:15h obrirem la porta del carrer Collsalarca<\/u>. <\/strong>Les fam\u00edlies podeu anar entrant i situar-vos a les grades.<\/p>\n<p>El Carnestoltes \u00e9s una festa lligada a l&#8217;humor popular, a la ironia, a la diversi\u00f3 i a la llibertat de cr\u00edtica. Tot i aix\u00ed, a l&#8217;escola, quan triem una disfressa no podem oblidar que, a banda de desenvolupar la imaginaci\u00f3, \u00e9s important que no fomenti cap valor impl\u00edcit que no sigui educatiu. <strong><u>El divendres 13 de febrer <\/u>podrem venir guarnits amb una bona <u>disfressa relacionada amb el CINEMA<\/u><\/strong>. Entenem com a &#8220;bona disfressa&#8221; aquella que desenvolupa la imaginaci\u00f3 i els bons valors, que no afavoreix la viol\u00e8ncia ni utilitza armes, ni trets agressius o discriminatoris.<\/p>\n<p>Visca el Carnestoltes!<\/p>\n","protected":false},"excerpt":{"rendered":"<p>Del 9 al 13 de febrer es celebra el Carnestoltes a l&#8217;escola. El Rei Carnestoltes ens dona unes consignes que hem de portar a partir del dilluns 9. Les nenes i els nens de 6\u00e8 ens informaran de quina \u00e9s la que toca fer l&#8217;endem\u00e0. L&#8217;objectiu \u00e9s que hi hagi gresca i xerinola! Pel que [&hellip;]<\/p>\n","protected":false},"author":1,"featured_media":0,"comment_status":"open","ping_status":"open","sticky":false,"template":"","format":"standard","meta":{"_bbp_topic_count":0,"_bbp_reply_count":0,"_bbp_total_topic_count":0,"_bbp_total_reply_count":0,"_bbp_voice_count":0,"_bbp_anonymous_reply_count":0,"_bbp_topic_count_hidden":0,"_bbp_reply_count_hidden":0,"_bbp_forum_subforum_count":0,"site-sidebar-layout":"default","site-content-layout":"","ast-site-content-layout":"default","site-content-style":"default","site-sidebar-style":"default","ast-global-header-display":"","ast-banner-title-visibility":"","ast-main-header-display":"","ast-hfb-above-header-display":"","ast-hfb-below-header-display":"","ast-hfb-mobile-header-display":"","site-post-title":"","ast-breadcrumbs-content":"","ast-featured-img":"","footer-sml-layout":"","theme-transparent-header-meta":"default","adv-header-id-meta":"","stick-header-meta":"","header-above-stick-meta":"","header-main-stick-meta":"","header-below-stick-meta":"","astra-migrate-meta-layouts":"set","ast-page-background-enabled":"default","ast-page-background-meta":{"desktop":{"background-color":"var(--ast-global-color-4)","background-image":"","background-repeat":"repeat","background-position":"center center","background-size":"auto","background-attachment":"scroll","background-type":"","background-media":"","overlay-type":"","overlay-color":"","overlay-opacity":"","overlay-gradient":""},"tablet":{"background-color":"","background-image":"","background-repeat":"repeat","background-position":"center center","background-size":"auto","background-attachment":"scroll","background-type":"","background-media":"","overlay-type":"","overlay-color":"","overlay-opacity":"","overlay-gradient":""},"mobile":{"background-color":"","background-image":"","background-repeat":"repeat","background-position":"center center","background-size":"auto","background-attachment":"scroll","background-type":"","background-media":"","overlay-type":"","overlay-color":"","overlay-opacity":"","overlay-gradient":""}},"ast-content-background-meta":{"desktop":{"background-color":"var(--ast-global-color-5)","background-image":"","background-repeat":"repeat","background-position":"center center","background-size":"auto","background-attachment":"scroll","background-type":"","background-media":"","overlay-type":"","overlay-color":"","overlay-opacity":"","overlay-gradient":""},"tablet":{"background-color":"var(--ast-global-color-5)","background-image":"","background-repeat":"repeat","background-position":"center center","background-size":"auto","background-attachment":"scroll","background-type":"","background-media":"","overlay-type":"","overlay-color":"","overlay-opacity":"","overlay-gradient":""},"mobile":{"background-color":"var(--ast-global-color-5)","background-image":"","background-repeat":"repeat","background-position":"center center","background-size":"auto","background-attachment":"scroll","background-type":"","background-media":"","overlay-type":"","overlay-color":"","overlay-opacity":"","overlay-gradient":""}},"footnotes":""},"categories":[1,4],"tags":[],"class_list":["post-4189","post","type-post","status-publish","format-standard","hentry","category-general","category-portada"],"post_mailing_queue_ids":[],"_links":{"self":[{"href":"https:\/\/agora.xtec.cat\/ceipsantjulia\/wp-json\/wp\/v2\/posts\/4189","targetHints":{"allow":["GET"]}}],"collection":[{"href":"https:\/\/agora.xtec.cat\/ceipsantjulia\/wp-json\/wp\/v2\/posts"}],"about":[{"href":"https:\/\/agora.xtec.cat\/ceipsantjulia\/wp-json\/wp\/v2\/types\/post"}],"author":[{"embeddable":true,"href":"https:\/\/agora.xtec.cat\/ceipsantjulia\/wp-json\/wp\/v2\/users\/1"}],"replies":[{"embeddable":true,"href":"https:\/\/agora.xtec.cat\/ceipsantjulia\/wp-json\/wp\/v2\/comments?post=4189"}],"version-history":[{"count":2,"href":"https:\/\/agora.xtec.cat\/ceipsantjulia\/wp-json\/wp\/v2\/posts\/4189\/revisions"}],"predecessor-version":[{"id":4191,"href":"https:\/\/agora.xtec.cat\/ceipsantjulia\/wp-json\/wp\/v2\/posts\/4189\/revisions\/4191"}],"wp:attachment":[{"href":"https:\/\/agora.xtec.cat\/ceipsantjulia\/wp-json\/wp\/v2\/media?parent=4189"}],"wp:term":[{"taxonomy":"category","embeddable":true,"href":"https:\/\/agora.xtec.cat\/ceipsantjulia\/wp-json\/wp\/v2\/categories?post=4189"},{"taxonomy":"post_tag","embeddable":true,"href":"https:\/\/agora.xtec.cat\/ceipsantjulia\/wp-json\/wp\/v2\/tags?post=4189"}],"curies":[{"name":"wp","href":"https:\/\/api.w.org\/{rel}","templated":true}]}}