{"id":7316,"date":"2026-02-09T14:47:00","date_gmt":"2026-02-09T13:47:00","guid":{"rendered":"https:\/\/agora.xtec.cat\/ceipsantjordi\/?p=7316"},"modified":"2026-02-17T12:53:12","modified_gmt":"2026-02-17T11:53:12","slug":"comunicat-de-vaga","status":"publish","type":"post","link":"https:\/\/agora.xtec.cat\/ceipsantjordi\/general\/comunicat-de-vaga\/","title":{"rendered":"COMUNICAT DE VAGA"},"content":{"rendered":"<div><span style=\"font-size: large;\">Benvolgudes fam\u00edlies,<\/span><\/div>\n<div><span style=\"font-size: large;\">\u00a0<\/span><\/div>\n<div><span style=\"font-size: large;\">El proper\u00a0<b>dimecres 11 de febrer<\/b>\u00a0 els mestres i el personal educatiu estem cridats a la vaga i\u00a0<b>la totalitat del claustre de l&#8217;escola Sant Jordi ens hi adherim.\u00a0<\/b><\/span><\/div>\n<div><span style=\"font-size: large;\"><b><br \/>\n<\/b><\/span><\/p>\n<p id=\"m_-7191241756785128362m_8385346671600440353m_-340619530391816669m_6134816800715108639m_-7846470595526149332gmail-docs-internal-guid-31be3b27-7fff-b281-2270-60cdff56a562\" dir=\"ltr\"><span style=\"font-size: large;\">El centre romandr\u00e0 obert en l\u2019horari habitual, tot i que no es pot garantir el funcionament ordinari del servei. El professorat que cobreixi els serveis m\u00ednims no avan\u00e7ar\u00e0 mat\u00e8ria i, en funci\u00f3 de l\u2019aflu\u00e8ncia d\u2019alumnat, pot ser necessari que un mateix docent s\u2019hagi de fer c\u00e0rrec de m\u00e9s d\u2019un grup.\u00a0Es garanteix el servei d\u2019acollida i\u00a0 de menjador.<\/span><\/p>\n<\/div>\n<div><span style=\"font-size: large;\">La vaga, amb les seves reivindicacions concretes, persegueix aconseguir millores en el conjunt del sistema educatiu. La fem pensant tamb\u00e9 en els nostres alumnes, perqu\u00e8 garantir una educaci\u00f3 p\u00fablica de qualitat \u00e9s apostar per una societat m\u00e9s justa i democr\u00e0tica.<\/span><\/div>\n<div><\/div>\n<div><\/div>\n","protected":false},"excerpt":{"rendered":"<p>Benvolgudes fam\u00edlies,<br \/>\n\u00a0<br \/>\nEl proper\u00a0dimecres 11 de febrer\u00a0 els mestres i el personal educatiu estem cridats a la vaga i\u00a0la totalitat del claustre de l&#8217;escola Sant Jordi ens hi adherim.\u00a0<\/p>\n<p>El centre romandr\u00e0 obert en l\u2019horari habitual, tot i que no es pot garantir el funcionament ordinari del&hellip;  <a href=\"https:\/\/agora.xtec.cat\/ceipsantjordi\/general\/comunicat-de-vaga\/\" title=\"Read COMUNICAT DE VAGA\">Llegeix m\u00e9s\u00bb<\/a><\/p>\n","protected":false},"author":1,"featured_media":7317,"comment_status":"closed","ping_status":"closed","sticky":false,"template":"","format":"standard","meta":{"_bbp_topic_count":0,"_bbp_reply_count":0,"_bbp_total_topic_count":0,"_bbp_total_reply_count":0,"_bbp_voice_count":0,"_bbp_anonymous_reply_count":0,"_bbp_topic_count_hidden":0,"_bbp_reply_count_hidden":0,"_bbp_forum_subforum_count":0,"footnotes":""},"categories":[1,63,62,61,4],"tags":[],"class_list":["post-7316","post","type-post","status-publish","format-standard","has-post-thumbnail","hentry","category-general","category-grans","category-mitjans","category-petits","category-portada"],"post_mailing_queue_ids":[],"_links":{"self":[{"href":"https:\/\/agora.xtec.cat\/ceipsantjordi\/wp-json\/wp\/v2\/posts\/7316","targetHints":{"allow":["GET"]}}],"collection":[{"href":"https:\/\/agora.xtec.cat\/ceipsantjordi\/wp-json\/wp\/v2\/posts"}],"about":[{"href":"https:\/\/agora.xtec.cat\/ceipsantjordi\/wp-json\/wp\/v2\/types\/post"}],"author":[{"embeddable":true,"href":"https:\/\/agora.xtec.cat\/ceipsantjordi\/wp-json\/wp\/v2\/users\/1"}],"replies":[{"embeddable":true,"href":"https:\/\/agora.xtec.cat\/ceipsantjordi\/wp-json\/wp\/v2\/comments?post=7316"}],"version-history":[{"count":1,"href":"https:\/\/agora.xtec.cat\/ceipsantjordi\/wp-json\/wp\/v2\/posts\/7316\/revisions"}],"predecessor-version":[{"id":7318,"href":"https:\/\/agora.xtec.cat\/ceipsantjordi\/wp-json\/wp\/v2\/posts\/7316\/revisions\/7318"}],"wp:featuredmedia":[{"embeddable":true,"href":"https:\/\/agora.xtec.cat\/ceipsantjordi\/wp-json\/wp\/v2\/media\/7317"}],"wp:attachment":[{"href":"https:\/\/agora.xtec.cat\/ceipsantjordi\/wp-json\/wp\/v2\/media?parent=7316"}],"wp:term":[{"taxonomy":"category","embeddable":true,"href":"https:\/\/agora.xtec.cat\/ceipsantjordi\/wp-json\/wp\/v2\/categories?post=7316"},{"taxonomy":"post_tag","embeddable":true,"href":"https:\/\/agora.xtec.cat\/ceipsantjordi\/wp-json\/wp\/v2\/tags?post=7316"}],"curies":[{"name":"wp","href":"https:\/\/api.w.org\/{rel}","templated":true}]}}