{"id":6927,"date":"2025-06-20T12:59:39","date_gmt":"2025-06-20T10:59:39","guid":{"rendered":"https:\/\/agora.xtec.cat\/ceipsantjordi\/?p=6927"},"modified":"2025-12-03T10:13:43","modified_gmt":"2025-12-03T09:13:43","slug":"val-escolar","status":"publish","type":"post","link":"https:\/\/agora.xtec.cat\/ceipsantjordi\/general\/val-escolar\/","title":{"rendered":"VAL ESCOLAR"},"content":{"rendered":"<p>Benvolgudes fam\u00edlies,<\/p>\n<p>&nbsp;<\/p>\n<p>Us recordem que:<\/p>\n<div><\/div>\n<div>\n<p>\u00b7\u00a0\u00a0\u00a0\u00a0\u00a0\u00a0\u00a0\u00a0\u00a0\u00a0\u00a0\u00a0\u00a0\u00a0\u00a0\u00a0\u00a0\u00a0 \u00a0Aquest dilluns\u00a0<b>dia 16 de juny<\/b>\u00a0s\u2019ha iniciat la campanya d\u2019ajuts per a material\u00a0escolar\u00a0per al curs 2025-2026 i les fam\u00edlies heu rebut o rebreu properament\u00a0 els vals als vostres domicilis i els podreu activar a trav\u00e9s de la web del\u00a0val\u00a0escolar\u00a0<u><a id=\"m_3914292611802993438m_-3255072057018282774m_7499984537615416691OWAf8da4f29-42dd-c301-c86a-2b87b7c3e4be\" title=\"https:\/\/valescolar.cat\/\" href=\"https:\/\/valescolar.cat\/\" target=\"_blank\" rel=\"noopener noreferrer\" data-saferedirecturl=\"https:\/\/www.google.com\/url?q=https:\/\/valescolar.cat\/&amp;source=gmail&amp;ust=1750503336247000&amp;usg=AOvVaw0LoQmlsRVGOLRwbVwAvFpr\">https:\/\/<wbr \/>valescolar.cat\/<\/a><\/u><\/p>\n<div><\/div>\n<\/div>\n<div>\n<p>\u00b7\u00a0\u00a0\u00a0\u00a0\u00a0\u00a0\u00a0\u00a0\u00a0\u00a0\u00a0\u00a0\u00a0\u00a0\u00a0\u00a0\u00a0\u00a0 \u00a0La cessi\u00f3 de vals al centre finalitza el\u00a0<b>19 de setembre<\/b>. \u00c9s important tenir present que les fam\u00edlies nom\u00e9s podeu cedir els vals al centre on es matricular\u00e0 l&#8217;alumne o alumna al curs 2025-2026 i que superada aquesta data els vals s&#8217;hauran de bescanviar obligat\u00f2riament en establiments adherits a la campanya.<b>\u00a0La cessi\u00f3 de vals escolars \u00e9s irreversible.<\/b><\/p>\n<div><b>\u00a0<\/b><\/div>\n<\/div>\n<div>\n<p>\u00b7\u00a0\u00a0\u00a0\u00a0\u00a0\u00a0\u00a0\u00a0\u00a0\u00a0\u00a0\u00a0\u00a0\u00a0\u00a0\u00a0\u00a0\u00a0 \u00a0Per accedir a la plataforma del\u00a0val\u00a0escolar\u00a0heu de fer servir\u00a0<u><a id=\"m_3914292611802993438m_-3255072057018282774m_7499984537615416691OWAd8840593-f819-9700-4774-34063fada0d6\" title=\"https:\/\/centres.valescolar.cat\/\" href=\"https:\/\/centres.valescolar.cat\/\" target=\"_blank\" rel=\"noopener noreferrer\" data-saferedirecturl=\"https:\/\/www.google.com\/url?q=https:\/\/centres.valescolar.cat\/&amp;source=gmail&amp;ust=1750503336247000&amp;usg=AOvVaw2wjoInlUV0EjrKUxC-TmzG\">aquest enlla\u00e7<\/a><\/u>.<\/p>\n<div><\/div>\n<\/div>\n","protected":false},"excerpt":{"rendered":"<p>Benvolgudes fam\u00edlies,<br \/>\n&nbsp;<br \/>\nUs recordem que:<\/p>\n<p>\u00b7\u00a0\u00a0\u00a0\u00a0\u00a0\u00a0\u00a0\u00a0\u00a0\u00a0\u00a0\u00a0\u00a0\u00a0\u00a0\u00a0\u00a0\u00a0 \u00a0Aquest dilluns\u00a0dia 16 de juny\u00a0s\u2019ha iniciat la campanya d\u2019ajuts per a material\u00a0escolar\u00a0per al curs 2025-2026 i les fam\u00edlies heu rebut o rebreu properament\u00a0 els vals als vostres domicilis i els podreu activar a trav\u00e9s de la web del\u00a0val\u00a0escolar\u00a0<a id=\"m_3914292611802993438m_-3255072057018282774m_7499984537615416691OWAf8da4f29-42dd-c301-c86a-2b87b7c3e4be\" title=\"https:\/\/valescolar.cat\/\" href=\"https:\/\/valescolar.cat\/\"&hellip;  <a href=\"https:\/\/agora.xtec.cat\/ceipsantjordi\/general\/val-escolar\/\" title=\"Read VAL ESCOLAR\">Llegeix m\u00e9s\u00bb<\/a><\/p>\n","protected":false},"author":1,"featured_media":6928,"comment_status":"closed","ping_status":"closed","sticky":false,"template":"","format":"standard","meta":{"_bbp_topic_count":0,"_bbp_reply_count":0,"_bbp_total_topic_count":0,"_bbp_total_reply_count":0,"_bbp_voice_count":0,"_bbp_anonymous_reply_count":0,"_bbp_topic_count_hidden":0,"_bbp_reply_count_hidden":0,"_bbp_forum_subforum_count":0,"footnotes":""},"categories":[1,63,62,61,4],"tags":[],"class_list":["post-6927","post","type-post","status-publish","format-standard","has-post-thumbnail","hentry","category-general","category-grans","category-mitjans","category-petits","category-portada"],"post_mailing_queue_ids":[],"_links":{"self":[{"href":"https:\/\/agora.xtec.cat\/ceipsantjordi\/wp-json\/wp\/v2\/posts\/6927","targetHints":{"allow":["GET"]}}],"collection":[{"href":"https:\/\/agora.xtec.cat\/ceipsantjordi\/wp-json\/wp\/v2\/posts"}],"about":[{"href":"https:\/\/agora.xtec.cat\/ceipsantjordi\/wp-json\/wp\/v2\/types\/post"}],"author":[{"embeddable":true,"href":"https:\/\/agora.xtec.cat\/ceipsantjordi\/wp-json\/wp\/v2\/users\/1"}],"replies":[{"embeddable":true,"href":"https:\/\/agora.xtec.cat\/ceipsantjordi\/wp-json\/wp\/v2\/comments?post=6927"}],"version-history":[{"count":1,"href":"https:\/\/agora.xtec.cat\/ceipsantjordi\/wp-json\/wp\/v2\/posts\/6927\/revisions"}],"predecessor-version":[{"id":6929,"href":"https:\/\/agora.xtec.cat\/ceipsantjordi\/wp-json\/wp\/v2\/posts\/6927\/revisions\/6929"}],"wp:featuredmedia":[{"embeddable":true,"href":"https:\/\/agora.xtec.cat\/ceipsantjordi\/wp-json\/wp\/v2\/media\/6928"}],"wp:attachment":[{"href":"https:\/\/agora.xtec.cat\/ceipsantjordi\/wp-json\/wp\/v2\/media?parent=6927"}],"wp:term":[{"taxonomy":"category","embeddable":true,"href":"https:\/\/agora.xtec.cat\/ceipsantjordi\/wp-json\/wp\/v2\/categories?post=6927"},{"taxonomy":"post_tag","embeddable":true,"href":"https:\/\/agora.xtec.cat\/ceipsantjordi\/wp-json\/wp\/v2\/tags?post=6927"}],"curies":[{"name":"wp","href":"https:\/\/api.w.org\/{rel}","templated":true}]}}