{"id":9901,"date":"2019-01-15T18:54:44","date_gmt":"2019-01-15T17:54:44","guid":{"rendered":"http:\/\/agora.xtec.cat\/ceipsantjordi-massanet\/?p=9901"},"modified":"2019-01-26T21:53:27","modified_gmt":"2019-01-26T20:53:27","slug":"diada-matematica-de-5e","status":"publish","type":"post","link":"https:\/\/agora.xtec.cat\/ceipsantjordi-massanet\/portada\/diada-matematica-de-5e\/","title":{"rendered":"Diada matem\u00e0tica de Cicle Superior"},"content":{"rendered":"<p style=\"text-align: center;\"><iframe loading=\"lazy\" src=\"https:\/\/www.youtube.com\/embed\/QfUK637i7h8\" width=\"560\" height=\"315\" frameborder=\"0\" allowfullscreen=\"allowfullscreen\" data-mce-fragment=\"1\"><\/iframe><\/p>\n<p><center><iframe loading=\"lazy\" src=\"https:\/\/www.youtube.com\/embed\/IpT7kPGrABE\" width=\"560\" height=\"315\" frameborder=\"0\" allowfullscreen=\"allowfullscreen\"><center><span data-mce-type=\"bookmark\" style=\"display: inline-block; width: 0px; overflow: hidden; line-height: 0;\" class=\"mce_SELRES_start\">\ufeff<\/span><\/center><\/iframe><br \/>\nAvui hem anat a Girona al Museu de les Matem\u00e0tiques. Ens ha agradat molt i ens han dit que estar\u00e0 obert molts dies m\u00e9s, l&#8217;entrada \u00e9s gratu\u00efta fins i tot els dissabtes! Hem pogut remenar moltes coses sorprenents sobre les matem\u00e0tiques: fustes, miralls, cintes, rajoles, bastons, catifes,&#8230; tot amb una aplicaci\u00f3 matem\u00e0tica. Tamb\u00e9 hem apr\u00e8s sobre els angles que es fan servir a l&#8217;arquitectura amb un itinerari matem\u00e0tic pels carrers de la Girona antiga.<\/center>Hem apr\u00e8s que \u00e9s un arc de mig punt i un arc escarser i hem identificat diversos tipus d&#8217;arcs. Tamb\u00e9 hem apr\u00e8s qu\u00e8 s\u00f3n els fites que marquen l&#8217;al\u00e7ada sobre el nivell del mar i com calcular les difer\u00e8ncies entre dos punts.<\/p>\n<p>Ens han ensenyat d&#8217;on surt el n\u00famero PI que serveix per a calcular sobre les circumfer\u00e8ncies. Ens han explicat que abans del quil\u00f2metre els nostres avantpassats feien servir les lleg\u00fces que eren la dist\u00e0ncia que recorria un carro ben carregat amb el cavall durant una hora i que tot plegat tenia molta relaci\u00f3 amb els mercats. Despr\u00e9s hem pujat i comptat els graons de la catedral i a dalt de tot hem fet un experiment per explicar com funcionen les antenes de telefonia m\u00f2bil.<\/p>\n<p style=\"text-align: right;\">Ha estat un gran dia!<\/p>\n","protected":false},"excerpt":{"rendered":"<p>\ufeff<br \/>\nAvui hem anat a Girona al Museu de les Matem\u00e0tiques. Ens ha agradat molt i ens han dit que estar\u00e0 obert molts dies m\u00e9s, l&#8217;entrada \u00e9s gratu\u00efta fins i tot els dissabtes! Hem pogut remenar moltes coses sorprenents sobre les matem\u00e0tiques: fustes, miralls, cintes, rajoles,&hellip;  <a href=\"https:\/\/agora.xtec.cat\/ceipsantjordi-massanet\/portada\/diada-matematica-de-5e\/\" title=\"Read Diada matem\u00e0tica de Cicle Superior\">Llegeix m\u00e9s\u00bb<\/a><\/p>\n","protected":false},"author":4,"featured_media":9902,"comment_status":"open","ping_status":"closed","sticky":false,"template":"","format":"standard","meta":{"_bbp_topic_count":0,"_bbp_reply_count":0,"_bbp_total_topic_count":0,"_bbp_total_reply_count":0,"_bbp_voice_count":0,"_bbp_anonymous_reply_count":0,"_bbp_topic_count_hidden":0,"_bbp_reply_count_hidden":0,"_bbp_forum_subforum_count":0,"footnotes":""},"categories":[14,4],"tags":[],"class_list":["post-9901","post","type-post","status-publish","format-standard","has-post-thumbnail","hentry","category-5e","category-portada"],"post_mailing_queue_ids":[],"_links":{"self":[{"href":"https:\/\/agora.xtec.cat\/ceipsantjordi-massanet\/wp-json\/wp\/v2\/posts\/9901","targetHints":{"allow":["GET"]}}],"collection":[{"href":"https:\/\/agora.xtec.cat\/ceipsantjordi-massanet\/wp-json\/wp\/v2\/posts"}],"about":[{"href":"https:\/\/agora.xtec.cat\/ceipsantjordi-massanet\/wp-json\/wp\/v2\/types\/post"}],"author":[{"embeddable":true,"href":"https:\/\/agora.xtec.cat\/ceipsantjordi-massanet\/wp-json\/wp\/v2\/users\/4"}],"replies":[{"embeddable":true,"href":"https:\/\/agora.xtec.cat\/ceipsantjordi-massanet\/wp-json\/wp\/v2\/comments?post=9901"}],"version-history":[{"count":3,"href":"https:\/\/agora.xtec.cat\/ceipsantjordi-massanet\/wp-json\/wp\/v2\/posts\/9901\/revisions"}],"predecessor-version":[{"id":10016,"href":"https:\/\/agora.xtec.cat\/ceipsantjordi-massanet\/wp-json\/wp\/v2\/posts\/9901\/revisions\/10016"}],"wp:featuredmedia":[{"embeddable":true,"href":"https:\/\/agora.xtec.cat\/ceipsantjordi-massanet\/wp-json\/wp\/v2\/media\/9902"}],"wp:attachment":[{"href":"https:\/\/agora.xtec.cat\/ceipsantjordi-massanet\/wp-json\/wp\/v2\/media?parent=9901"}],"wp:term":[{"taxonomy":"category","embeddable":true,"href":"https:\/\/agora.xtec.cat\/ceipsantjordi-massanet\/wp-json\/wp\/v2\/categories?post=9901"},{"taxonomy":"post_tag","embeddable":true,"href":"https:\/\/agora.xtec.cat\/ceipsantjordi-massanet\/wp-json\/wp\/v2\/tags?post=9901"}],"curies":[{"name":"wp","href":"https:\/\/api.w.org\/{rel}","templated":true}]}}