{"id":9807,"date":"2019-01-13T15:28:04","date_gmt":"2019-01-13T14:28:04","guid":{"rendered":"http:\/\/agora.xtec.cat\/ceipsantjordi-massanet\/?p=9807"},"modified":"2019-01-13T15:28:04","modified_gmt":"2019-01-13T14:28:04","slug":"projecte-musical-2","status":"publish","type":"post","link":"https:\/\/agora.xtec.cat\/ceipsantjordi-massanet\/primaria\/projecte-musical-2\/","title":{"rendered":"Projecte musical"},"content":{"rendered":"<ul id=\"menuInici\">\n<li><a href=\"https:\/\/agora.xtec.cat\/ceipsantjordi-massanet\/primaria\/\">Prim\u00e0ria<\/a><\/li>\n<li><a href=\"https:\/\/agora.xtec.cat\/ceipsantjordi-massanet\/projecte-educatiu\/projecte-musical\/audicions\/\">Audicions<\/a><\/li>\n<li><a href=\"https:\/\/agora.xtec.cat\/ceipsantjordi-massanet\/projecte-educatiu\/projecte-musical\/castanyada\/\">Danses<\/a><\/li>\n<li><a href=\"https:\/\/agora.xtec.cat\/ceipsantjordi-massanet\/projecte-educatiu\/projecte-musical\/pastorets-2018\/\">Pastorets<\/a><\/li>\n<li><a href=\"https:\/\/agora.xtec.cat\/ceipsantjordi-massanet\/projecte-educatiu\/projecte-musical\/sant-jordi\/\">St Jordi<\/a><\/li>\n<li><a href=\"https:\/\/agora.xtec.cat\/ceipsantjordi-massanet\/projecte-educatiu\/projecte-musical\/auditori\/\">Auditori<\/a><\/li>\n<li><a href=\"https:\/\/agora.xtec.cat\/ceipsantjordi-massanet\/projecte-educatiu\/projecte-musical\/instrumentacio\/\">Instruments<\/a><\/li>\n<li><a href=\"https:\/\/agora.xtec.cat\/ceipsantjordi-massanet\/projecte-educatiu\/projecte-musical\/timbres-amb-musica\/\">Timbres<\/a><\/li>\n<li><a href=\"https:\/\/agora.xtec.cat\/ceipsantjordi-massanet\/projecte-educatiu\/projecte-musical\/trobada-de-corals\/\">Coral 4t<\/a><\/li>\n<li><a href=\"https:\/\/agora.xtec.cat\/ceipsantjordi-massanet\/projecte-educatiu\/projecte-musical\/cantania\/\">Cant\u00e0nia<\/a><\/li>\n<li><a href=\"https:\/\/agora.xtec.cat\/ceipsantjordi-massanet\/projecte-educatiu\/projecte-musical\/sise\/\">Sis\u00e8<\/a><\/li>\n<\/ul>\n<p>&nbsp;<\/p>\n<p style=\"text-align: left;\"><strong>PER QU\u00c8 UN PROJECTE D\u2019EDUCACI\u00d3 MUSICAL?<\/strong><\/p>\n<p><a href=\"https:\/\/agora.xtec.cat\/ceipsantjordi-massanet\/wp-content\/uploads\/usu391\/2019\/01\/Captura-de-Pantalla-2019-01-10-a-les-21.53.29.png\"><img loading=\"lazy\" decoding=\"async\" class=\"size-full wp-image-9654 alignleft\" src=\"https:\/\/agora.xtec.cat\/ceipsantjordi-massanet\/wp-content\/uploads\/usu391\/2019\/01\/Captura-de-Pantalla-2019-01-10-a-les-21.53.29.png\" alt=\"\" width=\"253\" height=\"341\" srcset=\"https:\/\/agora.xtec.cat\/ceipsantjordi-massanet\/wp-content\/uploads\/usu391\/2019\/01\/Captura-de-Pantalla-2019-01-10-a-les-21.53.29.png 253w, https:\/\/agora.xtec.cat\/ceipsantjordi-massanet\/wp-content\/uploads\/usu391\/2019\/01\/Captura-de-Pantalla-2019-01-10-a-les-21.53.29-223x300.png 223w\" sizes=\"auto, (max-width: 253px) 100vw, 253px\" \/><\/a>\u00c9s un fet en la nostra escola la conviv\u00e8ncia de multitud de cultures. Les poques perspectives laborals actuals atiades per una crisi que no acaba d&#8217;arribar a la seva fi, fa que es reforci la falta de expectatives a llarg termini. No oblidem la manca d\u2019import\u00e0ncia que reben les \u00e0rees que no s\u00f3n \u201cinstrumentals\u201d, fent apar\u00e8ixer incl\u00fas l\u2019amena\u00e7a de la desaparici\u00f3 de l\u2019\u00e0rea de m\u00fasica del curr\u00edculum. Aquest panorama deixa clarament de costat una concepci\u00f3 educativa integral i integradora.<\/p>\n<p><a href=\"https:\/\/agora.xtec.cat\/ceipsantjordi-massanet\/wp-content\/uploads\/usu391\/2019\/01\/Captura-de-Pantalla-2019-01-03-a-les-23.45.16.png\"><img loading=\"lazy\" decoding=\"async\" class=\"wp-image-8936 alignnone\" src=\"https:\/\/agora.xtec.cat\/ceipsantjordi-massanet\/wp-content\/uploads\/usu391\/2019\/01\/Captura-de-Pantalla-2019-01-03-a-les-23.45.16.png\" alt=\"\" width=\"1024\" height=\"237\" srcset=\"https:\/\/agora.xtec.cat\/ceipsantjordi-massanet\/wp-content\/uploads\/usu391\/2019\/01\/Captura-de-Pantalla-2019-01-03-a-les-23.45.16.png 1017w, https:\/\/agora.xtec.cat\/ceipsantjordi-massanet\/wp-content\/uploads\/usu391\/2019\/01\/Captura-de-Pantalla-2019-01-03-a-les-23.45.16-300x69.png 300w, https:\/\/agora.xtec.cat\/ceipsantjordi-massanet\/wp-content\/uploads\/usu391\/2019\/01\/Captura-de-Pantalla-2019-01-03-a-les-23.45.16-768x177.png 768w\" sizes=\"auto, (max-width: 1024px) 100vw, 1024px\" \/><\/a><\/p>\n<p>Aquest curs iniciem el tercer any del projecte d\u2019Educaci\u00f3 Musical a l\u2019Escola Sant Jordi de Ma\u00e7anet de la Selva motivats pel desig de crear una l\u00ednia d\u2019escola inclusiva a trav\u00e9s de l\u2019ensenyament art\u00edstic i de la possibilitat de comptar amb docents amb voluntat de treballar i consolidar el projecte. En iniciar el curs 18-19 s\u2019acorda portar a terme una s\u00e8rie d\u2019activitats a nivell de tots els nens i nenes de l\u2019escola.<\/p>\n<p><strong>ACTIVITATS CURS 18-19<br \/>\n<\/strong><\/p>\n<p>Com cada curs hi ha novetats importants: aquest curs comen\u00e7arem a tocar carillons crom\u00e0tics a alguns cursos, guitarres a d&#8217;altres, hi ha noves tasques de la coral i tamb\u00e9 danses i coreografies molt divertides. Que comenci l&#8217;espectacle!<\/p>\n<p><strong>AMBIENT DE M\u00daSICA<\/strong><br \/>\nDins del projecte d&#8217;Espais a Educaci\u00f3 Infantil hem iniciat una activitat internivells que inclou una s\u00e8ria d&#8217;ambients, un dels quals \u00e9s dedicat a l&#8217;Educaci\u00f3 Musical. \u00c9s un espai d&#8217;activitats musicals on els alumnes assisteixen amb altres companys i companyes d&#8217;altres cursos i on s&#8217;hi treballen can\u00e7ons, danses i instruments.<\/p>\n<p><a href=\"https:\/\/agora.xtec.cat\/ceipsantjordi-massanet\/wp-content\/uploads\/usu391\/2019\/01\/Captura-de-Pantalla-2019-01-03-a-les-23.32.17.png\"><img loading=\"lazy\" decoding=\"async\" class=\"size-large wp-image-8930 aligncenter\" src=\"https:\/\/agora.xtec.cat\/ceipsantjordi-massanet\/wp-content\/uploads\/usu391\/2019\/01\/Captura-de-Pantalla-2019-01-03-a-les-23.32.17-1024x241.png\" alt=\"\" width=\"1024\" height=\"237\" \/><\/a><\/p>\n<p><strong>AUDICIONS A BARCELONA<\/strong><\/p>\n<p>La majoria del nostre alumnat mai no ha assistit \u00a0a un concert d\u2019aquestes caracter\u00edstiques i probablement no tindr\u00e0 opcions de fer-ho. Pensem que essent aquests espais una refer\u00e8ncia com s\u00f3n el Gran Teatre del Liceu i L\u2019Auditori de Barcelona en la cultura del pa\u00eds haurien de poder participar de l\u2019extra\u00f2rdinaria experi\u00e8ncia de poder assistir-hi. Tots els grups, des de P3 fins a 6\u00e8 podran gaudir dels concerts, fent un treball previ a l\u2019aula.<\/p>\n<p><a href=\"https:\/\/agora.xtec.cat\/ceipsantjordi-massanet\/wp-content\/uploads\/usu391\/2019\/01\/Captura-de-Pantalla-2019-01-03-a-les-23.26.40.png\"><img loading=\"lazy\" decoding=\"async\" class=\"size-large wp-image-8928 aligncenter\" src=\"https:\/\/agora.xtec.cat\/ceipsantjordi-massanet\/wp-content\/uploads\/usu391\/2019\/01\/Captura-de-Pantalla-2019-01-03-a-les-23.26.40-1024x227.png\" alt=\"\" width=\"1024\" height=\"237\" \/><\/a><\/p>\n<p>Aquest curs ens hem proposat cercar el finan\u00e7ament extraordinari per tal de que les sortides a Barcelona siguin el m\u00e9s econ\u00f2miques possible, especialment per a les fam\u00edlies que tenen molts germans a l\u2019escola. Les audicions proposen com a una primera pinzellada que s\u2019anir\u00e0 completant al llarg de tota l\u2019escolaritat per tal de fer possible que tots els alumnes i les alumnes, en acabar l\u2019educaci\u00f3 prim\u00e0ria, hagin assistit al Liceu i a l\u2019Auditori diverses vegades i coneguin aquests espais i, fins hi tot, hi actu\u00efn!<\/p>\n<p>El preu de les entrades de les audicions compta amb la subvenci\u00f3 de la Diputaci\u00f3 de Girona.<\/p>\n<p><strong>CANT\u00c0NIA<\/strong><\/p>\n<p>Els alumnes de cinqu\u00e8 curs participaran &#8211; si ens toca &#8211; en aquesta activitat a l\u2019Auditori de Barcelona. El centre ha posat a disposici\u00f3 del grup un mestre de refor\u00e7 per a treballar-la. Donat el treball de la Trobada de Corals del curs anterior i les caracter\u00edstiques d\u2019aquest grup hem pensat que era el destinatari m\u00e9s encertat per a l\u2019activitat. Aquesta activitat necessita despla\u00e7ar al tercer trimestre tot el grup una vegada per fer l\u2019assaig general i el concert de cloenda. L&#8217;any passat vam fer l&#8217;espectacle de &#8220;La nit dels malsons&#8221; i aquest curs &#8220;Part\u00edcules&#8221;.<\/p>\n<p><a href=\"https:\/\/agora.xtec.cat\/ceipsantjordi-massanet\/wp-content\/uploads\/usu391\/2019\/01\/Captura-de-Pantalla-2019-01-03-a-les-23.18.26.png\"><img loading=\"lazy\" decoding=\"async\" class=\"size-large wp-image-8926 aligncenter\" src=\"https:\/\/agora.xtec.cat\/ceipsantjordi-massanet\/wp-content\/uploads\/usu391\/2019\/01\/Captura-de-Pantalla-2019-01-03-a-les-23.18.26-1024x254.png\" alt=\"\" width=\"1024\" height=\"237\" \/><\/a><\/p>\n<p><strong>TROBADA DE CORALS DE LA COMARCA SELVA<\/strong><\/p>\n<p>Com el curs anterior el curs de 4t assistir\u00e0 a la Trobada de Corals. En centre ha destinat unes hores setmanals de suport de m\u00fasica a fi i efecte de disposar de pianista per a la coral. La trobada es far\u00e0 &#8211; si no hi ha canvis &#8211; a Santa Coloma de Farners i el grup de 4t s\u2019hi despla\u00e7ar\u00e0 un sol cop al segon trimestre.<\/p>\n<p><a href=\"https:\/\/agora.xtec.cat\/ceipsantjordi-massanet\/wp-content\/uploads\/usu391\/2019\/01\/HDRMUSICA.jpg\"><img loading=\"lazy\" decoding=\"async\" class=\" wp-image-8922 aligncenter\" src=\"https:\/\/agora.xtec.cat\/ceipsantjordi-massanet\/wp-content\/uploads\/usu391\/2019\/01\/HDRMUSICA.jpg\" alt=\"\" width=\"1024\" height=\"237\" \/><\/a><\/p>\n<p><strong>SARDANA A L\u2019ESCOLA<\/strong><\/p>\n<p>El curs anterior, excepcionalment, vam treballar amb una persona volunt\u00e0ria del poble, tot i que en altres anys ho hav\u00edem fet amb l\u2019activitat proposada per la Diputaci\u00f3 de Girona. Els alumnes de 3r s\u00f3n els destinataris d\u2019aquesta activitat.<\/p>\n<p><a href=\"https:\/\/agora.xtec.cat\/ceipsantjordi-massanet\/wp-content\/uploads\/usu391\/2019\/01\/Captura-de-Pantalla-2019-01-03-a-les-23.42.57.png\"><img loading=\"lazy\" decoding=\"async\" class=\"wp-image-8935 aligncenter\" src=\"https:\/\/agora.xtec.cat\/ceipsantjordi-massanet\/wp-content\/uploads\/usu391\/2019\/01\/Captura-de-Pantalla-2019-01-03-a-les-23.42.57-1024x316.png\" alt=\"\" width=\"1024\" height=\"237\" \/><\/a><\/p>\n<p><strong>DANSA TRADICIONAL<\/strong><\/p>\n<p>El centre fa una activitat de danses tradicionals amb totes i tots els alumnes al primer trimestre. Hi ha proposada una trobada de danses a la qual assistirien els alumnes de segon curs i que tamb\u00e9 demanaria despla\u00e7ar-los a la seu escollida.<\/p>\n<p><a href=\"https:\/\/agora.xtec.cat\/ceipsantjordi-massanet\/wp-content\/uploads\/usu391\/2019\/01\/Captura-de-Pantalla-2019-01-03-a-les-23.08.55.png\"><img loading=\"lazy\" decoding=\"async\" class=\"size-large wp-image-8923 aligncenter\" src=\"https:\/\/agora.xtec.cat\/ceipsantjordi-massanet\/wp-content\/uploads\/usu391\/2019\/01\/Captura-de-Pantalla-2019-01-03-a-les-23.08.55-1024x183.png\" alt=\"\" width=\"1024\" height=\"237\" \/><\/a><\/p>\n<p><strong>CANTATA DELS PASTORETS<\/strong><\/p>\n<p>Cada curs s\u2019ha fet una cantada de nadales a La Societat, per\u00f2 aquest curs comencem un nou model d\u2019espectacle basat en una cantata dels pastorets, &#8220;Les figures del pessebre&#8221;.<\/p>\n<p><a href=\"https:\/\/agora.xtec.cat\/ceipsantjordi-massanet\/wp-content\/uploads\/usu391\/2019\/01\/Captura-de-Pantalla-2019-01-03-a-les-23.10.21.png\"><img loading=\"lazy\" decoding=\"async\" class=\"size-large wp-image-8924 aligncenter\" src=\"https:\/\/agora.xtec.cat\/ceipsantjordi-massanet\/wp-content\/uploads\/usu391\/2019\/01\/Captura-de-Pantalla-2019-01-03-a-les-23.10.21-1024x223.png\" alt=\"\" width=\"1024\" height=\"237\" \/><\/a><\/p>\n<p><strong>ESPECTACLE DE SANT JORDI<\/strong><\/p>\n<p>La festa de l\u2019\u2019escola es celebra amb un espectacle de coreografia al Pavell\u00f3 Municipal on es treballa per \u00e0rees tem\u00e0tiques (Cinema, Musicals, Festes, Tradicions d\u2019arreu del m\u00f3n, tradicions catalanes, llibres,&#8230;) on hi participa tota la comunitat educativa &#8211; incloses les fam\u00edlies i, naturalment, el professorat- .<\/p>\n<p><a href=\"https:\/\/agora.xtec.cat\/ceipsantjordi-massanet\/wp-content\/uploads\/usu391\/2019\/01\/Captura-de-Pantalla-2019-01-03-a-les-23.12.29.png\"><img loading=\"lazy\" decoding=\"async\" class=\"size-large wp-image-8925 aligncenter\" src=\"https:\/\/agora.xtec.cat\/ceipsantjordi-massanet\/wp-content\/uploads\/usu391\/2019\/01\/Captura-de-Pantalla-2019-01-03-a-les-23.12.29-1024x247.png\" alt=\"\" width=\"1024\" height=\"237\" \/><\/a><\/p>\n<p><strong>CAN\u00c7ONER \u201cFons de m\u00fasica tradicional \u201c CSIC<\/strong><\/p>\n<p>Els alumnes participaran en diversos enregistraments per a una col\u00b7lecci\u00f3 de patrimoni musical \u201cMisiones folkl\u00f3ricas\u201d del CSIC (1944-1960) de repertori tradicional.<\/p>\n<p><strong>INSTRUMENTACI\u00d3 CARILLONS I GUITARRES AMB L&#8217;ESCOLA DE M\u00daSICA MUNICIPAL<\/strong><\/p>\n<p>Actualment treballem amb carillons crom\u00e0tics com a instrument per al desenvolupament de la melodia i tamb\u00e9 existeix el comprom\u00eds que l\u2019EMM participar\u00e0 fent classes de guitarra al centre i tamb\u00e9 audicions i tallers per als diferents cicles educatius. Comencen les classes de guitarra a cicle inicial amb el suport de l&#8217;Ajuntament de Ma\u00e7anet de la Selva.<\/p>\n<p><a href=\"https:\/\/agora.xtec.cat\/ceipsantjordi-massanet\/wp-content\/uploads\/usu391\/2019\/01\/Captura-de-Pantalla-2019-01-03-a-les-23.20.29.png\"><img loading=\"lazy\" decoding=\"async\" class=\" wp-image-8927 aligncenter\" src=\"https:\/\/agora.xtec.cat\/ceipsantjordi-massanet\/wp-content\/uploads\/usu391\/2019\/01\/Captura-de-Pantalla-2019-01-03-a-les-23.20.29.png\" alt=\"\" width=\"1024\" height=\"237\" \/><\/a><\/p>\n<p><strong>TIMBRES AMB M\u00daSICA<\/strong><\/p>\n<p>El centre treballa en un centre d\u2019inter\u00e8s mensual sobre els diversos tipus de m\u00fasica que acompanyen la vida de l\u2019escola a les entrades i sortides dels alumnes i les alumnes. Cada mes hi ha una tem\u00e0tica o un estil musical que \u00e9s el protagonista i es treballa a l\u2019aula.<\/p>\n<p><strong>ENTRADES EDUCACI\u00d3 INFANTIL<\/strong><\/p>\n<p>Les crides a entrar d\u2019Educaci\u00f3 Infantil es faran amb instruments musicals.<\/p>\n<p>&nbsp;<\/p>\n<p><strong>COMENCEM EL DIA AMB M\u00daSICA<\/strong><\/p>\n<p>Els alumnes de cicle superior comencen cada dia la feina escolar amb uns minuts de relaxaci\u00f3 a l\u2019entrada a les 8:30 del mat\u00ed amb m\u00fasiques seleccionades.<b> <\/b><\/p>\n<p>&nbsp;<\/p>\n","protected":false},"excerpt":{"rendered":"<ul id=\"menuInici\">\n<li><a href=\"https:\/\/agora.xtec.cat\/ceipsantjordi-massanet\/primaria\/\">Prim\u00e0ria<\/a><\/li>\n<li><a href=\"https:\/\/agora.xtec.cat\/ceipsantjordi-massanet\/projecte-educatiu\/projecte-musical\/audicions\/\">Audicions<\/a><\/li>\n<li><a href=\"https:\/\/agora.xtec.cat\/ceipsantjordi-massanet\/projecte-educatiu\/projecte-musical\/castanyada\/\">Danses<\/a><\/li>\n<li><a href=\"https:\/\/agora.xtec.cat\/ceipsantjordi-massanet\/projecte-educatiu\/projecte-musical\/pastorets-2018\/\">Pastorets<\/a><\/li>\n<li><a href=\"https:\/\/agora.xtec.cat\/ceipsantjordi-massanet\/projecte-educatiu\/projecte-musical\/sant-jordi\/\">St Jordi<\/a><\/li>\n<li><a href=\"https:\/\/agora.xtec.cat\/ceipsantjordi-massanet\/projecte-educatiu\/projecte-musical\/auditori\/\">Auditori<\/a><\/li>\n<li><a href=\"https:\/\/agora.xtec.cat\/ceipsantjordi-massanet\/projecte-educatiu\/projecte-musical\/instrumentacio\/\">Instruments<\/a><\/li>\n<li><a href=\"https:\/\/agora.xtec.cat\/ceipsantjordi-massanet\/projecte-educatiu\/projecte-musical\/timbres-amb-musica\/\">Timbres<\/a><\/li>\n<li><a href=\"https:\/\/agora.xtec.cat\/ceipsantjordi-massanet\/projecte-educatiu\/projecte-musical\/trobada-de-corals\/\">Coral 4t<\/a><\/li>\n<li><a href=\"https:\/\/agora.xtec.cat\/ceipsantjordi-massanet\/projecte-educatiu\/projecte-musical\/cantania\/\">Cant\u00e0nia<\/a><\/li>\n<li><a href=\"https:\/\/agora.xtec.cat\/ceipsantjordi-massanet\/projecte-educatiu\/projecte-musical\/sise\/\">Sis\u00e8<\/a><\/li>\n<\/ul>\n<p>&nbsp;<br \/>\nPER QU\u00c8 UN PROJECTE D\u2019EDUCACI\u00d3 MUSICAL?<br \/>\n<a href=\"https:\/\/agora.xtec.cat\/ceipsantjordi-massanet\/wp-content\/uploads\/usu391\/2019\/01\/Captura-de-Pantalla-2019-01-10-a-les-21.53.29.png\"><\/a>\u00c9s un fet en la nostra escola la conviv\u00e8ncia de multitud de cultures. Les poques perspectives laborals actuals atiades per una crisi que no acaba&hellip;  <a href=\"https:\/\/agora.xtec.cat\/ceipsantjordi-massanet\/primaria\/projecte-musical-2\/\" title=\"Read Projecte musical\">Llegeix m\u00e9s\u00bb<\/a><\/p>\n","protected":false},"author":4,"featured_media":0,"comment_status":"open","ping_status":"closed","sticky":false,"template":"","format":"standard","meta":{"_bbp_topic_count":0,"_bbp_reply_count":0,"_bbp_total_topic_count":0,"_bbp_total_reply_count":0,"_bbp_voice_count":0,"_bbp_anonymous_reply_count":0,"_bbp_topic_count_hidden":0,"_bbp_reply_count_hidden":0,"_bbp_forum_subforum_count":0,"footnotes":""},"categories":[5],"tags":[],"class_list":["post-9807","post","type-post","status-publish","format-standard","hentry","category-primaria"],"post_mailing_queue_ids":[],"_links":{"self":[{"href":"https:\/\/agora.xtec.cat\/ceipsantjordi-massanet\/wp-json\/wp\/v2\/posts\/9807","targetHints":{"allow":["GET"]}}],"collection":[{"href":"https:\/\/agora.xtec.cat\/ceipsantjordi-massanet\/wp-json\/wp\/v2\/posts"}],"about":[{"href":"https:\/\/agora.xtec.cat\/ceipsantjordi-massanet\/wp-json\/wp\/v2\/types\/post"}],"author":[{"embeddable":true,"href":"https:\/\/agora.xtec.cat\/ceipsantjordi-massanet\/wp-json\/wp\/v2\/users\/4"}],"replies":[{"embeddable":true,"href":"https:\/\/agora.xtec.cat\/ceipsantjordi-massanet\/wp-json\/wp\/v2\/comments?post=9807"}],"version-history":[{"count":1,"href":"https:\/\/agora.xtec.cat\/ceipsantjordi-massanet\/wp-json\/wp\/v2\/posts\/9807\/revisions"}],"predecessor-version":[{"id":9808,"href":"https:\/\/agora.xtec.cat\/ceipsantjordi-massanet\/wp-json\/wp\/v2\/posts\/9807\/revisions\/9808"}],"wp:attachment":[{"href":"https:\/\/agora.xtec.cat\/ceipsantjordi-massanet\/wp-json\/wp\/v2\/media?parent=9807"}],"wp:term":[{"taxonomy":"category","embeddable":true,"href":"https:\/\/agora.xtec.cat\/ceipsantjordi-massanet\/wp-json\/wp\/v2\/categories?post=9807"},{"taxonomy":"post_tag","embeddable":true,"href":"https:\/\/agora.xtec.cat\/ceipsantjordi-massanet\/wp-json\/wp\/v2\/tags?post=9807"}],"curies":[{"name":"wp","href":"https:\/\/api.w.org\/{rel}","templated":true}]}}