{"id":8445,"date":"2018-12-18T14:55:50","date_gmt":"2018-12-18T13:55:50","guid":{"rendered":"http:\/\/agora.xtec.cat\/ceipsantjordi-massanet\/?p=8445"},"modified":"2019-01-15T19:02:16","modified_gmt":"2019-01-15T18:02:16","slug":"ja-tenim-mascota","status":"publish","type":"post","link":"https:\/\/agora.xtec.cat\/ceipsantjordi-massanet\/general\/ja-tenim-mascota\/","title":{"rendered":"Ja tenim mascota!"},"content":{"rendered":"<p>A partir d&#8217;una idea de la Particia D. de sis\u00e8 B hem fet infografiar aquesta rosa. Ha acabat essent el mateix personatge, una rosa amb cara i ulls! Aquesta \u00e9s la versi\u00f3 que per uns anys ser\u00e0 la mascota de l&#8217;escola. Doneu-li la benvinguda!<\/p>\n<p><img loading=\"lazy\" decoding=\"async\" class=\"aligncenter size-full wp-image-8448\" src=\"https:\/\/agora.xtec.cat\/ceipsantjordi-massanet\/wp-content\/uploads\/usu391\/2018\/12\/Captura-de-Pantalla-2018-12-18-a-les-14.54.27.png\" alt=\"\" width=\"672\" height=\"402\" srcset=\"https:\/\/agora.xtec.cat\/ceipsantjordi-massanet\/wp-content\/uploads\/usu391\/2018\/12\/Captura-de-Pantalla-2018-12-18-a-les-14.54.27.png 672w, https:\/\/agora.xtec.cat\/ceipsantjordi-massanet\/wp-content\/uploads\/usu391\/2018\/12\/Captura-de-Pantalla-2018-12-18-a-les-14.54.27-300x179.png 300w\" sizes=\"auto, (max-width: 672px) 100vw, 672px\" \/><\/p>\n","protected":false},"excerpt":{"rendered":"<p>A partir d&#8217;una idea de la Particia D. de sis\u00e8 B hem fet infografiar aquesta rosa. Ha acabat essent el mateix personatge, una rosa amb cara i ulls! Aquesta \u00e9s la versi\u00f3 que per uns anys ser\u00e0 la mascota de l&#8217;escola. Doneu-li la benvinguda!<\/p>\n","protected":false},"author":4,"featured_media":0,"comment_status":"open","ping_status":"closed","sticky":false,"template":"","format":"standard","meta":{"_bbp_topic_count":0,"_bbp_reply_count":0,"_bbp_total_topic_count":0,"_bbp_total_reply_count":0,"_bbp_voice_count":0,"_bbp_anonymous_reply_count":0,"_bbp_topic_count_hidden":0,"_bbp_reply_count_hidden":0,"_bbp_forum_subforum_count":0,"footnotes":""},"categories":[1,4],"tags":[],"class_list":["post-8445","post","type-post","status-publish","format-standard","hentry","category-general","category-portada"],"post_mailing_queue_ids":[],"_links":{"self":[{"href":"https:\/\/agora.xtec.cat\/ceipsantjordi-massanet\/wp-json\/wp\/v2\/posts\/8445","targetHints":{"allow":["GET"]}}],"collection":[{"href":"https:\/\/agora.xtec.cat\/ceipsantjordi-massanet\/wp-json\/wp\/v2\/posts"}],"about":[{"href":"https:\/\/agora.xtec.cat\/ceipsantjordi-massanet\/wp-json\/wp\/v2\/types\/post"}],"author":[{"embeddable":true,"href":"https:\/\/agora.xtec.cat\/ceipsantjordi-massanet\/wp-json\/wp\/v2\/users\/4"}],"replies":[{"embeddable":true,"href":"https:\/\/agora.xtec.cat\/ceipsantjordi-massanet\/wp-json\/wp\/v2\/comments?post=8445"}],"version-history":[{"count":3,"href":"https:\/\/agora.xtec.cat\/ceipsantjordi-massanet\/wp-json\/wp\/v2\/posts\/8445\/revisions"}],"predecessor-version":[{"id":9909,"href":"https:\/\/agora.xtec.cat\/ceipsantjordi-massanet\/wp-json\/wp\/v2\/posts\/8445\/revisions\/9909"}],"wp:attachment":[{"href":"https:\/\/agora.xtec.cat\/ceipsantjordi-massanet\/wp-json\/wp\/v2\/media?parent=8445"}],"wp:term":[{"taxonomy":"category","embeddable":true,"href":"https:\/\/agora.xtec.cat\/ceipsantjordi-massanet\/wp-json\/wp\/v2\/categories?post=8445"},{"taxonomy":"post_tag","embeddable":true,"href":"https:\/\/agora.xtec.cat\/ceipsantjordi-massanet\/wp-json\/wp\/v2\/tags?post=8445"}],"curies":[{"name":"wp","href":"https:\/\/api.w.org\/{rel}","templated":true}]}}