{"id":843,"date":"2015-09-28T10:35:02","date_gmt":"2015-09-28T08:35:02","guid":{"rendered":"http:\/\/agora.xtec.cat\/ceipsantjordi-massanet\/?p=843"},"modified":"2015-09-29T12:11:08","modified_gmt":"2015-09-29T10:11:08","slug":"al-facebook","status":"publish","type":"post","link":"https:\/\/agora.xtec.cat\/ceipsantjordi-massanet\/portada\/al-facebook\/","title":{"rendered":"AL FACEBOOK!"},"content":{"rendered":"<p>Recordeu que hi ha p\u00e0gina de facebook de l&#8217;escola que us permetr\u00e0 estar al dia a trav\u00e9s del m\u00f2bil i altres dispositius de manera m\u00e9s \u00e0gil. Us animem a utilitzar-la i a fer-ne difusi\u00f3 <a href=\"https:\/\/www.facebook.com\/escola.santjordi.1\"><img loading=\"lazy\" decoding=\"async\" class=\"alignleft\" src=\"http:\/\/3.bp.blogspot.com\/-p89_-21ytiQ\/VBzoAe_pLgI\/AAAAAAAAAPI\/hz8CZNVhxRA\/s1600\/blue-facebook-logo.png\" alt=\"\" width=\"74\" height=\"74\" \/><\/a>entre els pares i mares dels vostres cursos. Ara mateix estem a 322 seguidors per\u00f2 no tots s\u00f3n fam\u00edlies i per tant hem de mirar d&#8217;arribar a quantes m\u00e9s millor. Cliqueu al logotip i no us oblideu de marcar al like per seguir l&#8217;activitat del Centre!<\/p>\n","protected":false},"excerpt":{"rendered":"<p>Recordeu que hi ha p\u00e0gina de facebook de l&#8217;escola que us permetr\u00e0 estar al dia a trav\u00e9s del m\u00f2bil i altres dispositius de manera m\u00e9s \u00e0gil. Us animem a utilitzar-la i a fer-ne difusi\u00f3 <a href=\"https:\/\/www.facebook.com\/escola.santjordi.1\"><\/a>entre els pares i mares dels vostres cursos. Ara mateix&hellip;  <a href=\"https:\/\/agora.xtec.cat\/ceipsantjordi-massanet\/portada\/al-facebook\/\" title=\"Read AL FACEBOOK!\">Llegeix m\u00e9s\u00bb<\/a><\/p>\n","protected":false},"author":4,"featured_media":0,"comment_status":"open","ping_status":"open","sticky":false,"template":"","format":"standard","meta":{"_bbp_topic_count":0,"_bbp_reply_count":0,"_bbp_total_topic_count":0,"_bbp_total_reply_count":0,"_bbp_voice_count":0,"_bbp_anonymous_reply_count":0,"_bbp_topic_count_hidden":0,"_bbp_reply_count_hidden":0,"_bbp_forum_subforum_count":0,"footnotes":""},"categories":[4],"tags":[],"class_list":["post-843","post","type-post","status-publish","format-standard","hentry","category-portada"],"post_mailing_queue_ids":[],"_links":{"self":[{"href":"https:\/\/agora.xtec.cat\/ceipsantjordi-massanet\/wp-json\/wp\/v2\/posts\/843","targetHints":{"allow":["GET"]}}],"collection":[{"href":"https:\/\/agora.xtec.cat\/ceipsantjordi-massanet\/wp-json\/wp\/v2\/posts"}],"about":[{"href":"https:\/\/agora.xtec.cat\/ceipsantjordi-massanet\/wp-json\/wp\/v2\/types\/post"}],"author":[{"embeddable":true,"href":"https:\/\/agora.xtec.cat\/ceipsantjordi-massanet\/wp-json\/wp\/v2\/users\/4"}],"replies":[{"embeddable":true,"href":"https:\/\/agora.xtec.cat\/ceipsantjordi-massanet\/wp-json\/wp\/v2\/comments?post=843"}],"version-history":[{"count":3,"href":"https:\/\/agora.xtec.cat\/ceipsantjordi-massanet\/wp-json\/wp\/v2\/posts\/843\/revisions"}],"predecessor-version":[{"id":846,"href":"https:\/\/agora.xtec.cat\/ceipsantjordi-massanet\/wp-json\/wp\/v2\/posts\/843\/revisions\/846"}],"wp:attachment":[{"href":"https:\/\/agora.xtec.cat\/ceipsantjordi-massanet\/wp-json\/wp\/v2\/media?parent=843"}],"wp:term":[{"taxonomy":"category","embeddable":true,"href":"https:\/\/agora.xtec.cat\/ceipsantjordi-massanet\/wp-json\/wp\/v2\/categories?post=843"},{"taxonomy":"post_tag","embeddable":true,"href":"https:\/\/agora.xtec.cat\/ceipsantjordi-massanet\/wp-json\/wp\/v2\/tags?post=843"}],"curies":[{"name":"wp","href":"https:\/\/api.w.org\/{rel}","templated":true}]}}