{"id":8359,"date":"2018-12-13T15:55:50","date_gmt":"2018-12-13T14:55:50","guid":{"rendered":"http:\/\/agora.xtec.cat\/ceipsantjordi-massanet\/?p=8359"},"modified":"2019-01-04T15:48:18","modified_gmt":"2019-01-04T14:48:18","slug":"ccpilarin2019","status":"publish","type":"post","link":"https:\/\/agora.xtec.cat\/ceipsantjordi-massanet\/primaria\/5e\/ccpilarin2019\/","title":{"rendered":"CONCURS PILAR\u00cdN BAY\u00c8S"},"content":{"rendered":"<p>Avui al taller d&#8217;escriptura hem comen\u00e7at el nostre conte per al Concurs de contes Pilar\u00edn Bay\u00e8s. Remenant per les edicions anteriors hem trobat aquests contes escrits per nens. Avui que hem fet l&#8217;acte de la Marat\u00f3 de TV3 ens ha semblat interessant comaprtir-los. A veure si hi ha sort i guanyem algun d&#8217;aquests premis. Aquest curs tenim un repte: hem de fer contes sobre els drets dels infants: hem fet un sorteig i hem escollit d&#8217;entre tres el que ens ha agradat m\u00e9s&#8230; i ja no podem desvetllar m\u00e9s secrets, els contes han comen\u00e7at a sortir dels nostres caps i ja comencen a arribar al paper: us imagineu que guanyem i la Pilar\u00edn Bay\u00e8s ens fa els dibuixos per un conte, i a m\u00e9s a m\u00e9s el conte surt publicat?<\/p>\n<p><iframe loading=\"lazy\" src=\"https:\/\/e.issuu.com\/anonymous-embed.html?u=obrasocialsantjoandedeu&amp;d=2014_contesmalalties\" width=\"944\" height=\"500\" frameborder=\"0\" allowfullscreen=\"allowfullscreen\"><\/iframe><\/p>\n","protected":false},"excerpt":{"rendered":"<p>Avui al taller d&#8217;escriptura hem comen\u00e7at el nostre conte per al Concurs de contes Pilar\u00edn Bay\u00e8s. Remenant per les edicions anteriors hem trobat aquests contes escrits per nens. Avui que hem fet l&#8217;acte de la Marat\u00f3 de TV3 ens ha semblat interessant comaprtir-los. A veure&hellip;  <a href=\"https:\/\/agora.xtec.cat\/ceipsantjordi-massanet\/primaria\/5e\/ccpilarin2019\/\" title=\"Read CONCURS PILAR\u00cdN BAY\u00c8S\">Llegeix m\u00e9s\u00bb<\/a><\/p>\n","protected":false},"author":4,"featured_media":8367,"comment_status":"open","ping_status":"closed","sticky":false,"template":"","format":"standard","meta":{"_bbp_topic_count":0,"_bbp_reply_count":0,"_bbp_total_topic_count":0,"_bbp_total_reply_count":0,"_bbp_voice_count":0,"_bbp_anonymous_reply_count":0,"_bbp_topic_count_hidden":0,"_bbp_reply_count_hidden":0,"_bbp_forum_subforum_count":0,"footnotes":""},"categories":[14],"tags":[],"class_list":["post-8359","post","type-post","status-publish","format-standard","has-post-thumbnail","hentry","category-5e"],"post_mailing_queue_ids":[],"_links":{"self":[{"href":"https:\/\/agora.xtec.cat\/ceipsantjordi-massanet\/wp-json\/wp\/v2\/posts\/8359","targetHints":{"allow":["GET"]}}],"collection":[{"href":"https:\/\/agora.xtec.cat\/ceipsantjordi-massanet\/wp-json\/wp\/v2\/posts"}],"about":[{"href":"https:\/\/agora.xtec.cat\/ceipsantjordi-massanet\/wp-json\/wp\/v2\/types\/post"}],"author":[{"embeddable":true,"href":"https:\/\/agora.xtec.cat\/ceipsantjordi-massanet\/wp-json\/wp\/v2\/users\/4"}],"replies":[{"embeddable":true,"href":"https:\/\/agora.xtec.cat\/ceipsantjordi-massanet\/wp-json\/wp\/v2\/comments?post=8359"}],"version-history":[{"count":3,"href":"https:\/\/agora.xtec.cat\/ceipsantjordi-massanet\/wp-json\/wp\/v2\/posts\/8359\/revisions"}],"predecessor-version":[{"id":8362,"href":"https:\/\/agora.xtec.cat\/ceipsantjordi-massanet\/wp-json\/wp\/v2\/posts\/8359\/revisions\/8362"}],"wp:featuredmedia":[{"embeddable":true,"href":"https:\/\/agora.xtec.cat\/ceipsantjordi-massanet\/wp-json\/wp\/v2\/media\/8367"}],"wp:attachment":[{"href":"https:\/\/agora.xtec.cat\/ceipsantjordi-massanet\/wp-json\/wp\/v2\/media?parent=8359"}],"wp:term":[{"taxonomy":"category","embeddable":true,"href":"https:\/\/agora.xtec.cat\/ceipsantjordi-massanet\/wp-json\/wp\/v2\/categories?post=8359"},{"taxonomy":"post_tag","embeddable":true,"href":"https:\/\/agora.xtec.cat\/ceipsantjordi-massanet\/wp-json\/wp\/v2\/tags?post=8359"}],"curies":[{"name":"wp","href":"https:\/\/api.w.org\/{rel}","templated":true}]}}