{"id":8350,"date":"2018-12-10T23:59:43","date_gmt":"2018-12-10T22:59:43","guid":{"rendered":"http:\/\/agora.xtec.cat\/ceipsantjordi-massanet\/?p=8350"},"modified":"2019-01-26T22:08:25","modified_gmt":"2019-01-26T21:08:25","slug":"canvi-al-menu-del-dia-20","status":"publish","type":"post","link":"https:\/\/agora.xtec.cat\/ceipsantjordi-massanet\/portada\/canvi-al-menu-del-dia-20\/","title":{"rendered":"Canvi al men\u00fa del dia 20!"},"content":{"rendered":"<p><img loading=\"lazy\" decoding=\"async\" class=\"aligncenter size-full wp-image-8352\" src=\"https:\/\/agora.xtec.cat\/ceipsantjordi-massanet\/wp-content\/uploads\/usu391\/2018\/12\/Captura-de-Pantalla-2018-12-13-a-les-14.01.49.png\" alt=\"\" width=\"519\" height=\"690\" srcset=\"https:\/\/agora.xtec.cat\/ceipsantjordi-massanet\/wp-content\/uploads\/usu391\/2018\/12\/Captura-de-Pantalla-2018-12-13-a-les-14.01.49.png 519w, https:\/\/agora.xtec.cat\/ceipsantjordi-massanet\/wp-content\/uploads\/usu391\/2018\/12\/Captura-de-Pantalla-2018-12-13-a-les-14.01.49-226x300.png 226w\" sizes=\"auto, (max-width: 519px) 100vw, 519px\" \/><\/p>\n<p>Alerta, el 20 de desembre hi haur\u00e0 un magn\u00edfic \u00e0pat nadalenc!<\/p>\n","protected":false},"excerpt":{"rendered":"<p>Alerta, el 20 de desembre hi haur\u00e0 un magn\u00edfic \u00e0pat nadalenc!<\/p>\n","protected":false},"author":4,"featured_media":0,"comment_status":"open","ping_status":"closed","sticky":false,"template":"","format":"standard","meta":{"_bbp_topic_count":0,"_bbp_reply_count":0,"_bbp_total_topic_count":0,"_bbp_total_reply_count":0,"_bbp_voice_count":0,"_bbp_anonymous_reply_count":0,"_bbp_topic_count_hidden":0,"_bbp_reply_count_hidden":0,"_bbp_forum_subforum_count":0,"footnotes":""},"categories":[4],"tags":[],"class_list":["post-8350","post","type-post","status-publish","format-standard","hentry","category-portada"],"post_mailing_queue_ids":[],"_links":{"self":[{"href":"https:\/\/agora.xtec.cat\/ceipsantjordi-massanet\/wp-json\/wp\/v2\/posts\/8350","targetHints":{"allow":["GET"]}}],"collection":[{"href":"https:\/\/agora.xtec.cat\/ceipsantjordi-massanet\/wp-json\/wp\/v2\/posts"}],"about":[{"href":"https:\/\/agora.xtec.cat\/ceipsantjordi-massanet\/wp-json\/wp\/v2\/types\/post"}],"author":[{"embeddable":true,"href":"https:\/\/agora.xtec.cat\/ceipsantjordi-massanet\/wp-json\/wp\/v2\/users\/4"}],"replies":[{"embeddable":true,"href":"https:\/\/agora.xtec.cat\/ceipsantjordi-massanet\/wp-json\/wp\/v2\/comments?post=8350"}],"version-history":[{"count":2,"href":"https:\/\/agora.xtec.cat\/ceipsantjordi-massanet\/wp-json\/wp\/v2\/posts\/8350\/revisions"}],"predecessor-version":[{"id":10027,"href":"https:\/\/agora.xtec.cat\/ceipsantjordi-massanet\/wp-json\/wp\/v2\/posts\/8350\/revisions\/10027"}],"wp:attachment":[{"href":"https:\/\/agora.xtec.cat\/ceipsantjordi-massanet\/wp-json\/wp\/v2\/media?parent=8350"}],"wp:term":[{"taxonomy":"category","embeddable":true,"href":"https:\/\/agora.xtec.cat\/ceipsantjordi-massanet\/wp-json\/wp\/v2\/categories?post=8350"},{"taxonomy":"post_tag","embeddable":true,"href":"https:\/\/agora.xtec.cat\/ceipsantjordi-massanet\/wp-json\/wp\/v2\/tags?post=8350"}],"curies":[{"name":"wp","href":"https:\/\/api.w.org\/{rel}","templated":true}]}}