{"id":8069,"date":"2018-12-03T11:43:53","date_gmt":"2018-12-03T10:43:53","guid":{"rendered":"http:\/\/agora.xtec.cat\/ceipsantjordi-massanet\/?p=8069"},"modified":"2019-01-05T08:45:29","modified_gmt":"2019-01-05T07:45:29","slug":"bon-dia-3-12-18","status":"publish","type":"post","link":"https:\/\/agora.xtec.cat\/ceipsantjordi-massanet\/portada\/bon-dia-3-12-18\/","title":{"rendered":"Informatiu &#8220;Bon dia&#8221; 3-12-18"},"content":{"rendered":"<p><iframe loading=\"lazy\" src=\"https:\/\/www.youtube.com\/embed\/J163KwNTwOo\" width=\"560\" height=\"315\" frameborder=\"0\" allowfullscreen=\"allowfullscreen\"><\/iframe><\/p>\n<p>Aquest \u00e9s l&#8217;informatiu setmanal &#8220;Bon dia&#8221; que fem cada setmana els nens i les nenes de Quart de Prim\u00e0ria. Durant la setmana demanem els continguts a totes les classes i despr\u00e9s fem un gui\u00f3 per a exposar-lo a trav\u00e9s de la megafonia, com si fos un programa de r\u00e0dio que escolten tots els companys i companyes i despr\u00e9s l&#8217;enregistrem en v\u00eddeo.<\/p>\n","protected":false},"excerpt":{"rendered":"<p>Aquest \u00e9s l&#8217;informatiu setmanal &#8220;Bon dia&#8221; que fem cada setmana els nens i les nenes de Quart de Prim\u00e0ria. Durant la setmana demanem els continguts a totes les classes i despr\u00e9s fem un gui\u00f3 per a exposar-lo a trav\u00e9s de la megafonia, com si fos&hellip;  <a href=\"https:\/\/agora.xtec.cat\/ceipsantjordi-massanet\/portada\/bon-dia-3-12-18\/\" title=\"Read Informatiu &#8220;Bon dia&#8221; 3-12-18\">Llegeix m\u00e9s\u00bb<\/a><\/p>\n","protected":false},"author":4,"featured_media":8070,"comment_status":"open","ping_status":"closed","sticky":false,"template":"","format":"standard","meta":{"_bbp_topic_count":0,"_bbp_reply_count":0,"_bbp_total_topic_count":0,"_bbp_total_reply_count":0,"_bbp_voice_count":0,"_bbp_anonymous_reply_count":0,"_bbp_topic_count_hidden":0,"_bbp_reply_count_hidden":0,"_bbp_forum_subforum_count":0,"footnotes":""},"categories":[4,13],"tags":[],"class_list":["post-8069","post","type-post","status-publish","format-standard","has-post-thumbnail","hentry","category-portada","category-4t"],"post_mailing_queue_ids":[],"_links":{"self":[{"href":"https:\/\/agora.xtec.cat\/ceipsantjordi-massanet\/wp-json\/wp\/v2\/posts\/8069","targetHints":{"allow":["GET"]}}],"collection":[{"href":"https:\/\/agora.xtec.cat\/ceipsantjordi-massanet\/wp-json\/wp\/v2\/posts"}],"about":[{"href":"https:\/\/agora.xtec.cat\/ceipsantjordi-massanet\/wp-json\/wp\/v2\/types\/post"}],"author":[{"embeddable":true,"href":"https:\/\/agora.xtec.cat\/ceipsantjordi-massanet\/wp-json\/wp\/v2\/users\/4"}],"replies":[{"embeddable":true,"href":"https:\/\/agora.xtec.cat\/ceipsantjordi-massanet\/wp-json\/wp\/v2\/comments?post=8069"}],"version-history":[{"count":3,"href":"https:\/\/agora.xtec.cat\/ceipsantjordi-massanet\/wp-json\/wp\/v2\/posts\/8069\/revisions"}],"predecessor-version":[{"id":9201,"href":"https:\/\/agora.xtec.cat\/ceipsantjordi-massanet\/wp-json\/wp\/v2\/posts\/8069\/revisions\/9201"}],"wp:featuredmedia":[{"embeddable":true,"href":"https:\/\/agora.xtec.cat\/ceipsantjordi-massanet\/wp-json\/wp\/v2\/media\/8070"}],"wp:attachment":[{"href":"https:\/\/agora.xtec.cat\/ceipsantjordi-massanet\/wp-json\/wp\/v2\/media?parent=8069"}],"wp:term":[{"taxonomy":"category","embeddable":true,"href":"https:\/\/agora.xtec.cat\/ceipsantjordi-massanet\/wp-json\/wp\/v2\/categories?post=8069"},{"taxonomy":"post_tag","embeddable":true,"href":"https:\/\/agora.xtec.cat\/ceipsantjordi-massanet\/wp-json\/wp\/v2\/tags?post=8069"}],"curies":[{"name":"wp","href":"https:\/\/api.w.org\/{rel}","templated":true}]}}