{"id":802,"date":"2015-09-01T17:23:13","date_gmt":"2015-09-01T16:23:13","guid":{"rendered":"http:\/\/agora.xtec.cat\/ceipsantjordi-massanet\/?p=802"},"modified":"2015-09-01T18:03:09","modified_gmt":"2015-09-01T17:03:09","slug":"ja-hi-som","status":"publish","type":"post","link":"https:\/\/agora.xtec.cat\/ceipsantjordi-massanet\/general\/ja-hi-som\/","title":{"rendered":"Benvinguts i benvingudes al nou curs!"},"content":{"rendered":"<p>Ja hem comen\u00e7at el curs 2015-2016, com sempre amb il\u00b7lusi\u00f3. Ser\u00e0 un curs amb canvis i amb projectes nous, tamb\u00e9 hi haur\u00e0 canvis als llibres, al claustre, a l&#8217;edifici,&#8230; Se&#8217;ns ha girat molta feina per tenir-ho tot a punt per al primer dia per\u00f2 us esperem a totes i a tots! Si voleu, al portal d&#8217;Ensenyament &#8220;Fam\u00edlia i Escola&#8221; hi trobareu uns quants consells per a comen\u00e7ar b\u00e9 el nou curs!<\/p>\n<figure class=\"figure wp-caption aligncenter\"><a href=\"http:\/\/familiaiescola.gencat.cat\/ca\/recomanacions\/recomanacions\/comencemcurs\/\"><img loading=\"lazy\" decoding=\"async\" class=\"size-medium wp-image-818\" src=\"http:\/\/agora.xtec.cat\/ceipsantjordi-massanet\/wp-content\/uploads\/usu391\/2015\/09\/Captura-de-pantalla-2015-09-01-a-les-18.58.49-300x102.png\" alt=\"Clica per accedir al portal!\" width=\"300\" height=\"102\" srcset=\"https:\/\/agora.xtec.cat\/ceipsantjordi-massanet\/wp-content\/uploads\/usu391\/2015\/09\/Captura-de-pantalla-2015-09-01-a-les-18.58.49-300x102.png 300w, https:\/\/agora.xtec.cat\/ceipsantjordi-massanet\/wp-content\/uploads\/usu391\/2015\/09\/Captura-de-pantalla-2015-09-01-a-les-18.58.49.png 341w\" sizes=\"auto, (max-width: 300px) 100vw, 300px\" \/><\/a><figcaption class=\"wp-caption-text\">Clica per accedir al portal!<\/figcaption><\/figure>\n<p>&nbsp;<\/p>\n<p>&nbsp;<\/p>\n","protected":false},"excerpt":{"rendered":"<p>Ja hem comen\u00e7at el curs 2015-2016, com sempre amb il\u00b7lusi\u00f3. Ser\u00e0 un curs amb canvis i amb projectes nous, tamb\u00e9 hi haur\u00e0 canvis als llibres, al claustre, a l&#8217;edifici,&#8230; Se&#8217;ns ha girat molta feina per tenir-ho tot a punt per al primer dia per\u00f2 us&hellip;  <a href=\"https:\/\/agora.xtec.cat\/ceipsantjordi-massanet\/general\/ja-hi-som\/\" title=\"Read Benvinguts i benvingudes al nou curs!\">Llegeix m\u00e9s\u00bb<\/a><\/p>\n","protected":false},"author":4,"featured_media":0,"comment_status":"open","ping_status":"open","sticky":false,"template":"","format":"standard","meta":{"_bbp_topic_count":0,"_bbp_reply_count":0,"_bbp_total_topic_count":0,"_bbp_total_reply_count":0,"_bbp_voice_count":0,"_bbp_anonymous_reply_count":0,"_bbp_topic_count_hidden":0,"_bbp_reply_count_hidden":0,"_bbp_forum_subforum_count":0,"footnotes":""},"categories":[1,4],"tags":[],"class_list":["post-802","post","type-post","status-publish","format-standard","hentry","category-general","category-portada"],"post_mailing_queue_ids":[],"_links":{"self":[{"href":"https:\/\/agora.xtec.cat\/ceipsantjordi-massanet\/wp-json\/wp\/v2\/posts\/802","targetHints":{"allow":["GET"]}}],"collection":[{"href":"https:\/\/agora.xtec.cat\/ceipsantjordi-massanet\/wp-json\/wp\/v2\/posts"}],"about":[{"href":"https:\/\/agora.xtec.cat\/ceipsantjordi-massanet\/wp-json\/wp\/v2\/types\/post"}],"author":[{"embeddable":true,"href":"https:\/\/agora.xtec.cat\/ceipsantjordi-massanet\/wp-json\/wp\/v2\/users\/4"}],"replies":[{"embeddable":true,"href":"https:\/\/agora.xtec.cat\/ceipsantjordi-massanet\/wp-json\/wp\/v2\/comments?post=802"}],"version-history":[{"count":4,"href":"https:\/\/agora.xtec.cat\/ceipsantjordi-massanet\/wp-json\/wp\/v2\/posts\/802\/revisions"}],"predecessor-version":[{"id":820,"href":"https:\/\/agora.xtec.cat\/ceipsantjordi-massanet\/wp-json\/wp\/v2\/posts\/802\/revisions\/820"}],"wp:attachment":[{"href":"https:\/\/agora.xtec.cat\/ceipsantjordi-massanet\/wp-json\/wp\/v2\/media?parent=802"}],"wp:term":[{"taxonomy":"category","embeddable":true,"href":"https:\/\/agora.xtec.cat\/ceipsantjordi-massanet\/wp-json\/wp\/v2\/categories?post=802"},{"taxonomy":"post_tag","embeddable":true,"href":"https:\/\/agora.xtec.cat\/ceipsantjordi-massanet\/wp-json\/wp\/v2\/tags?post=802"}],"curies":[{"name":"wp","href":"https:\/\/api.w.org\/{rel}","templated":true}]}}