{"id":7849,"date":"2018-11-12T22:43:09","date_gmt":"2018-11-12T21:43:09","guid":{"rendered":"http:\/\/agora.xtec.cat\/ceipsantjordi-massanet\/?p=7849"},"modified":"2018-11-24T10:34:44","modified_gmt":"2018-11-24T09:34:44","slug":"fa-uns-quants-anys","status":"publish","type":"post","link":"https:\/\/agora.xtec.cat\/ceipsantjordi-massanet\/portada\/fa-uns-quants-anys\/","title":{"rendered":"Fa uns quants anys&#8230;"},"content":{"rendered":"<p><a href=\"https:\/\/www.tiki-toki.com\/timeline\/entry\/419947\/A-MAANET-DE-LA-SELVA\/\"><img loading=\"lazy\" decoding=\"async\" class=\"aligncenter size-large wp-image-7850\" src=\"https:\/\/agora.xtec.cat\/ceipsantjordi-massanet\/wp-content\/uploads\/usu391\/2018\/11\/ltemp-1024x468.jpg\" alt=\"\" width=\"1024\" height=\"468\" srcset=\"https:\/\/agora.xtec.cat\/ceipsantjordi-massanet\/wp-content\/uploads\/usu391\/2018\/11\/ltemp-1024x468.jpg 1024w, https:\/\/agora.xtec.cat\/ceipsantjordi-massanet\/wp-content\/uploads\/usu391\/2018\/11\/ltemp-300x137.jpg 300w, https:\/\/agora.xtec.cat\/ceipsantjordi-massanet\/wp-content\/uploads\/usu391\/2018\/11\/ltemp-768x351.jpg 768w, https:\/\/agora.xtec.cat\/ceipsantjordi-massanet\/wp-content\/uploads\/usu391\/2018\/11\/ltemp.jpg 1139w\" sizes=\"auto, (max-width: 1024px) 100vw, 1024px\" \/><\/a>Fa uns quants anys vam fer aquesta l\u00ednia del temps&#8230;(cliqueu la foto per anar-hi). Una l\u00ednia del temps \u00e9s un gr\u00e0fic que representa el pas del temps posant d&#8217;esquerra a dreta el pas dels anys. Hi ha l\u00ednies que representen un any i d&#8217;altres que representen molts segles o fins i tot centenars de milers d&#8217;anys. A la l\u00ednia apareixen m\u00e9s junts els fets que han passat amb menys anys de difer\u00e8ncia i m\u00e9s separats els que els separen m\u00e9s anys en una escala proporcionada. Si un any equival a 2 cm, 10 anys equivalen a 20 cm. Aquesta que vam fer es pot il\u00b7lustrar amb fotos i posar-hi moltes dades interessants, \u00e9s una bona eina i es diu <a href=\"http:\/\/tiki-toki.com\">Tiki-Toki<\/a>.<\/p>\n<p>&nbsp;<\/p>\n","protected":false},"excerpt":{"rendered":"<p><a href=\"https:\/\/www.tiki-toki.com\/timeline\/entry\/419947\/A-MAANET-DE-LA-SELVA\/\"><\/a>Fa uns quants anys vam fer aquesta l\u00ednia del temps&#8230;(cliqueu la foto per anar-hi). Una l\u00ednia del temps \u00e9s un gr\u00e0fic que representa el pas del temps posant d&#8217;esquerra a dreta el pas dels anys. Hi ha l\u00ednies que representen un any i d&#8217;altres&hellip;  <a href=\"https:\/\/agora.xtec.cat\/ceipsantjordi-massanet\/portada\/fa-uns-quants-anys\/\" title=\"Read Fa uns quants anys&#8230;\">Llegeix m\u00e9s\u00bb<\/a><\/p>\n","protected":false},"author":4,"featured_media":0,"comment_status":"open","ping_status":"closed","sticky":false,"template":"","format":"standard","meta":{"_bbp_topic_count":0,"_bbp_reply_count":0,"_bbp_total_topic_count":0,"_bbp_total_reply_count":0,"_bbp_voice_count":0,"_bbp_anonymous_reply_count":0,"_bbp_topic_count_hidden":0,"_bbp_reply_count_hidden":0,"_bbp_forum_subforum_count":0,"footnotes":""},"categories":[14,4,15],"tags":[],"class_list":["post-7849","post","type-post","status-publish","format-standard","hentry","category-5e","category-portada","category-6e"],"post_mailing_queue_ids":[],"_links":{"self":[{"href":"https:\/\/agora.xtec.cat\/ceipsantjordi-massanet\/wp-json\/wp\/v2\/posts\/7849","targetHints":{"allow":["GET"]}}],"collection":[{"href":"https:\/\/agora.xtec.cat\/ceipsantjordi-massanet\/wp-json\/wp\/v2\/posts"}],"about":[{"href":"https:\/\/agora.xtec.cat\/ceipsantjordi-massanet\/wp-json\/wp\/v2\/types\/post"}],"author":[{"embeddable":true,"href":"https:\/\/agora.xtec.cat\/ceipsantjordi-massanet\/wp-json\/wp\/v2\/users\/4"}],"replies":[{"embeddable":true,"href":"https:\/\/agora.xtec.cat\/ceipsantjordi-massanet\/wp-json\/wp\/v2\/comments?post=7849"}],"version-history":[{"count":3,"href":"https:\/\/agora.xtec.cat\/ceipsantjordi-massanet\/wp-json\/wp\/v2\/posts\/7849\/revisions"}],"predecessor-version":[{"id":7993,"href":"https:\/\/agora.xtec.cat\/ceipsantjordi-massanet\/wp-json\/wp\/v2\/posts\/7849\/revisions\/7993"}],"wp:attachment":[{"href":"https:\/\/agora.xtec.cat\/ceipsantjordi-massanet\/wp-json\/wp\/v2\/media?parent=7849"}],"wp:term":[{"taxonomy":"category","embeddable":true,"href":"https:\/\/agora.xtec.cat\/ceipsantjordi-massanet\/wp-json\/wp\/v2\/categories?post=7849"},{"taxonomy":"post_tag","embeddable":true,"href":"https:\/\/agora.xtec.cat\/ceipsantjordi-massanet\/wp-json\/wp\/v2\/tags?post=7849"}],"curies":[{"name":"wp","href":"https:\/\/api.w.org\/{rel}","templated":true}]}}