{"id":7544,"date":"2018-09-09T20:52:46","date_gmt":"2018-09-09T18:52:46","guid":{"rendered":"http:\/\/agora.xtec.cat\/ceipsantjordi-massanet\/?p=7544"},"modified":"2018-12-15T07:09:32","modified_gmt":"2018-12-15T06:09:32","slug":"deu-consells-per-comencar-be-el-curs","status":"publish","type":"post","link":"https:\/\/agora.xtec.cat\/ceipsantjordi-massanet\/portada\/deu-consells-per-comencar-be-el-curs\/","title":{"rendered":"Deu consells per comen\u00e7ar b\u00e9 el curs"},"content":{"rendered":"<div id=\"impacte\" class=\"FW_sImpacte\"><img loading=\"lazy\" decoding=\"async\" src=\"http:\/\/familiaiescola.gencat.cat\/web\/.content\/administratiu\/presentacions_multimedia\/arxius\/baner-familia.png_1459700458.png\" alt=\"\" width=\"1435\" height=\"119\" \/><\/div>\n<p>S&#8217;acaba l&#8217;estiu i de nou comen\u00e7a el curs escolar. Despr\u00e9s d&#8217;un temps llarg de descans, cal preparar-se per fer m\u00e9s f\u00e0cil i profitosa la tornada a l&#8217;escola dels vostres fills. Seguidament us fem arribar algunes recomanacions que cal tenir en compte per fer una posada a punt i comen\u00e7ar el curs en \u00f2ptimes condicions.<\/p>\n<p><strong>Preparar el material escolar<\/strong><\/p>\n<ul>\n<li>Feu la llista del material necessari per al nou curs juntament amb els vostres fills despr\u00e9s de valorar el que ja tenen i aprofitar el del curs anterior.<\/li>\n<li>Elaboreu un pressupost amb ells i compareu els preus en diversos establiments.<\/li>\n<li>Feu que es responsabilitzin al m\u00e0xim de les seves possibilitats en els preparatius per tornar a l&#8217;escola: folrar llibres, posar el seu nom al material nou, fer la motxilla&#8230; D&#8217;aquesta manera els implicareu m\u00e9s en el seu proc\u00e9s escolar.<\/li>\n<\/ul>\n<p><strong>Planificar el temps<\/strong><\/p>\n<ul>\n<li>Programeu juntament les activitats extraescolars i de lleure del curs, procurant que els quedi temps per estudiar, descansar, relacionar-se, jugar&#8230; Procureu que el seu horari no quedi molt atape\u00eft perqu\u00e8 cal que tamb\u00e9 comparteixin temps en fam\u00edlia, especialment els m\u00e9s petits.<br \/>\nTingueu en compte si els vostres fills van tenir cap dificultat el curs anterior, per preveure o organitzar activitats de suport o de refor\u00e7.<\/li>\n<li>Tenir en compte el per\u00edode d&#8217;adaptaci\u00f3<\/li>\n<li>En el cas que els vostres fill inici\u00efn l&#8217;escolaritat, \u00e9s important que els motiveu per fer una bona entrada a l&#8217;escola (visitant el centre, parlant-li del que trobar\u00e0 a l&#8217;escola&#8230;).<\/li>\n<li>En el cas que canvi\u00efn de centre, intenteu que coneguin els espais i puguin establir contacte amb alguns dels nous companys abans de comen\u00e7ar el curs.<\/li>\n<li>Si l&#8217;inici de curs els provoca alguna manifestaci\u00f3 d&#8217;angoixa, contacteu amb el seu tutor o tutora per informar-lo i que prengui les mesures necess\u00e0ries per facilitar la seva adaptaci\u00f3, si escau.<\/li>\n<li>Feu reflexionar els vostres fills sobre l&#8217;esfor\u00e7 i la responsabilitat que comporta comen\u00e7ar un curs m\u00e9s elevat.<\/li>\n<\/ul>\n<p><strong>Recuperar h\u00e0bits i rutines<\/strong><\/p>\n<ul>\n<li>Torneu a marcar l&#8217;horari i reprendre els h\u00e0bits i rutines (per anar a dormir, per llevar-se, per als \u00e0pats&#8230;<\/li>\n<\/ul>\n","protected":false},"excerpt":{"rendered":"<p>S&#8217;acaba l&#8217;estiu i de nou comen\u00e7a el curs escolar. Despr\u00e9s d&#8217;un temps llarg de descans, cal preparar-se per fer m\u00e9s f\u00e0cil i profitosa la tornada a l&#8217;escola dels vostres fills. Seguidament us fem arribar algunes recomanacions que cal tenir en compte per fer una posada&hellip;  <a href=\"https:\/\/agora.xtec.cat\/ceipsantjordi-massanet\/portada\/deu-consells-per-comencar-be-el-curs\/\" title=\"Read Deu consells per comen\u00e7ar b\u00e9 el curs\">Llegeix m\u00e9s\u00bb<\/a><\/p>\n","protected":false},"author":4,"featured_media":0,"comment_status":"open","ping_status":"closed","sticky":false,"template":"","format":"standard","meta":{"_bbp_topic_count":0,"_bbp_reply_count":0,"_bbp_total_topic_count":0,"_bbp_total_reply_count":0,"_bbp_voice_count":0,"_bbp_anonymous_reply_count":0,"_bbp_topic_count_hidden":0,"_bbp_reply_count_hidden":0,"_bbp_forum_subforum_count":0,"footnotes":""},"categories":[4],"tags":[],"class_list":["post-7544","post","type-post","status-publish","format-standard","hentry","category-portada"],"post_mailing_queue_ids":[],"_links":{"self":[{"href":"https:\/\/agora.xtec.cat\/ceipsantjordi-massanet\/wp-json\/wp\/v2\/posts\/7544","targetHints":{"allow":["GET"]}}],"collection":[{"href":"https:\/\/agora.xtec.cat\/ceipsantjordi-massanet\/wp-json\/wp\/v2\/posts"}],"about":[{"href":"https:\/\/agora.xtec.cat\/ceipsantjordi-massanet\/wp-json\/wp\/v2\/types\/post"}],"author":[{"embeddable":true,"href":"https:\/\/agora.xtec.cat\/ceipsantjordi-massanet\/wp-json\/wp\/v2\/users\/4"}],"replies":[{"embeddable":true,"href":"https:\/\/agora.xtec.cat\/ceipsantjordi-massanet\/wp-json\/wp\/v2\/comments?post=7544"}],"version-history":[{"count":1,"href":"https:\/\/agora.xtec.cat\/ceipsantjordi-massanet\/wp-json\/wp\/v2\/posts\/7544\/revisions"}],"predecessor-version":[{"id":7545,"href":"https:\/\/agora.xtec.cat\/ceipsantjordi-massanet\/wp-json\/wp\/v2\/posts\/7544\/revisions\/7545"}],"wp:attachment":[{"href":"https:\/\/agora.xtec.cat\/ceipsantjordi-massanet\/wp-json\/wp\/v2\/media?parent=7544"}],"wp:term":[{"taxonomy":"category","embeddable":true,"href":"https:\/\/agora.xtec.cat\/ceipsantjordi-massanet\/wp-json\/wp\/v2\/categories?post=7544"},{"taxonomy":"post_tag","embeddable":true,"href":"https:\/\/agora.xtec.cat\/ceipsantjordi-massanet\/wp-json\/wp\/v2\/tags?post=7544"}],"curies":[{"name":"wp","href":"https:\/\/api.w.org\/{rel}","templated":true}]}}