{"id":7537,"date":"2018-09-08T09:00:29","date_gmt":"2018-09-08T07:00:29","guid":{"rendered":"http:\/\/agora.xtec.cat\/ceipsantjordi-massanet\/?p=7537"},"modified":"2018-09-08T09:00:29","modified_gmt":"2018-09-08T07:00:29","slug":"el-jardi-de-roses","status":"publish","type":"post","link":"https:\/\/agora.xtec.cat\/ceipsantjordi-massanet\/general\/el-jardi-de-roses\/","title":{"rendered":"EL JARD\u00cd DE ROSES"},"content":{"rendered":"<p>Comencem a assajar amb els carillons aquesta can\u00e7\u00f3 un fragment de la partitura que els correspondria als violins. Seguim el codi de colors i els valors de les notes. El fragment \u00e9s nom\u00e9s una part de la introducci\u00f3 molta alerta amb els silencis i amb l&#8217;inici del tercer compas.<\/p>\n<p>A veure qui identifica les tres notes de carill\u00f3 &#8211; segon 11, 13 i 15 &#8211; que sonen en aquesta can\u00e7\u00f3 (ei, no s\u00f3n pas les de la partitura&#8230; o potser s\u00ed?)<\/p>\n<p>Bon assaig i&#8230;\u00a0 Molta m\u00fasica!<\/p>\n<p><img loading=\"lazy\" decoding=\"async\" class=\"aligncenter size-full wp-image-7538\" src=\"http:\/\/agora.xtec.cat\/ceipsantjordi-massanet\/wp-content\/uploads\/usu391\/2018\/09\/INTRO-JARDI-ROSES.jpg\" alt=\"\" width=\"1020\" height=\"159\" srcset=\"https:\/\/agora.xtec.cat\/ceipsantjordi-massanet\/wp-content\/uploads\/usu391\/2018\/09\/INTRO-JARDI-ROSES.jpg 1020w, https:\/\/agora.xtec.cat\/ceipsantjordi-massanet\/wp-content\/uploads\/usu391\/2018\/09\/INTRO-JARDI-ROSES-300x47.jpg 300w, https:\/\/agora.xtec.cat\/ceipsantjordi-massanet\/wp-content\/uploads\/usu391\/2018\/09\/INTRO-JARDI-ROSES-768x120.jpg 768w\" sizes=\"auto, (max-width: 1020px) 100vw, 1020px\" \/><\/p>\n<p><iframe loading=\"lazy\" src=\"https:\/\/www.youtube.com\/embed\/RLAqu9rJ0kk?rel=0\" width=\"560\" height=\"315\" frameborder=\"0\" allowfullscreen=\"allowfullscreen\"><\/iframe><\/p>\n","protected":false},"excerpt":{"rendered":"<p>Comencem a assajar amb els carillons aquesta can\u00e7\u00f3 un fragment de la partitura que els correspondria als violins. Seguim el codi de colors i els valors de les notes. El fragment \u00e9s nom\u00e9s una part de la introducci\u00f3 molta alerta amb els silencis i amb&hellip;  <a href=\"https:\/\/agora.xtec.cat\/ceipsantjordi-massanet\/general\/el-jardi-de-roses\/\" title=\"Read EL JARD\u00cd DE ROSES\">Llegeix m\u00e9s\u00bb<\/a><\/p>\n","protected":false},"author":4,"featured_media":7539,"comment_status":"open","ping_status":"closed","sticky":false,"template":"","format":"standard","meta":{"_bbp_topic_count":0,"_bbp_reply_count":0,"_bbp_total_topic_count":0,"_bbp_total_reply_count":0,"_bbp_voice_count":0,"_bbp_anonymous_reply_count":0,"_bbp_topic_count_hidden":0,"_bbp_reply_count_hidden":0,"_bbp_forum_subforum_count":0,"footnotes":""},"categories":[1],"tags":[],"class_list":["post-7537","post","type-post","status-publish","format-standard","has-post-thumbnail","hentry","category-general"],"post_mailing_queue_ids":[],"_links":{"self":[{"href":"https:\/\/agora.xtec.cat\/ceipsantjordi-massanet\/wp-json\/wp\/v2\/posts\/7537","targetHints":{"allow":["GET"]}}],"collection":[{"href":"https:\/\/agora.xtec.cat\/ceipsantjordi-massanet\/wp-json\/wp\/v2\/posts"}],"about":[{"href":"https:\/\/agora.xtec.cat\/ceipsantjordi-massanet\/wp-json\/wp\/v2\/types\/post"}],"author":[{"embeddable":true,"href":"https:\/\/agora.xtec.cat\/ceipsantjordi-massanet\/wp-json\/wp\/v2\/users\/4"}],"replies":[{"embeddable":true,"href":"https:\/\/agora.xtec.cat\/ceipsantjordi-massanet\/wp-json\/wp\/v2\/comments?post=7537"}],"version-history":[{"count":1,"href":"https:\/\/agora.xtec.cat\/ceipsantjordi-massanet\/wp-json\/wp\/v2\/posts\/7537\/revisions"}],"predecessor-version":[{"id":7540,"href":"https:\/\/agora.xtec.cat\/ceipsantjordi-massanet\/wp-json\/wp\/v2\/posts\/7537\/revisions\/7540"}],"wp:featuredmedia":[{"embeddable":true,"href":"https:\/\/agora.xtec.cat\/ceipsantjordi-massanet\/wp-json\/wp\/v2\/media\/7539"}],"wp:attachment":[{"href":"https:\/\/agora.xtec.cat\/ceipsantjordi-massanet\/wp-json\/wp\/v2\/media?parent=7537"}],"wp:term":[{"taxonomy":"category","embeddable":true,"href":"https:\/\/agora.xtec.cat\/ceipsantjordi-massanet\/wp-json\/wp\/v2\/categories?post=7537"},{"taxonomy":"post_tag","embeddable":true,"href":"https:\/\/agora.xtec.cat\/ceipsantjordi-massanet\/wp-json\/wp\/v2\/tags?post=7537"}],"curies":[{"name":"wp","href":"https:\/\/api.w.org\/{rel}","templated":true}]}}