{"id":7531,"date":"2018-09-05T12:40:29","date_gmt":"2018-09-05T10:40:29","guid":{"rendered":"http:\/\/agora.xtec.cat\/ceipsantjordi-massanet\/?p=7531"},"modified":"2025-12-16T13:41:23","modified_gmt":"2025-12-16T12:41:23","slug":"assignacio-de-cursos-i-funcions-2020-2021","status":"publish","type":"post","link":"https:\/\/agora.xtec.cat\/ceipsantjordi-massanet\/general\/assignacio-de-cursos-i-funcions-2020-2021\/","title":{"rendered":"Equip Docent 2025-2026"},"content":{"rendered":"<p><strong>EQUIP<\/strong><b> DIRECTIU<\/b><\/p>\n<p>Directora: Sandra Mayoral b7002181@xtec.cat<br \/>\nCap d&#8217;Estudis: Sebes Samblas sebes@santjordim.cat<br \/>\nSecret\u00e0ria: Gemma Borrell gemma@santjordim.cat<\/p>\n<p><b>TUTORIES I COORDINACIONS<\/b><\/p>\n<p><b>INFANTIL<\/b><br \/>\nCoordinadora: Fanny Mendoza fanny@santjordim.cat<\/p>\n<p>I3A- Rosa Corominas rosa@santjordim.cat<br \/>\nI3B- Sandra Sidera sandras@santjordim.cat<\/p>\n<p>I4A- S\u00edlvia Taberner silvia@santjordim.cat<br \/>\nI4B- Eva Carreras eva@santjordim.cat<\/p>\n<p>I5A- Fanny Mendoza fanny@santjordim.cat<br \/>\nI5B- L\u00eddia Bartomeu lidia@santjordim.cat<\/p>\n<p>Suport: Yolanda Garc\u00eda\u00a0 yoli@santjordim.cat<br \/>\nEE: Marta Corominas martac@santjordim.cat<br \/>\nSIEI: Emma Parnau emmap@santjordim.cat<\/p>\n<p>SIEI+: Aldo Lobo aldol@santjordim.cat<\/p>\n<p>TEI: S\u00edlvia Clap\u00e9s silviatei@santjordim.cat<\/p>\n<p><b>INICIAL<\/b><br \/>\nCoordinadora: Anna Prat annap@santjordim.cat<\/p>\n<p>1r A- Maria Cachinero mariac@santjordim.cat<br \/>\n1r B- Montse Soler montse@santjordim.cat<\/p>\n<p>2n A- Anna Prat annap@santjordim.cat<br \/>\n2n B- Carla Oliver carla@santjordim.cat<\/p>\n<p>M\u00fasica: Alba Puig alba@santjordim.cat<br \/>\nAngl\u00e8s: Aaron Carles aaronc@santjordim.cat<br \/>\nEd F\u00edsica: Pere Mart\u00ed pere<span class=\"\">@santjordim.ca<\/span>t<br \/>\nTecnologia: Xevi Gener xevi@santjordim.cat<br \/>\nReligi\u00f3: Xavier Gener rali@santjordim.cat<\/p>\n<p>EE: Marta Corominas martac@santjordim.cat<br \/>\nSIEI: Emma Parnau emmap@santjordim.cat<\/p>\n<p>SIEI+: Aldo Lobo aldol@santjordim.cat<\/p>\n<p>SUPORT: Gemma Borrell gemma@santjordim.cat<\/p>\n<p><b>MITJ\u00c0<\/b><br \/>\nCoordinador: Esther Masllorens esther<span class=\"\">@santjordim.cat<\/span><\/p>\n<p>3r A- \u00c0lvar Escudero alvar@santjordim.cat<br \/>\n3r B- Jordi Hern\u00e1ndez jordi@santjordim.cat<\/p>\n<p>4t A- Josep Maria Cantarero josepm@santjordim.cat<br \/>\n4t B- Nat\u00e0lia Boada natalia@santjordim.cat <span class=\"atwho-query\">cat<\/span><br \/>\n4t C- Cristina Villaronga cristina@santjordim.cat i Gema Navarrete gemman@santjordim.cat<\/p>\n<p>M\u00fasica: Alba Puig alba@santjordim.cat<br \/>\nAngl\u00e8s: Aaron Carles aaronc<span class=\"\">@santjordim.cat i Carlos Garcia carlos@santjordim.cat<\/span><br \/>\nEd F\u00edsica: Pere Mart\u00ed pere@santjordim.cat<br \/>\nTecnologia: Xevi Gener xevi@santjordim.cat<br \/>\nReligi\u00f3: Xavier Gener rali@santjordim.cat<\/p>\n<p>EE: Esther Masllorens esther<span class=\"\">@santjordim.cat<\/span><br \/>\nSIEI: Emma Parnau emmap@santjordim.cat<\/p>\n<p><b>SUPERIOR<\/b><br \/>\nCoordinador: Laia Sala laia@santjordim.cat<\/p>\n<p>5\u00e8 A- Albert Quir\u00f3s albertq@santjordim.cat<br \/>\n5\u00e8 B- Laia Sala laia@santjordim.cat<\/p>\n<p>6\u00e8 A- Marta Vidal martav@santjordim.cat<br \/>\n6\u00e8 B- Quim Castells quimc@santjordim.cat<\/p>\n<p>M\u00fasica: Alba Puig alba@santjordim.cat<br \/>\nAngl\u00e8s: <span class=\"\">Carlos Garcia carlos@santjordim.cat<\/span><br \/>\nEd F\u00edsica: Pere Mart\u00ed pere@santjordim.cat<br \/>\nTecnologia: Xevi Gener xevi@santjordim.cat<br \/>\nReligi\u00f3: Xavier Gener rali@santjordim.cat<\/p>\n<p>EE: Esther Masllorens esther@santjordim.cat<\/p>\n<p>SIEI: Emma Parnau emmap@santjordim.cat<\/p>\n<p><b>ALTRES COORDINADORS<\/b><br \/>\nRiscos Laborals: Jordi Hern\u00e1ndez jordi@santjordim.cat<br \/>\nDigital: Xevi Gener xevi@santjordim.cat<\/p>\n<p><b>T\u00c8CNICS<\/b><br \/>\nTIS: Mari Moruno mari@santjordim.cat<br \/>\nTEI: S\u00edlvia Clap\u00e9s silviatei@santjordim.cat<br \/>\nEducadora SIEI: F\u00e0tima Gil fatima@santjordim.cat<br \/>\nVetlladora: Judit G\u00fcell i M\u00edriam Dom\u00e9nech<br \/>\nPromotor Escolar: Chelo Heredia<br \/>\nAdministratiu: Xavier Piany pi@santjordim.cat<\/p>\n<p>(PROCUREM MANTENIR AL DIA AQUESTA LLISTA. Les substitucions no hi apareixen a no ser que siguin de llarga durada)<\/p>\n","protected":false},"excerpt":{"rendered":"<p>Llista d&#8217;assignacions dels mestres i les mestres a cada curs&hellip;  <a href=\"https:\/\/agora.xtec.cat\/ceipsantjordi-massanet\/general\/assignacio-de-cursos-i-funcions-2020-2021\/\" title=\"Read Equip Docent 2025-2026\">Llegeix m\u00e9s\u00bb<\/a><\/p>\n","protected":false},"author":4,"featured_media":0,"comment_status":"open","ping_status":"closed","sticky":false,"template":"","format":"standard","meta":{"_bbp_topic_count":0,"_bbp_reply_count":0,"_bbp_total_topic_count":0,"_bbp_total_reply_count":0,"_bbp_voice_count":0,"_bbp_anonymous_reply_count":0,"_bbp_topic_count_hidden":0,"_bbp_reply_count_hidden":0,"_bbp_forum_subforum_count":0,"footnotes":""},"categories":[1],"tags":[],"class_list":["post-7531","post","type-post","status-publish","format-standard","hentry","category-general"],"post_mailing_queue_ids":[],"_links":{"self":[{"href":"https:\/\/agora.xtec.cat\/ceipsantjordi-massanet\/wp-json\/wp\/v2\/posts\/7531","targetHints":{"allow":["GET"]}}],"collection":[{"href":"https:\/\/agora.xtec.cat\/ceipsantjordi-massanet\/wp-json\/wp\/v2\/posts"}],"about":[{"href":"https:\/\/agora.xtec.cat\/ceipsantjordi-massanet\/wp-json\/wp\/v2\/types\/post"}],"author":[{"embeddable":true,"href":"https:\/\/agora.xtec.cat\/ceipsantjordi-massanet\/wp-json\/wp\/v2\/users\/4"}],"replies":[{"embeddable":true,"href":"https:\/\/agora.xtec.cat\/ceipsantjordi-massanet\/wp-json\/wp\/v2\/comments?post=7531"}],"version-history":[{"count":7,"href":"https:\/\/agora.xtec.cat\/ceipsantjordi-massanet\/wp-json\/wp\/v2\/posts\/7531\/revisions"}],"predecessor-version":[{"id":21194,"href":"https:\/\/agora.xtec.cat\/ceipsantjordi-massanet\/wp-json\/wp\/v2\/posts\/7531\/revisions\/21194"}],"wp:attachment":[{"href":"https:\/\/agora.xtec.cat\/ceipsantjordi-massanet\/wp-json\/wp\/v2\/media?parent=7531"}],"wp:term":[{"taxonomy":"category","embeddable":true,"href":"https:\/\/agora.xtec.cat\/ceipsantjordi-massanet\/wp-json\/wp\/v2\/categories?post=7531"},{"taxonomy":"post_tag","embeddable":true,"href":"https:\/\/agora.xtec.cat\/ceipsantjordi-massanet\/wp-json\/wp\/v2\/tags?post=7531"}],"curies":[{"name":"wp","href":"https:\/\/api.w.org\/{rel}","templated":true}]}}