{"id":7525,"date":"2018-07-04T08:50:30","date_gmt":"2018-07-04T06:50:30","guid":{"rendered":"http:\/\/agora.xtec.cat\/ceipsantjordi-massanet\/?p=7525"},"modified":"2018-07-04T08:50:30","modified_gmt":"2018-07-04T06:50:30","slug":"llibres","status":"publish","type":"post","link":"https:\/\/agora.xtec.cat\/ceipsantjordi-massanet\/portada\/llibres\/","title":{"rendered":"LLIBRES"},"content":{"rendered":"<p>Us recordem que des d&#8217;avui fins el 30 de juliol s&#8217;obre el per\u00edode de reserva ONLINE dels llibres. L&#8217;AMPA us podr\u00e0 donar un cop de m\u00e0 entre el 23 i el 27 de 17:30 a 19:30. Heu de demanar hora per WAPP al 644311033 i 620077438. Per a qualsevol dubte poseu-vos en contacte amb aquests n\u00fameros. Gr\u00e0cies i molt bon estiu!<\/p>\n","protected":false},"excerpt":{"rendered":"<p>Us recordem que des d&#8217;avui fins el 30 de juliol s&#8217;obre el per\u00edode de reserva ONLINE dels llibres. L&#8217;AMPA us podr\u00e0 donar un cop de m\u00e0 entre el 23 i el 27 de 17:30 a 19:30. Heu de demanar hora per WAPP al 644311033 i&hellip;  <a href=\"https:\/\/agora.xtec.cat\/ceipsantjordi-massanet\/portada\/llibres\/\" title=\"Read LLIBRES\">Llegeix m\u00e9s\u00bb<\/a><\/p>\n","protected":false},"author":4,"featured_media":0,"comment_status":"open","ping_status":"closed","sticky":false,"template":"","format":"standard","meta":{"_bbp_topic_count":0,"_bbp_reply_count":0,"_bbp_total_topic_count":0,"_bbp_total_reply_count":0,"_bbp_voice_count":0,"_bbp_anonymous_reply_count":0,"_bbp_topic_count_hidden":0,"_bbp_reply_count_hidden":0,"_bbp_forum_subforum_count":0,"footnotes":""},"categories":[4],"tags":[],"class_list":["post-7525","post","type-post","status-publish","format-standard","hentry","category-portada"],"post_mailing_queue_ids":[],"_links":{"self":[{"href":"https:\/\/agora.xtec.cat\/ceipsantjordi-massanet\/wp-json\/wp\/v2\/posts\/7525","targetHints":{"allow":["GET"]}}],"collection":[{"href":"https:\/\/agora.xtec.cat\/ceipsantjordi-massanet\/wp-json\/wp\/v2\/posts"}],"about":[{"href":"https:\/\/agora.xtec.cat\/ceipsantjordi-massanet\/wp-json\/wp\/v2\/types\/post"}],"author":[{"embeddable":true,"href":"https:\/\/agora.xtec.cat\/ceipsantjordi-massanet\/wp-json\/wp\/v2\/users\/4"}],"replies":[{"embeddable":true,"href":"https:\/\/agora.xtec.cat\/ceipsantjordi-massanet\/wp-json\/wp\/v2\/comments?post=7525"}],"version-history":[{"count":1,"href":"https:\/\/agora.xtec.cat\/ceipsantjordi-massanet\/wp-json\/wp\/v2\/posts\/7525\/revisions"}],"predecessor-version":[{"id":7526,"href":"https:\/\/agora.xtec.cat\/ceipsantjordi-massanet\/wp-json\/wp\/v2\/posts\/7525\/revisions\/7526"}],"wp:attachment":[{"href":"https:\/\/agora.xtec.cat\/ceipsantjordi-massanet\/wp-json\/wp\/v2\/media?parent=7525"}],"wp:term":[{"taxonomy":"category","embeddable":true,"href":"https:\/\/agora.xtec.cat\/ceipsantjordi-massanet\/wp-json\/wp\/v2\/categories?post=7525"},{"taxonomy":"post_tag","embeddable":true,"href":"https:\/\/agora.xtec.cat\/ceipsantjordi-massanet\/wp-json\/wp\/v2\/tags?post=7525"}],"curies":[{"name":"wp","href":"https:\/\/api.w.org\/{rel}","templated":true}]}}