{"id":7504,"date":"2018-06-25T21:50:24","date_gmt":"2018-06-25T19:50:24","guid":{"rendered":"http:\/\/agora.xtec.cat\/ceipsantjordi-massanet\/?p=7504"},"modified":"2019-01-19T18:40:24","modified_gmt":"2019-01-19T17:40:24","slug":"moments-de-final-de-curs-bon-estiu-a-tothom","status":"publish","type":"post","link":"https:\/\/agora.xtec.cat\/ceipsantjordi-massanet\/portada\/moments-de-final-de-curs-bon-estiu-a-tothom\/","title":{"rendered":"PLENARI I DINAR DE FINAL DE CURS"},"content":{"rendered":"<p><strong>REUNI\u00d3 DE PLENARI DE LA COMUNITAT, DINAR DE FINAL DE CURS I FESTA DE L&#8217;ESCUMA<\/strong><\/p>\n<p><iframe loading=\"lazy\" src=\"https:\/\/www.youtube.com\/embed\/LDbYTHHc2Hs?rel=0\" width=\"560\" height=\"315\" frameborder=\"0\" allowfullscreen=\"allowfullscreen\"><\/iframe><\/p>\n<p>https:\/\/www.youtube.com\/watch?v=OdMSGVinnTI<br \/>\nCom cada curs abans del dinar de final de curs fem la sessi\u00f3 del Plenari de la Comunitat d&#8217;Aprenentatge on fem la valoraci\u00f3 de les activitats del curs.<\/p>\n<p><strong>ACTIVITATS DE LA COMUNITAT:<\/strong><br \/>\nParticipaci\u00f3 voluntariat<br \/>\nProjectes<br \/>\nGrups interactius<br \/>\nBiblio-pati<br \/>\nSuports lectura a Cicle inicial i c\u00e0lcul a 6\u00e8.<br \/>\nTemes solidaris varis ( rober, carmanyola, reutilitzaci\u00f3 materials\u2026)<br \/>\nDecoraci\u00f3 i ambientaci\u00f3<br \/>\nGesti\u00f3 de Festes ( Marat\u00f3 solid\u00e0ria TV3, Nadal, Diada de la Pau\u2026)<br \/>\nVoluntariat arranjaments centre ( menjador escolar)<br \/>\nTert\u00falies amb fam\u00edlies<\/p>\n<p><strong>TEMES ESCOLARS<\/strong><\/p>\n<p>Reunions peri\u00f2diques del Consell Escolar ( sis) i temes tractats<br \/>\nNova AMPA<br \/>\nEs valoren molt positivament tots els aspectes de participaci\u00f3 per\u00f2 es proposa seguir-hi insistint per tal d\u2019ampliar al m\u00e0xim la participaci\u00f3 i aprofitar els recursos de la Comunitat i fer-los rendir al m\u00e0xim.<\/p>\n<p>Aquest curs tamb\u00e9 valorem positivament per al poble i les fam\u00edlies que costa una mica trobar voluntaris perqu\u00e8 l&#8217;atur est\u00e0 baixant dr\u00e0sticament i la situaci\u00f3 de moltes fam\u00edlies ha millorat molt. Aix\u00ed i tot, seguim tenint col\u00b7laboraci\u00f3 per a les activitats.<\/p>\n","protected":false},"excerpt":{"rendered":"<p>REUNI\u00d3 DE PLENARI DE LA COMUNITAT, DINAR DE FINAL DE CURS I FESTA DE L&#8217;ESCUMA<\/p>\n<p>https:\/\/www.youtube.com\/watch?v=OdMSGVinnTI<br \/>\nCom cada curs abans del dinar de final de curs fem la sessi\u00f3 del Plenari de la Comunitat d&#8217;Aprenentatge on fem la valoraci\u00f3 de les activitats del curs.<br \/>\nACTIVITATS DE LA COMUNITAT:<br \/>\nParticipaci\u00f3&hellip;  <a href=\"https:\/\/agora.xtec.cat\/ceipsantjordi-massanet\/portada\/moments-de-final-de-curs-bon-estiu-a-tothom\/\" title=\"Read PLENARI I DINAR DE FINAL DE CURS\">Llegeix m\u00e9s\u00bb<\/a><\/p>\n","protected":false},"author":4,"featured_media":0,"comment_status":"open","ping_status":"closed","sticky":false,"template":"","format":"standard","meta":{"_bbp_topic_count":0,"_bbp_reply_count":0,"_bbp_total_topic_count":0,"_bbp_total_reply_count":0,"_bbp_voice_count":0,"_bbp_anonymous_reply_count":0,"_bbp_topic_count_hidden":0,"_bbp_reply_count_hidden":0,"_bbp_forum_subforum_count":0,"footnotes":""},"categories":[4,5],"tags":[],"class_list":["post-7504","post","type-post","status-publish","format-standard","hentry","category-portada","category-primaria"],"post_mailing_queue_ids":[],"_links":{"self":[{"href":"https:\/\/agora.xtec.cat\/ceipsantjordi-massanet\/wp-json\/wp\/v2\/posts\/7504","targetHints":{"allow":["GET"]}}],"collection":[{"href":"https:\/\/agora.xtec.cat\/ceipsantjordi-massanet\/wp-json\/wp\/v2\/posts"}],"about":[{"href":"https:\/\/agora.xtec.cat\/ceipsantjordi-massanet\/wp-json\/wp\/v2\/types\/post"}],"author":[{"embeddable":true,"href":"https:\/\/agora.xtec.cat\/ceipsantjordi-massanet\/wp-json\/wp\/v2\/users\/4"}],"replies":[{"embeddable":true,"href":"https:\/\/agora.xtec.cat\/ceipsantjordi-massanet\/wp-json\/wp\/v2\/comments?post=7504"}],"version-history":[{"count":3,"href":"https:\/\/agora.xtec.cat\/ceipsantjordi-massanet\/wp-json\/wp\/v2\/posts\/7504\/revisions"}],"predecessor-version":[{"id":7515,"href":"https:\/\/agora.xtec.cat\/ceipsantjordi-massanet\/wp-json\/wp\/v2\/posts\/7504\/revisions\/7515"}],"wp:attachment":[{"href":"https:\/\/agora.xtec.cat\/ceipsantjordi-massanet\/wp-json\/wp\/v2\/media?parent=7504"}],"wp:term":[{"taxonomy":"category","embeddable":true,"href":"https:\/\/agora.xtec.cat\/ceipsantjordi-massanet\/wp-json\/wp\/v2\/categories?post=7504"},{"taxonomy":"post_tag","embeddable":true,"href":"https:\/\/agora.xtec.cat\/ceipsantjordi-massanet\/wp-json\/wp\/v2\/tags?post=7504"}],"curies":[{"name":"wp","href":"https:\/\/api.w.org\/{rel}","templated":true}]}}