{"id":749,"date":"2015-06-22T12:23:36","date_gmt":"2015-06-22T11:23:36","guid":{"rendered":"http:\/\/agora.xtec.cat\/ceipsantjordi-massanet\/?p=749"},"modified":"2015-09-01T17:49:31","modified_gmt":"2015-09-01T16:49:31","slug":"reunio-arrossada-del-plenari-de-la-comunitat","status":"publish","type":"post","link":"https:\/\/agora.xtec.cat\/ceipsantjordi-massanet\/general\/reunio-arrossada-del-plenari-de-la-comunitat\/","title":{"rendered":"Reuni\u00f3-arrossada del Plenari de la Comunitat."},"content":{"rendered":"<p>Aquest any el plenari ha estat una sessi\u00f3 multitudin\u00e0ria acompanyada per una arrossada popular. (pendent la galeria fotogr\u00e0fica)<\/p>\n<p>La gestora ha debatut sobre els temes seg\u00fcents.<\/p>\n<p>ACTIVITATS DE LA COMUNITAT:<\/p>\n<ol>\n<li>Participaci\u00f3 voluntariat<\/li>\n<li>Projectes<\/li>\n<li>Grups interactius<\/li>\n<li>Biblio-pati<\/li>\n<li>Suports lectura a Cicle inicial i c\u00e0lcul a 6\u00e8.<\/li>\n<li>Temes solidaris varis ( rober, carmanyola, reutilitzaci\u00f3 materials&#8230;)<\/li>\n<li>Decoraci\u00f3 i ambientaci\u00f3<\/li>\n<li>Gesti\u00f3 de Festes ( Marat\u00f3 solid\u00e0ria TV3, Nadal, Diada de la Pau&#8230;)<\/li>\n<li>Voluntariat arranjaments centre ( menjador escolar)<\/li>\n<li>Tert\u00falies amb fam\u00edlies<\/li>\n<\/ol>\n<p>TEMES ESCOLARS<\/p>\n<ol>\n<li>Reunions peri\u00f2diques del Consell Escolar ( sis) i temes tractats<\/li>\n<li>Nova AMPA<\/li>\n<li>Comiat dels Mestres que marxen de l\u2019escola i del Cap d\u2019Estudis ( obsequi al Cap d\u2019Estudis )<\/li>\n<\/ol>\n<p>Es valoren molt positivament tots els aspectes de participaci\u00f3 per\u00f2 es proposa seguir-hi insistint per tal d&#8217;ampliar al m\u00e0xim la participaci\u00f3 i aprofitar els recursos de la Comunitat i fer-los rendir al m\u00e0xim.<\/p>\n<p>&nbsp;<\/p>\n","protected":false},"excerpt":{"rendered":"<p>Aquest any el plenari ha estat una sessi\u00f3 multitudin\u00e0ria acompanyada per una arrossada popular. (pendent la galeria fotogr\u00e0fica)<br \/>\nLa gestora ha debatut sobre els temes seg\u00fcents.<br \/>\nACTIVITATS DE LA COMUNITAT:<\/p>\n<ol>\n<li>Participaci\u00f3 voluntariat<\/li>\n<li>Projectes<\/li>\n<li>Grups interactius<\/li>\n<li>Biblio-pati<\/li>\n<li>Suports lectura a Cicle inicial i c\u00e0lcul a 6\u00e8.<\/li>\n<li>Temes solidaris varis ( rober, carmanyola, reutilitzaci\u00f3 materials&#8230;)<\/li>\n<li>Decoraci\u00f3&hellip;  <a href=\"https:\/\/agora.xtec.cat\/ceipsantjordi-massanet\/general\/reunio-arrossada-del-plenari-de-la-comunitat\/\" title=\"Read Reuni\u00f3-arrossada del Plenari de la Comunitat.\">Llegeix m\u00e9s\u00bb<\/a><br \/>\n","protected":false},"author":4,"featured_media":0,"comment_status":"open","ping_status":"open","sticky":false,"template":"","format":"standard","meta":{"_bbp_topic_count":0,"_bbp_reply_count":0,"_bbp_total_topic_count":0,"_bbp_total_reply_count":0,"_bbp_voice_count":0,"_bbp_anonymous_reply_count":0,"_bbp_topic_count_hidden":0,"_bbp_reply_count_hidden":0,"_bbp_forum_subforum_count":0,"footnotes":""},"categories":[1],"tags":[],"class_list":["post-749","post","type-post","status-publish","format-standard","hentry","category-general"],"post_mailing_queue_ids":[],"_links":{"self":[{"href":"https:\/\/agora.xtec.cat\/ceipsantjordi-massanet\/wp-json\/wp\/v2\/posts\/749","targetHints":{"allow":["GET"]}}],"collection":[{"href":"https:\/\/agora.xtec.cat\/ceipsantjordi-massanet\/wp-json\/wp\/v2\/posts"}],"about":[{"href":"https:\/\/agora.xtec.cat\/ceipsantjordi-massanet\/wp-json\/wp\/v2\/types\/post"}],"author":[{"embeddable":true,"href":"https:\/\/agora.xtec.cat\/ceipsantjordi-massanet\/wp-json\/wp\/v2\/users\/4"}],"replies":[{"embeddable":true,"href":"https:\/\/agora.xtec.cat\/ceipsantjordi-massanet\/wp-json\/wp\/v2\/comments?post=749"}],"version-history":[{"count":2,"href":"https:\/\/agora.xtec.cat\/ceipsantjordi-massanet\/wp-json\/wp\/v2\/posts\/749\/revisions"}],"predecessor-version":[{"id":751,"href":"https:\/\/agora.xtec.cat\/ceipsantjordi-massanet\/wp-json\/wp\/v2\/posts\/749\/revisions\/751"}],"wp:attachment":[{"href":"https:\/\/agora.xtec.cat\/ceipsantjordi-massanet\/wp-json\/wp\/v2\/media?parent=749"}],"wp:term":[{"taxonomy":"category","embeddable":true,"href":"https:\/\/agora.xtec.cat\/ceipsantjordi-massanet\/wp-json\/wp\/v2\/categories?post=749"},{"taxonomy":"post_tag","embeddable":true,"href":"https:\/\/agora.xtec.cat\/ceipsantjordi-massanet\/wp-json\/wp\/v2\/tags?post=749"}],"curies":[{"name":"wp","href":"https:\/\/api.w.org\/{rel}","templated":true}]}}