{"id":7211,"date":"2018-06-02T08:34:41","date_gmt":"2018-06-02T06:34:41","guid":{"rendered":"http:\/\/agora.xtec.cat\/ceipsantjordi-massanet\/?p=7211"},"modified":"2018-06-02T08:34:41","modified_gmt":"2018-06-02T06:34:41","slug":"canco-del-mes-de-juny","status":"publish","type":"post","link":"https:\/\/agora.xtec.cat\/ceipsantjordi-massanet\/portada\/canco-del-mes-de-juny\/","title":{"rendered":"Can\u00e7\u00f3 del m\u00e9s de juny"},"content":{"rendered":"<p><iframe loading=\"lazy\" src=\"https:\/\/www.youtube.com\/embed\/sfaJ6BMdFCY?rel=0\" width=\"560\" height=\"315\" frameborder=\"0\" allowfullscreen=\"allowfullscreen\"><\/iframe><\/p>\n<p>Aquest mes una obra instumental, una sardana del genial compositor de Sant Feliu de Gu\u00edxols,<a href=\"https:\/\/ca.wikipedia.org\/wiki\/Juli_Garreta_i_Arboix\"> Juli Garreta<\/a>,<a href=\"https:\/\/ca.wikipedia.org\/wiki\/Juny_(Garreta)\"> &#8220;Juny&#8221;<\/a> interpretada per la cobla <a href=\"http:\/\/laprincipaldelabisbal.com\/portal\/\">&#8220;La Principal de la Bisbal&#8221;<\/a>. Alguns experts asseguren que es va escriure a Romany\u00e0, inspirada tot veient els segadors fent la seva feina, volent ser un s\u00edmbol del treball f\u00edsic i d&#8217;identificaci\u00f3 amb la terra. Recordeu el canvi clim\u00e0tic, aleshores no deuria fer tanta calor com ara, per\u00f2 segur que segar a m\u00e0 era una feina molt i molt dura. L&#8217;escenari que es veu a l&#8217;enregistrament \u00e9s el <a href=\"http:\/\/www.palaumusica.cat\/ca\">Palau de la M\u00fasica<\/a>, edifici modernista projectat per l&#8217;arquitecte <a href=\"https:\/\/ca.wikipedia.org\/wiki\/Llu%C3%ADs_Dom%C3%A8nech_i_Montaner\">Llu\u00eds Dom\u00e8nech i Montaner.<\/a><\/p>\n<p>&nbsp;<\/p>\n","protected":false},"excerpt":{"rendered":"<p>Aquest mes una obra instumental, una sardana del genial compositor de Sant Feliu de Gu\u00edxols,<a href=\"https:\/\/ca.wikipedia.org\/wiki\/Juli_Garreta_i_Arboix\"> Juli Garreta<\/a>,<a href=\"https:\/\/ca.wikipedia.org\/wiki\/Juny_(Garreta)\"> &#8220;Juny&#8221;<\/a> interpretada per la cobla <a href=\"http:\/\/laprincipaldelabisbal.com\/portal\/\">&#8220;La Principal de la Bisbal&#8221;<\/a>. Alguns experts asseguren que es va escriure a Romany\u00e0, inspirada tot veient els segadors fent&hellip;  <a href=\"https:\/\/agora.xtec.cat\/ceipsantjordi-massanet\/portada\/canco-del-mes-de-juny\/\" title=\"Read Can\u00e7\u00f3 del m\u00e9s de juny\">Llegeix m\u00e9s\u00bb<\/a><\/p>\n","protected":false},"author":4,"featured_media":7212,"comment_status":"open","ping_status":"closed","sticky":false,"template":"","format":"standard","meta":{"_bbp_topic_count":0,"_bbp_reply_count":0,"_bbp_total_topic_count":0,"_bbp_total_reply_count":0,"_bbp_voice_count":0,"_bbp_anonymous_reply_count":0,"_bbp_topic_count_hidden":0,"_bbp_reply_count_hidden":0,"_bbp_forum_subforum_count":0,"footnotes":""},"categories":[27,4],"tags":[],"class_list":["post-7211","post","type-post","status-publish","format-standard","has-post-thumbnail","hentry","category-musica","category-portada"],"post_mailing_queue_ids":[],"_links":{"self":[{"href":"https:\/\/agora.xtec.cat\/ceipsantjordi-massanet\/wp-json\/wp\/v2\/posts\/7211","targetHints":{"allow":["GET"]}}],"collection":[{"href":"https:\/\/agora.xtec.cat\/ceipsantjordi-massanet\/wp-json\/wp\/v2\/posts"}],"about":[{"href":"https:\/\/agora.xtec.cat\/ceipsantjordi-massanet\/wp-json\/wp\/v2\/types\/post"}],"author":[{"embeddable":true,"href":"https:\/\/agora.xtec.cat\/ceipsantjordi-massanet\/wp-json\/wp\/v2\/users\/4"}],"replies":[{"embeddable":true,"href":"https:\/\/agora.xtec.cat\/ceipsantjordi-massanet\/wp-json\/wp\/v2\/comments?post=7211"}],"version-history":[{"count":1,"href":"https:\/\/agora.xtec.cat\/ceipsantjordi-massanet\/wp-json\/wp\/v2\/posts\/7211\/revisions"}],"predecessor-version":[{"id":7213,"href":"https:\/\/agora.xtec.cat\/ceipsantjordi-massanet\/wp-json\/wp\/v2\/posts\/7211\/revisions\/7213"}],"wp:featuredmedia":[{"embeddable":true,"href":"https:\/\/agora.xtec.cat\/ceipsantjordi-massanet\/wp-json\/wp\/v2\/media\/7212"}],"wp:attachment":[{"href":"https:\/\/agora.xtec.cat\/ceipsantjordi-massanet\/wp-json\/wp\/v2\/media?parent=7211"}],"wp:term":[{"taxonomy":"category","embeddable":true,"href":"https:\/\/agora.xtec.cat\/ceipsantjordi-massanet\/wp-json\/wp\/v2\/categories?post=7211"},{"taxonomy":"post_tag","embeddable":true,"href":"https:\/\/agora.xtec.cat\/ceipsantjordi-massanet\/wp-json\/wp\/v2\/tags?post=7211"}],"curies":[{"name":"wp","href":"https:\/\/api.w.org\/{rel}","templated":true}]}}