{"id":717,"date":"2015-06-15T12:03:35","date_gmt":"2015-06-15T11:03:35","guid":{"rendered":"http:\/\/agora.xtec.cat\/ceipsantjordi-massanet\/?p=717"},"modified":"2015-06-15T12:14:07","modified_gmt":"2015-06-15T11:14:07","slug":"resultats-de-lenquesta-de-les-propostes-horaries","status":"publish","type":"post","link":"https:\/\/agora.xtec.cat\/ceipsantjordi-massanet\/general\/resultats-de-lenquesta-de-les-propostes-horaries\/","title":{"rendered":"Resultats de l&#8217;enquesta de les propostes hor\u00e0ries"},"content":{"rendered":"<p>Un cop comptabilitzats els 142 resultats de les enquestes de les fam\u00edlies de l&#8217;escola\u00a0 (equivalen a uns 210 nens i nenes), i els dels mestres i altre personal del centre, els resultats han estat els seg\u00fcents. Aix\u00f2 vol dir que si no hi ha cap canvi administratiu, l&#8217;horari del proper curs 15-16 ser\u00e0 el mateix que el d&#8217;aquest:<\/p>\n<p>Matins: de 8:30 a 12 i tardes de 3 a 4:30<\/p>\n<p>Us donem les gr\u00e0cies per haver participat a l&#8217;enquesta i us emplacem a properes enquestes sobre temes d&#8217;inter\u00e8s sobre els quals necessitem les vostres opinions.<\/p>\n<p><a href=\"http:\/\/agora.xtec.cat\/ceipsantjordi-massanet\/wp-content\/uploads\/usu391\/2015\/06\/resultat-enquesta1.png\"><img loading=\"lazy\" decoding=\"async\" class=\"alignnone wp-image-721 size-large\" src=\"http:\/\/agora.xtec.cat\/ceipsantjordi-massanet\/wp-content\/uploads\/usu391\/2015\/06\/resultat-enquesta1-1024x849.png\" alt=\"resultat enquesta\" width=\"1024\" height=\"849\" srcset=\"https:\/\/agora.xtec.cat\/ceipsantjordi-massanet\/wp-content\/uploads\/usu391\/2015\/06\/resultat-enquesta1-1024x849.png 1024w, https:\/\/agora.xtec.cat\/ceipsantjordi-massanet\/wp-content\/uploads\/usu391\/2015\/06\/resultat-enquesta1-300x250.png 300w, https:\/\/agora.xtec.cat\/ceipsantjordi-massanet\/wp-content\/uploads\/usu391\/2015\/06\/resultat-enquesta1.png 1210w\" sizes=\"auto, (max-width: 1024px) 100vw, 1024px\" \/><\/a><\/p>\n","protected":false},"excerpt":{"rendered":"<p>Un cop comptabilitzats els 142 resultats de les enquestes de les fam\u00edlies de l&#8217;escola, (equivalen a uns 210 nens i nenes), els resultats han estat els seg\u00fcents.Aix\u00f2 vol dir que si no hi ha cap canvi administratiu, l&#8217;horari del proper curs ser\u00e0 el mateix que aquest&hellip;  <a href=\"https:\/\/agora.xtec.cat\/ceipsantjordi-massanet\/general\/resultats-de-lenquesta-de-les-propostes-horaries\/\" title=\"Read Resultats de l&#8217;enquesta de les propostes hor\u00e0ries\">Llegeix m\u00e9s\u00bb<\/a><\/p>\n","protected":false},"author":4,"featured_media":721,"comment_status":"open","ping_status":"open","sticky":false,"template":"","format":"standard","meta":{"_bbp_topic_count":0,"_bbp_reply_count":0,"_bbp_total_topic_count":0,"_bbp_total_reply_count":0,"_bbp_voice_count":0,"_bbp_anonymous_reply_count":0,"_bbp_topic_count_hidden":0,"_bbp_reply_count_hidden":0,"_bbp_forum_subforum_count":0,"footnotes":""},"categories":[7,1,4],"tags":[],"class_list":["post-717","post","type-post","status-publish","format-standard","has-post-thumbnail","hentry","category-ampa","category-general","category-portada"],"post_mailing_queue_ids":[],"_links":{"self":[{"href":"https:\/\/agora.xtec.cat\/ceipsantjordi-massanet\/wp-json\/wp\/v2\/posts\/717","targetHints":{"allow":["GET"]}}],"collection":[{"href":"https:\/\/agora.xtec.cat\/ceipsantjordi-massanet\/wp-json\/wp\/v2\/posts"}],"about":[{"href":"https:\/\/agora.xtec.cat\/ceipsantjordi-massanet\/wp-json\/wp\/v2\/types\/post"}],"author":[{"embeddable":true,"href":"https:\/\/agora.xtec.cat\/ceipsantjordi-massanet\/wp-json\/wp\/v2\/users\/4"}],"replies":[{"embeddable":true,"href":"https:\/\/agora.xtec.cat\/ceipsantjordi-massanet\/wp-json\/wp\/v2\/comments?post=717"}],"version-history":[{"count":3,"href":"https:\/\/agora.xtec.cat\/ceipsantjordi-massanet\/wp-json\/wp\/v2\/posts\/717\/revisions"}],"predecessor-version":[{"id":725,"href":"https:\/\/agora.xtec.cat\/ceipsantjordi-massanet\/wp-json\/wp\/v2\/posts\/717\/revisions\/725"}],"wp:featuredmedia":[{"embeddable":true,"href":"https:\/\/agora.xtec.cat\/ceipsantjordi-massanet\/wp-json\/wp\/v2\/media\/721"}],"wp:attachment":[{"href":"https:\/\/agora.xtec.cat\/ceipsantjordi-massanet\/wp-json\/wp\/v2\/media?parent=717"}],"wp:term":[{"taxonomy":"category","embeddable":true,"href":"https:\/\/agora.xtec.cat\/ceipsantjordi-massanet\/wp-json\/wp\/v2\/categories?post=717"},{"taxonomy":"post_tag","embeddable":true,"href":"https:\/\/agora.xtec.cat\/ceipsantjordi-massanet\/wp-json\/wp\/v2\/tags?post=717"}],"curies":[{"name":"wp","href":"https:\/\/api.w.org\/{rel}","templated":true}]}}