{"id":7106,"date":"2018-05-16T11:29:02","date_gmt":"2018-05-16T09:29:02","guid":{"rendered":"http:\/\/agora.xtec.cat\/ceipsantjordi-massanet\/?p=7106"},"modified":"2018-05-16T11:29:02","modified_gmt":"2018-05-16T09:29:02","slug":"la-canco-del-mes","status":"publish","type":"post","link":"https:\/\/agora.xtec.cat\/ceipsantjordi-massanet\/portada\/la-canco-del-mes\/","title":{"rendered":"La can\u00e7\u00f3 del mes"},"content":{"rendered":"<p><iframe loading=\"lazy\" src=\"https:\/\/www.youtube.com\/embed\/SQ8HNeYLEe4?rel=0\" width=\"560\" height=\"315\" frameborder=\"0\" allowfullscreen=\"allowfullscreen\"><\/iframe><\/p>\n<p>Aquest \u00e9s el mes de &#8220;Girona temps de flors&#8221; i es celebra el festival &#8220;Girona a capella&#8221;. Com cada any us presentem una can\u00e7\u00f3 en aquest format. Esperem que us agradi! El grup Ylvis ens presenta una can\u00e7\u00f3 dedicada al buylling on el grup dona el seu suport a un nen que pateix aquest problema. Aqu\u00ed teniu l&#8217;enlla\u00e7 per si voleu anar-hi: hi ha moltes activitats gratu\u00eftes!<\/p>\n<p><a href=\"http:\/\/www.gironacappella.cat\/index.php\/ca\/\"><img loading=\"lazy\" decoding=\"async\" class=\"alignnone size-large\" src=\"http:\/\/www.gironacappella.cat\/images\/imatges\/logos\/logo_2018_groc.png\" width=\"172\" height=\"71\" \/><\/a><\/p>\n","protected":false},"excerpt":{"rendered":"<p>Aquest \u00e9s el mes de &#8220;Girona temps de flors&#8221; i es celebra el festival &#8220;Girona a capella&#8221;. Com cada any us presentem una can\u00e7\u00f3 en aquest format. Esperem que us agradi! El grup Ylvis ens presenta una can\u00e7\u00f3 dedicada al buylling on el grup dona&hellip;  <a href=\"https:\/\/agora.xtec.cat\/ceipsantjordi-massanet\/portada\/la-canco-del-mes\/\" title=\"Read La can\u00e7\u00f3 del mes\">Llegeix m\u00e9s\u00bb<\/a><\/p>\n","protected":false},"author":4,"featured_media":7107,"comment_status":"open","ping_status":"closed","sticky":false,"template":"","format":"standard","meta":{"_bbp_topic_count":0,"_bbp_reply_count":0,"_bbp_total_topic_count":0,"_bbp_total_reply_count":0,"_bbp_voice_count":0,"_bbp_anonymous_reply_count":0,"_bbp_topic_count_hidden":0,"_bbp_reply_count_hidden":0,"_bbp_forum_subforum_count":0,"footnotes":""},"categories":[27,4],"tags":[],"class_list":["post-7106","post","type-post","status-publish","format-standard","has-post-thumbnail","hentry","category-musica","category-portada"],"post_mailing_queue_ids":[],"_links":{"self":[{"href":"https:\/\/agora.xtec.cat\/ceipsantjordi-massanet\/wp-json\/wp\/v2\/posts\/7106","targetHints":{"allow":["GET"]}}],"collection":[{"href":"https:\/\/agora.xtec.cat\/ceipsantjordi-massanet\/wp-json\/wp\/v2\/posts"}],"about":[{"href":"https:\/\/agora.xtec.cat\/ceipsantjordi-massanet\/wp-json\/wp\/v2\/types\/post"}],"author":[{"embeddable":true,"href":"https:\/\/agora.xtec.cat\/ceipsantjordi-massanet\/wp-json\/wp\/v2\/users\/4"}],"replies":[{"embeddable":true,"href":"https:\/\/agora.xtec.cat\/ceipsantjordi-massanet\/wp-json\/wp\/v2\/comments?post=7106"}],"version-history":[{"count":1,"href":"https:\/\/agora.xtec.cat\/ceipsantjordi-massanet\/wp-json\/wp\/v2\/posts\/7106\/revisions"}],"predecessor-version":[{"id":7108,"href":"https:\/\/agora.xtec.cat\/ceipsantjordi-massanet\/wp-json\/wp\/v2\/posts\/7106\/revisions\/7108"}],"wp:featuredmedia":[{"embeddable":true,"href":"https:\/\/agora.xtec.cat\/ceipsantjordi-massanet\/wp-json\/wp\/v2\/media\/7107"}],"wp:attachment":[{"href":"https:\/\/agora.xtec.cat\/ceipsantjordi-massanet\/wp-json\/wp\/v2\/media?parent=7106"}],"wp:term":[{"taxonomy":"category","embeddable":true,"href":"https:\/\/agora.xtec.cat\/ceipsantjordi-massanet\/wp-json\/wp\/v2\/categories?post=7106"},{"taxonomy":"post_tag","embeddable":true,"href":"https:\/\/agora.xtec.cat\/ceipsantjordi-massanet\/wp-json\/wp\/v2\/tags?post=7106"}],"curies":[{"name":"wp","href":"https:\/\/api.w.org\/{rel}","templated":true}]}}