{"id":7047,"date":"2018-05-11T11:41:44","date_gmt":"2018-05-11T09:41:44","guid":{"rendered":"http:\/\/agora.xtec.cat\/ceipsantjordi-massanet\/?p=7047"},"modified":"2018-05-11T11:43:29","modified_gmt":"2018-05-11T09:43:29","slug":"projecte-de-prestec-de-llibres-a-cicle-mitja-3r","status":"publish","type":"post","link":"https:\/\/agora.xtec.cat\/ceipsantjordi-massanet\/general\/projecte-de-prestec-de-llibres-a-cicle-mitja-3r\/","title":{"rendered":"Projecte de pr\u00e9stec de llibres a cicle mitj\u00e0: 3r"},"content":{"rendered":"<p>Avui els nens i nenes de tercer hem acabat, per aquest curs, el projecte de pr\u00e9stec de llibres a cicle mitj\u00e0 a la biblioteca de Ma\u00e7anet.<\/p>\n<p>Hem apr\u00e8s moltes coses sobre el funcionament de la biblioteca tot gaudint de la lectura.<\/p>\n<p>Moltes gr\u00e0cies T\u00e0nia i Montse !!!!<\/p>\n<blockquote><p><a href=\"http:\/\/agora.xtec.cat\/ceipsantjordi-massanet\/wp-content\/uploads\/usu391\/2018\/05\/puja.jpg\"><img loading=\"lazy\" decoding=\"async\" class=\"alignnone size-full wp-image-7049\" src=\"http:\/\/agora.xtec.cat\/ceipsantjordi-massanet\/wp-content\/uploads\/usu391\/2018\/05\/puja.jpg\" alt=\"\" width=\"599\" height=\"336\" srcset=\"https:\/\/agora.xtec.cat\/ceipsantjordi-massanet\/wp-content\/uploads\/usu391\/2018\/05\/puja.jpg 599w, https:\/\/agora.xtec.cat\/ceipsantjordi-massanet\/wp-content\/uploads\/usu391\/2018\/05\/puja-300x168.jpg 300w\" sizes=\"auto, (max-width: 599px) 100vw, 599px\" \/><\/a><!--more--><\/p><\/blockquote>\n","protected":false},"excerpt":{"rendered":"<p>Avui els nens i nenes de tercer hem acabat, per aquest curs, el projecte de pr\u00e9stec de llibres a cicle mitj\u00e0 a la biblioteca de Ma\u00e7anet.<br \/>\nHem apr\u00e8s moltes coses sobre el funcionament de la biblioteca tot gaudint de la lectura.<br \/>\nMoltes gr\u00e0cies T\u00e0nia i Montse !!!!<br \/>\n<a&hellip;  <a href=\"https:\/\/agora.xtec.cat\/ceipsantjordi-massanet\/general\/projecte-de-prestec-de-llibres-a-cicle-mitja-3r\/\" title=\"Read Projecte de pr\u00e9stec de llibres a cicle mitj\u00e0: 3r\">Llegeix m\u00e9s\u00bb<\/a><\/p>\n","protected":false},"author":1,"featured_media":7049,"comment_status":"open","ping_status":"closed","sticky":false,"template":"","format":"standard","meta":{"_bbp_topic_count":0,"_bbp_reply_count":0,"_bbp_total_topic_count":0,"_bbp_total_reply_count":0,"_bbp_voice_count":0,"_bbp_anonymous_reply_count":0,"_bbp_topic_count_hidden":0,"_bbp_reply_count_hidden":0,"_bbp_forum_subforum_count":0,"footnotes":""},"categories":[1,4,5,12],"tags":[],"class_list":["post-7047","post","type-post","status-publish","format-standard","has-post-thumbnail","hentry","category-general","category-portada","category-primaria","category-3r"],"post_mailing_queue_ids":[],"_links":{"self":[{"href":"https:\/\/agora.xtec.cat\/ceipsantjordi-massanet\/wp-json\/wp\/v2\/posts\/7047","targetHints":{"allow":["GET"]}}],"collection":[{"href":"https:\/\/agora.xtec.cat\/ceipsantjordi-massanet\/wp-json\/wp\/v2\/posts"}],"about":[{"href":"https:\/\/agora.xtec.cat\/ceipsantjordi-massanet\/wp-json\/wp\/v2\/types\/post"}],"author":[{"embeddable":true,"href":"https:\/\/agora.xtec.cat\/ceipsantjordi-massanet\/wp-json\/wp\/v2\/users\/1"}],"replies":[{"embeddable":true,"href":"https:\/\/agora.xtec.cat\/ceipsantjordi-massanet\/wp-json\/wp\/v2\/comments?post=7047"}],"version-history":[{"count":2,"href":"https:\/\/agora.xtec.cat\/ceipsantjordi-massanet\/wp-json\/wp\/v2\/posts\/7047\/revisions"}],"predecessor-version":[{"id":7050,"href":"https:\/\/agora.xtec.cat\/ceipsantjordi-massanet\/wp-json\/wp\/v2\/posts\/7047\/revisions\/7050"}],"wp:featuredmedia":[{"embeddable":true,"href":"https:\/\/agora.xtec.cat\/ceipsantjordi-massanet\/wp-json\/wp\/v2\/media\/7049"}],"wp:attachment":[{"href":"https:\/\/agora.xtec.cat\/ceipsantjordi-massanet\/wp-json\/wp\/v2\/media?parent=7047"}],"wp:term":[{"taxonomy":"category","embeddable":true,"href":"https:\/\/agora.xtec.cat\/ceipsantjordi-massanet\/wp-json\/wp\/v2\/categories?post=7047"},{"taxonomy":"post_tag","embeddable":true,"href":"https:\/\/agora.xtec.cat\/ceipsantjordi-massanet\/wp-json\/wp\/v2\/tags?post=7047"}],"curies":[{"name":"wp","href":"https:\/\/api.w.org\/{rel}","templated":true}]}}