{"id":7037,"date":"2018-05-10T13:43:10","date_gmt":"2018-05-10T11:43:10","guid":{"rendered":"http:\/\/agora.xtec.cat\/ceipsantjordi-massanet\/?p=7037"},"modified":"2018-05-10T13:43:10","modified_gmt":"2018-05-10T11:43:10","slug":"trobada-escoles-unesco-a-vidreres","status":"publish","type":"post","link":"https:\/\/agora.xtec.cat\/ceipsantjordi-massanet\/unesco\/trobada-escoles-unesco-a-vidreres\/","title":{"rendered":"Trobada Escoles Unesco a Vidreres"},"content":{"rendered":"<p><img loading=\"lazy\" decoding=\"async\" class=\"alignnone size-large\" src=\"https:\/\/www.iessantacolomadefarners.cat\/media\/items\/big\/2a36d-IMG_20180317_133336---Dolors-Franch-Vila.jpg\" width=\"1024\" height=\"768\" \/>Extret de l&#8217;article a l&#8217;Ins Farners:<\/p>\n<h2>XII Trobada de la xarxa civil UNESCO de les comarques gironines i la Catalunya Nord (Vidreres, 17 de mar\u00e7 del 2018)<\/h2>\n<div>\n<div>\u00a0El dissabte dia 17 de mar\u00e7,\u00a0de les 10 fins a dos quarts de tres de la tarda, es feu una trobada a la biblioteca Municipal de Vidreres amb diferents representants de diferents escoles i associacions de la Xarxa Civil de la UNESCO de les comarques gironines i de Catalunya Nord. La jornada fou profitosa. L&#8217;intercanvi d&#8217;experi\u00e8ncies sempre \u00e9s positiu, enriqueix i amplia les idees pr\u00f2pies.<br \/>\nDes de la coordinaci\u00f3 de Catalunya ens feren saber la situaci\u00f3 de la coordinadora de Catalunya. Des de la coordinadora estatal tenen la intenci\u00f3, en un temps de dos anys, d&#8217;anul.lar les coordinacions de les diferents zones de l&#8217;estat i a nivell europeu per passar a recon\u00e9ixer solament la coordinadora l&#8217;espanyola i la mundial. Des de Catalunya s&#8217;estan fent les gestions pertinents per tal de poder continuar comptant amb la coordinadora catalana (m\u00e9s antiga que l&#8217;espanyola).<br \/>\nDespr\u00e9s es feu la lectura del poema &#8221; La poesia&#8221; de l&#8217;escriptor Marc Granell, tradu\u00efda a molts idiomes.<br \/>\nAl final es project\u00e0 la pel.l\u00edcula Mare Nostrum de Michelle Brun &amp; Stefan Haupt.<\/div>\n<\/div>\n<div><\/div>\n","protected":false},"excerpt":{"rendered":"<p>Extret de l&#8217;article a l&#8217;Ins Farners:<br \/>\nXII Trobada de la xarxa civil UNESCO de les comarques gironines i la Catalunya Nord (Vidreres, 17 de mar\u00e7 del 2018)<\/p>\n<p>\u00a0El dissabte dia 17 de mar\u00e7,\u00a0de les 10 fins a dos quarts de tres de la tarda, es feu una&hellip;  <a href=\"https:\/\/agora.xtec.cat\/ceipsantjordi-massanet\/unesco\/trobada-escoles-unesco-a-vidreres\/\" title=\"Read Trobada Escoles Unesco a Vidreres\">Llegeix m\u00e9s\u00bb<\/a><\/p>\n","protected":false},"author":4,"featured_media":7038,"comment_status":"open","ping_status":"closed","sticky":false,"template":"","format":"standard","meta":{"_bbp_topic_count":0,"_bbp_reply_count":0,"_bbp_total_topic_count":0,"_bbp_total_reply_count":0,"_bbp_voice_count":0,"_bbp_anonymous_reply_count":0,"_bbp_topic_count_hidden":0,"_bbp_reply_count_hidden":0,"_bbp_forum_subforum_count":0,"footnotes":""},"categories":[28],"tags":[],"class_list":["post-7037","post","type-post","status-publish","format-standard","has-post-thumbnail","hentry","category-unesco"],"post_mailing_queue_ids":[],"_links":{"self":[{"href":"https:\/\/agora.xtec.cat\/ceipsantjordi-massanet\/wp-json\/wp\/v2\/posts\/7037","targetHints":{"allow":["GET"]}}],"collection":[{"href":"https:\/\/agora.xtec.cat\/ceipsantjordi-massanet\/wp-json\/wp\/v2\/posts"}],"about":[{"href":"https:\/\/agora.xtec.cat\/ceipsantjordi-massanet\/wp-json\/wp\/v2\/types\/post"}],"author":[{"embeddable":true,"href":"https:\/\/agora.xtec.cat\/ceipsantjordi-massanet\/wp-json\/wp\/v2\/users\/4"}],"replies":[{"embeddable":true,"href":"https:\/\/agora.xtec.cat\/ceipsantjordi-massanet\/wp-json\/wp\/v2\/comments?post=7037"}],"version-history":[{"count":1,"href":"https:\/\/agora.xtec.cat\/ceipsantjordi-massanet\/wp-json\/wp\/v2\/posts\/7037\/revisions"}],"predecessor-version":[{"id":7039,"href":"https:\/\/agora.xtec.cat\/ceipsantjordi-massanet\/wp-json\/wp\/v2\/posts\/7037\/revisions\/7039"}],"wp:featuredmedia":[{"embeddable":true,"href":"https:\/\/agora.xtec.cat\/ceipsantjordi-massanet\/wp-json\/wp\/v2\/media\/7038"}],"wp:attachment":[{"href":"https:\/\/agora.xtec.cat\/ceipsantjordi-massanet\/wp-json\/wp\/v2\/media?parent=7037"}],"wp:term":[{"taxonomy":"category","embeddable":true,"href":"https:\/\/agora.xtec.cat\/ceipsantjordi-massanet\/wp-json\/wp\/v2\/categories?post=7037"},{"taxonomy":"post_tag","embeddable":true,"href":"https:\/\/agora.xtec.cat\/ceipsantjordi-massanet\/wp-json\/wp\/v2\/tags?post=7037"}],"curies":[{"name":"wp","href":"https:\/\/api.w.org\/{rel}","templated":true}]}}