{"id":7018,"date":"2018-05-08T12:50:39","date_gmt":"2018-05-08T10:50:39","guid":{"rendered":"http:\/\/agora.xtec.cat\/ceipsantjordi-massanet\/?p=7018"},"modified":"2018-05-08T12:52:20","modified_gmt":"2018-05-08T10:52:20","slug":"cantania-ens-espera","status":"publish","type":"post","link":"https:\/\/agora.xtec.cat\/ceipsantjordi-massanet\/portada\/cantania-ens-espera\/","title":{"rendered":"CANT\u00c0NIA ENS ESPERA!"},"content":{"rendered":"<p><img loading=\"lazy\" decoding=\"async\" class=\"irc_mi aligncenter\" src=\"https:\/\/www.bethenight.com\/v_portal\/inc\/imagen.asp?f=galeria_lauditori_btn057.jpg&amp;h=400&amp;c=2\" alt=\"Imatge relacionada\" width=\"566\" height=\"377\" \/>Ens espera el Cant\u00e0nia 2018, &#8220;Part\u00edcules&#8221;. \u00c9s un espectacle musical en forma de cantata que hem preparat els nens i les nenes de cinqu\u00e8 a la classe de m\u00fasica i que representarem el dia 5 de juny a les 11:30 juntament amb gaireb\u00e9 1000 nens i nenes m\u00e9s!<\/p>\n<p><strong><a href=\"https:\/\/auditori.koobin.com\/cantania_05_06_2018_11_30?idioma=CA&amp;_ga=2.175674214.57106896.1525761256-539316889.1525761256\">CLIQUEU AQU\u00cd SI VOLEU COMPRAR ENTRADES, ENCARA EN QUEDEN!<\/a><\/strong><\/p>\n","protected":false},"excerpt":{"rendered":"<p>Ens espera el Cant\u00e0nia 2018, &#8220;Part\u00edcules&#8221;. \u00c9s un espectacle musical en forma de cantata que hem preparat els nens i les nenes de cinqu\u00e8 a la classe de m\u00fasica i que representarem el dia 5 de juny a les 11:30 juntament amb gaireb\u00e9 1000 nens&hellip;  <a href=\"https:\/\/agora.xtec.cat\/ceipsantjordi-massanet\/portada\/cantania-ens-espera\/\" title=\"Read CANT\u00c0NIA ENS ESPERA!\">Llegeix m\u00e9s\u00bb<\/a><\/p>\n","protected":false},"author":4,"featured_media":0,"comment_status":"open","ping_status":"closed","sticky":false,"template":"","format":"standard","meta":{"_bbp_topic_count":0,"_bbp_reply_count":0,"_bbp_total_topic_count":0,"_bbp_total_reply_count":0,"_bbp_voice_count":0,"_bbp_anonymous_reply_count":0,"_bbp_topic_count_hidden":0,"_bbp_reply_count_hidden":0,"_bbp_forum_subforum_count":0,"footnotes":""},"categories":[4],"tags":[],"class_list":["post-7018","post","type-post","status-publish","format-standard","hentry","category-portada"],"post_mailing_queue_ids":[],"_links":{"self":[{"href":"https:\/\/agora.xtec.cat\/ceipsantjordi-massanet\/wp-json\/wp\/v2\/posts\/7018","targetHints":{"allow":["GET"]}}],"collection":[{"href":"https:\/\/agora.xtec.cat\/ceipsantjordi-massanet\/wp-json\/wp\/v2\/posts"}],"about":[{"href":"https:\/\/agora.xtec.cat\/ceipsantjordi-massanet\/wp-json\/wp\/v2\/types\/post"}],"author":[{"embeddable":true,"href":"https:\/\/agora.xtec.cat\/ceipsantjordi-massanet\/wp-json\/wp\/v2\/users\/4"}],"replies":[{"embeddable":true,"href":"https:\/\/agora.xtec.cat\/ceipsantjordi-massanet\/wp-json\/wp\/v2\/comments?post=7018"}],"version-history":[{"count":2,"href":"https:\/\/agora.xtec.cat\/ceipsantjordi-massanet\/wp-json\/wp\/v2\/posts\/7018\/revisions"}],"predecessor-version":[{"id":7020,"href":"https:\/\/agora.xtec.cat\/ceipsantjordi-massanet\/wp-json\/wp\/v2\/posts\/7018\/revisions\/7020"}],"wp:attachment":[{"href":"https:\/\/agora.xtec.cat\/ceipsantjordi-massanet\/wp-json\/wp\/v2\/media?parent=7018"}],"wp:term":[{"taxonomy":"category","embeddable":true,"href":"https:\/\/agora.xtec.cat\/ceipsantjordi-massanet\/wp-json\/wp\/v2\/categories?post=7018"},{"taxonomy":"post_tag","embeddable":true,"href":"https:\/\/agora.xtec.cat\/ceipsantjordi-massanet\/wp-json\/wp\/v2\/tags?post=7018"}],"curies":[{"name":"wp","href":"https:\/\/api.w.org\/{rel}","templated":true}]}}