{"id":6971,"date":"2018-04-26T22:16:56","date_gmt":"2018-04-26T20:16:56","guid":{"rendered":"http:\/\/agora.xtec.cat\/ceipsantjordi-massanet\/?p=6971"},"modified":"2019-01-05T17:13:42","modified_gmt":"2019-01-05T16:13:42","slug":"leso-explica-contes","status":"publish","type":"post","link":"https:\/\/agora.xtec.cat\/ceipsantjordi-massanet\/portada\/leso-explica-contes\/","title":{"rendered":"L&#8217;ESO EXPLICA CONTES"},"content":{"rendered":"<p><iframe loading=\"lazy\" src=\"https:\/\/www.kizoa.com\/embed-187121398-5031690o1l1\" width=\"530\" height=\"420\" frameborder=\"0\" allowfullscreen=\"allowfullscreen\"><span data-mce-type=\"bookmark\" style=\"display: inline-block; width: 0px; overflow: hidden; line-height: 0;\" class=\"mce_SELRES_start\">\ufeff<\/span><\/iframe><\/p>\n<p><strong>MESTRES PER UNA HORA!\u00a0\u00a0\u00a0 <\/strong><\/p>\n<p><strong>ELS ALUMNES DE 2n D\u2019ESO ESCRIUEN CONTES I ELS EXPLIQUEN ALS ALUMNES DE P5<\/strong><\/p>\n<p>El passat dimarts 24 d\u2019abril, alguns alumnes de 2n d&#8217;ESO del nostre centre van anar a la classe de P5 de l&#8217;escola Sant Jordi a explicar els contes que, pr\u00e8viament, havien redactat amb molta il\u00b7lusi\u00f3, expressament pels petits.<\/p>\n<p>Aquesta experi\u00e8ncia educativa compartida amb el CEIP Sant Jordi s\u2019emmarca en el projecte ARA ESCRIC, dins l\u2019assignatura de Catal\u00e0. Entre totes les classes de segon, s\u2019han redactat una seixantena de contes, dels quals se n\u2019han triat uns deu per explicar a preescolar.<\/p>\n<p>Aquest projecte ha donat l&#8217;oportunitat als nostres alumnes de &#8220;posar-se a l&#8217;altre costat&#8221; i fer de mestres per un dia. Tots, grans i petits, han gaudit amb l&#8217;experi\u00e8ncia. Les cares dels petits escoltant els nostres alumnes ho deien tot, van quedar encantats!<\/p>\n<p>Els alumnes implicats<strong>, \u00a0<\/strong><strong>2n C<\/strong><strong>: <\/strong><strong>\u2022PAULA FERN\u00c1NDEZ, ANA\u00cfS RAM\u00cdREZ,GUILLEM MASSA I ELOI MART\u00cdNEZ\u00a0 2n B: \u2022LAURA CROS, ROC\u00cdO CARMONA, 2n A: \u2022MARTA VILA, \u2022NEREA FERN\u00c1NDEZ, GISELA ROMERA,\u00a0 MARC DELGADO, SERGI MORTE, NIL GUI\u00d1\u00d3N\u00a0 i PAULA ARNAU<\/strong><\/p>\n","protected":false},"excerpt":{"rendered":"<p>\ufeff<br \/>\nMESTRES PER UNA HORA!\u00a0\u00a0\u00a0<br \/>\nELS ALUMNES DE 2n D\u2019ESO ESCRIUEN CONTES I ELS EXPLIQUEN ALS ALUMNES DE P5<br \/>\nEl passat dimarts 24 d\u2019abril, alguns alumnes de 2n d&#8217;ESO del nostre centre van anar a la classe de P5 de l&#8217;escola Sant Jordi a explicar els contes&hellip;  <a href=\"https:\/\/agora.xtec.cat\/ceipsantjordi-massanet\/portada\/leso-explica-contes\/\" title=\"Read L&#8217;ESO EXPLICA CONTES\">Llegeix m\u00e9s\u00bb<\/a><\/p>\n","protected":false},"author":4,"featured_media":0,"comment_status":"open","ping_status":"closed","sticky":false,"template":"","format":"standard","meta":{"_bbp_topic_count":0,"_bbp_reply_count":0,"_bbp_total_topic_count":0,"_bbp_total_reply_count":0,"_bbp_voice_count":0,"_bbp_anonymous_reply_count":0,"_bbp_topic_count_hidden":0,"_bbp_reply_count_hidden":0,"_bbp_forum_subforum_count":0,"footnotes":""},"categories":[4],"tags":[],"class_list":["post-6971","post","type-post","status-publish","format-standard","hentry","category-portada"],"post_mailing_queue_ids":[],"_links":{"self":[{"href":"https:\/\/agora.xtec.cat\/ceipsantjordi-massanet\/wp-json\/wp\/v2\/posts\/6971","targetHints":{"allow":["GET"]}}],"collection":[{"href":"https:\/\/agora.xtec.cat\/ceipsantjordi-massanet\/wp-json\/wp\/v2\/posts"}],"about":[{"href":"https:\/\/agora.xtec.cat\/ceipsantjordi-massanet\/wp-json\/wp\/v2\/types\/post"}],"author":[{"embeddable":true,"href":"https:\/\/agora.xtec.cat\/ceipsantjordi-massanet\/wp-json\/wp\/v2\/users\/4"}],"replies":[{"embeddable":true,"href":"https:\/\/agora.xtec.cat\/ceipsantjordi-massanet\/wp-json\/wp\/v2\/comments?post=6971"}],"version-history":[{"count":3,"href":"https:\/\/agora.xtec.cat\/ceipsantjordi-massanet\/wp-json\/wp\/v2\/posts\/6971\/revisions"}],"predecessor-version":[{"id":9310,"href":"https:\/\/agora.xtec.cat\/ceipsantjordi-massanet\/wp-json\/wp\/v2\/posts\/6971\/revisions\/9310"}],"wp:attachment":[{"href":"https:\/\/agora.xtec.cat\/ceipsantjordi-massanet\/wp-json\/wp\/v2\/media?parent=6971"}],"wp:term":[{"taxonomy":"category","embeddable":true,"href":"https:\/\/agora.xtec.cat\/ceipsantjordi-massanet\/wp-json\/wp\/v2\/categories?post=6971"},{"taxonomy":"post_tag","embeddable":true,"href":"https:\/\/agora.xtec.cat\/ceipsantjordi-massanet\/wp-json\/wp\/v2\/tags?post=6971"}],"curies":[{"name":"wp","href":"https:\/\/api.w.org\/{rel}","templated":true}]}}