{"id":6923,"date":"2018-04-20T10:43:54","date_gmt":"2018-04-20T08:43:54","guid":{"rendered":"http:\/\/agora.xtec.cat\/ceipsantjordi-massanet\/?p=6923"},"modified":"2018-04-23T11:20:15","modified_gmt":"2018-04-23T09:20:15","slug":"roses-i-llibres","status":"publish","type":"post","link":"https:\/\/agora.xtec.cat\/ceipsantjordi-massanet\/portada\/roses-i-llibres\/","title":{"rendered":"ROSES I LLIBRES"},"content":{"rendered":"<p><img loading=\"lazy\" decoding=\"async\" class=\"aligncenter size-full wp-image-6937\" src=\"http:\/\/agora.xtec.cat\/ceipsantjordi-massanet\/wp-content\/uploads\/usu391\/2018\/04\/fotito.gif\" alt=\"\" width=\"271\" height=\"209\" \/><img loading=\"lazy\" decoding=\"async\" class=\"aligncenter  wp-image-6952\" src=\"http:\/\/agora.xtec.cat\/ceipsantjordi-massanet\/wp-content\/uploads\/usu391\/2018\/04\/2018-04-23-PHOTO-00000096-1024x575.jpg\" alt=\"\" width=\"271\" height=\"152\" srcset=\"https:\/\/agora.xtec.cat\/ceipsantjordi-massanet\/wp-content\/uploads\/usu391\/2018\/04\/2018-04-23-PHOTO-00000096-1024x575.jpg 1024w, https:\/\/agora.xtec.cat\/ceipsantjordi-massanet\/wp-content\/uploads\/usu391\/2018\/04\/2018-04-23-PHOTO-00000096-300x169.jpg 300w, https:\/\/agora.xtec.cat\/ceipsantjordi-massanet\/wp-content\/uploads\/usu391\/2018\/04\/2018-04-23-PHOTO-00000096-768x432.jpg 768w, https:\/\/agora.xtec.cat\/ceipsantjordi-massanet\/wp-content\/uploads\/usu391\/2018\/04\/2018-04-23-PHOTO-00000096.jpg 1600w\" sizes=\"auto, (max-width: 271px) 100vw, 271px\" \/>Us recordem que per Sant Jordi els alumnes de sis\u00e8 i l&#8217;AMPA vendran roses pels carrers del poble i tamb\u00e9 que hi haur\u00e0 parada de llibres a la pla\u00e7a. Durant aquesta setmana a l&#8217;escola farem diverses activitats, els jocs florals, la re-inauguraci\u00f3 de la biblioteca, la Marat\u00f3 de contes. La Jornada de Portes Obertes d&#8217;aquest any ser\u00e0 el Divendres 27 a la tarda. Us hi esperem!<\/p>\n<p>&nbsp;<\/p>\n","protected":false},"excerpt":{"rendered":"<p>Us recordem que per Sant Jordi els alumnes de sis\u00e8 i l&#8217;AMPA vendran roses pels carrers del poble i tamb\u00e9 que hi haur\u00e0 parada de llibres a la pla\u00e7a. Durant aquesta setmana a l&#8217;escola farem diverses activitats, els jocs florals, la re-inauguraci\u00f3 de la biblioteca,&hellip;  <a href=\"https:\/\/agora.xtec.cat\/ceipsantjordi-massanet\/portada\/roses-i-llibres\/\" title=\"Read ROSES I LLIBRES\">Llegeix m\u00e9s\u00bb<\/a><\/p>\n","protected":false},"author":4,"featured_media":0,"comment_status":"open","ping_status":"closed","sticky":false,"template":"","format":"standard","meta":{"_bbp_topic_count":0,"_bbp_reply_count":0,"_bbp_total_topic_count":0,"_bbp_total_reply_count":0,"_bbp_voice_count":0,"_bbp_anonymous_reply_count":0,"_bbp_topic_count_hidden":0,"_bbp_reply_count_hidden":0,"_bbp_forum_subforum_count":0,"footnotes":""},"categories":[4],"tags":[],"class_list":["post-6923","post","type-post","status-publish","format-standard","hentry","category-portada"],"post_mailing_queue_ids":[],"_links":{"self":[{"href":"https:\/\/agora.xtec.cat\/ceipsantjordi-massanet\/wp-json\/wp\/v2\/posts\/6923","targetHints":{"allow":["GET"]}}],"collection":[{"href":"https:\/\/agora.xtec.cat\/ceipsantjordi-massanet\/wp-json\/wp\/v2\/posts"}],"about":[{"href":"https:\/\/agora.xtec.cat\/ceipsantjordi-massanet\/wp-json\/wp\/v2\/types\/post"}],"author":[{"embeddable":true,"href":"https:\/\/agora.xtec.cat\/ceipsantjordi-massanet\/wp-json\/wp\/v2\/users\/4"}],"replies":[{"embeddable":true,"href":"https:\/\/agora.xtec.cat\/ceipsantjordi-massanet\/wp-json\/wp\/v2\/comments?post=6923"}],"version-history":[{"count":3,"href":"https:\/\/agora.xtec.cat\/ceipsantjordi-massanet\/wp-json\/wp\/v2\/posts\/6923\/revisions"}],"predecessor-version":[{"id":6953,"href":"https:\/\/agora.xtec.cat\/ceipsantjordi-massanet\/wp-json\/wp\/v2\/posts\/6923\/revisions\/6953"}],"wp:attachment":[{"href":"https:\/\/agora.xtec.cat\/ceipsantjordi-massanet\/wp-json\/wp\/v2\/media?parent=6923"}],"wp:term":[{"taxonomy":"category","embeddable":true,"href":"https:\/\/agora.xtec.cat\/ceipsantjordi-massanet\/wp-json\/wp\/v2\/categories?post=6923"},{"taxonomy":"post_tag","embeddable":true,"href":"https:\/\/agora.xtec.cat\/ceipsantjordi-massanet\/wp-json\/wp\/v2\/tags?post=6923"}],"curies":[{"name":"wp","href":"https:\/\/api.w.org\/{rel}","templated":true}]}}