{"id":6919,"date":"2018-04-20T10:30:52","date_gmt":"2018-04-20T08:30:52","guid":{"rendered":"http:\/\/agora.xtec.cat\/ceipsantjordi-massanet\/?p=6919"},"modified":"2018-04-20T12:20:24","modified_gmt":"2018-04-20T10:20:24","slug":"festival-de-sant-jordi-2","status":"publish","type":"post","link":"https:\/\/agora.xtec.cat\/ceipsantjordi-massanet\/portada\/festival-de-sant-jordi-2\/","title":{"rendered":"FESTIVAL DE SANT JORDI"},"content":{"rendered":"<p><img loading=\"lazy\" decoding=\"async\" class=\"aligncenter size-full wp-image-6928\" src=\"http:\/\/agora.xtec.cat\/ceipsantjordi-massanet\/wp-content\/uploads\/usu391\/2018\/04\/anunci18.jpg\" alt=\"\" width=\"623\" height=\"455\" srcset=\"https:\/\/agora.xtec.cat\/ceipsantjordi-massanet\/wp-content\/uploads\/usu391\/2018\/04\/anunci18.jpg 623w, https:\/\/agora.xtec.cat\/ceipsantjordi-massanet\/wp-content\/uploads\/usu391\/2018\/04\/anunci18-300x219.jpg 300w\" sizes=\"auto, (max-width: 623px) 100vw, 623px\" \/><\/p>\n<p>Aquest any el festival de Sant Jordi ser\u00e0, com sempre, al pavell\u00f3. El divendres 27 d&#8217;abril a les 9 del mat\u00ed. Aquest curs hi trobareu un espectacle que porta per nom &#8220;De 10 en 10&#8221; i que est\u00e0 basat en la hist\u00f2ria de la m\u00fasica al segle XX. L&#8217;espectacle est\u00e0 ofert per &#8220;SJRadio Station&#8221; amb un patrocinador que ha vingut del futur &#8220;OXIACTION WHITE SPLENDOR&#8221;, l&#8217;exuber\u00e0ncia crom\u00e0tica. Stop a les taques amb &#8220;OXIACTION WHITE SPLENDOR&#8221;!<\/p>\n<p>&nbsp;<\/p>\n","protected":false},"excerpt":{"rendered":"<p>Aquest any el festival de Sant Jordi ser\u00e0, com sempre, al pavell\u00f3. El divendres 27 d&#8217;abril a les 9 del mat\u00ed. Aquest curs hi trobareu un espectacle que porta per nom &#8220;De 10 en 10&#8221; i que est\u00e0 basat en la hist\u00f2ria de la m\u00fasica&hellip;  <a href=\"https:\/\/agora.xtec.cat\/ceipsantjordi-massanet\/portada\/festival-de-sant-jordi-2\/\" title=\"Read FESTIVAL DE SANT JORDI\">Llegeix m\u00e9s\u00bb<\/a><\/p>\n","protected":false},"author":4,"featured_media":0,"comment_status":"open","ping_status":"closed","sticky":false,"template":"","format":"standard","meta":{"_bbp_topic_count":0,"_bbp_reply_count":0,"_bbp_total_topic_count":0,"_bbp_total_reply_count":0,"_bbp_voice_count":0,"_bbp_anonymous_reply_count":0,"_bbp_topic_count_hidden":0,"_bbp_reply_count_hidden":0,"_bbp_forum_subforum_count":0,"footnotes":""},"categories":[4],"tags":[],"class_list":["post-6919","post","type-post","status-publish","format-standard","hentry","category-portada"],"post_mailing_queue_ids":[],"_links":{"self":[{"href":"https:\/\/agora.xtec.cat\/ceipsantjordi-massanet\/wp-json\/wp\/v2\/posts\/6919","targetHints":{"allow":["GET"]}}],"collection":[{"href":"https:\/\/agora.xtec.cat\/ceipsantjordi-massanet\/wp-json\/wp\/v2\/posts"}],"about":[{"href":"https:\/\/agora.xtec.cat\/ceipsantjordi-massanet\/wp-json\/wp\/v2\/types\/post"}],"author":[{"embeddable":true,"href":"https:\/\/agora.xtec.cat\/ceipsantjordi-massanet\/wp-json\/wp\/v2\/users\/4"}],"replies":[{"embeddable":true,"href":"https:\/\/agora.xtec.cat\/ceipsantjordi-massanet\/wp-json\/wp\/v2\/comments?post=6919"}],"version-history":[{"count":3,"href":"https:\/\/agora.xtec.cat\/ceipsantjordi-massanet\/wp-json\/wp\/v2\/posts\/6919\/revisions"}],"predecessor-version":[{"id":6929,"href":"https:\/\/agora.xtec.cat\/ceipsantjordi-massanet\/wp-json\/wp\/v2\/posts\/6919\/revisions\/6929"}],"wp:attachment":[{"href":"https:\/\/agora.xtec.cat\/ceipsantjordi-massanet\/wp-json\/wp\/v2\/media?parent=6919"}],"wp:term":[{"taxonomy":"category","embeddable":true,"href":"https:\/\/agora.xtec.cat\/ceipsantjordi-massanet\/wp-json\/wp\/v2\/categories?post=6919"},{"taxonomy":"post_tag","embeddable":true,"href":"https:\/\/agora.xtec.cat\/ceipsantjordi-massanet\/wp-json\/wp\/v2\/tags?post=6919"}],"curies":[{"name":"wp","href":"https:\/\/api.w.org\/{rel}","templated":true}]}}