{"id":6734,"date":"2018-03-08T21:23:14","date_gmt":"2018-03-08T20:23:14","guid":{"rendered":"http:\/\/agora.xtec.cat\/ceipsantjordi-massanet\/?p=6734"},"modified":"2018-03-08T21:23:14","modified_gmt":"2018-03-08T20:23:14","slug":"dia-de-la-dona-treballadora","status":"publish","type":"post","link":"https:\/\/agora.xtec.cat\/ceipsantjordi-massanet\/portada\/dia-de-la-dona-treballadora\/","title":{"rendered":"Dia de la dona treballadora"},"content":{"rendered":"<p><img loading=\"lazy\" decoding=\"async\" class=\"size-full wp-image-6735 alignleft\" src=\"http:\/\/agora.xtec.cat\/ceipsantjordi-massanet\/wp-content\/uploads\/usu391\/2018\/03\/220px-Purple_ribbon.svg_.png\" alt=\"\" width=\"220\" height=\"345\" srcset=\"https:\/\/agora.xtec.cat\/ceipsantjordi-massanet\/wp-content\/uploads\/usu391\/2018\/03\/220px-Purple_ribbon.svg_.png 220w, https:\/\/agora.xtec.cat\/ceipsantjordi-massanet\/wp-content\/uploads\/usu391\/2018\/03\/220px-Purple_ribbon.svg_-191x300.png 191w\" sizes=\"auto, (max-width: 220px) 100vw, 220px\" \/><\/p>\n<p>Aquest mat\u00ed hem escoltat un manifest llegit per les nenes de quart que ens ha explicat el que significa aquesta diada i tot el que queda per treballar encara. Tamb\u00e9 hem fet altres activitats a les classes.<\/p>\n<p>Tamb\u00e9 hem escoltat als timbres la can\u00e7\u00f3 per la igualtat que han fet aquest curs la gent de &#8220;Donem la nota&#8221;.<\/p>\n","protected":false},"excerpt":{"rendered":"<p>Aquest mat\u00ed hem escoltat un manifest llegit per les nenes de quart que ens ha explicat el que significa aquesta diada i tot el que queda per treballar encara. Tamb\u00e9 hem fet altres activitats a les classes.<br \/>\nTamb\u00e9 hem escoltat als timbres la can\u00e7\u00f3 per la&hellip;  <a href=\"https:\/\/agora.xtec.cat\/ceipsantjordi-massanet\/portada\/dia-de-la-dona-treballadora\/\" title=\"Read Dia de la dona treballadora\">Llegeix m\u00e9s\u00bb<\/a><\/p>\n","protected":false},"author":4,"featured_media":0,"comment_status":"open","ping_status":"closed","sticky":false,"template":"","format":"standard","meta":{"_bbp_topic_count":0,"_bbp_reply_count":0,"_bbp_total_topic_count":0,"_bbp_total_reply_count":0,"_bbp_voice_count":0,"_bbp_anonymous_reply_count":0,"_bbp_topic_count_hidden":0,"_bbp_reply_count_hidden":0,"_bbp_forum_subforum_count":0,"footnotes":""},"categories":[4],"tags":[],"class_list":["post-6734","post","type-post","status-publish","format-standard","hentry","category-portada"],"post_mailing_queue_ids":[],"_links":{"self":[{"href":"https:\/\/agora.xtec.cat\/ceipsantjordi-massanet\/wp-json\/wp\/v2\/posts\/6734","targetHints":{"allow":["GET"]}}],"collection":[{"href":"https:\/\/agora.xtec.cat\/ceipsantjordi-massanet\/wp-json\/wp\/v2\/posts"}],"about":[{"href":"https:\/\/agora.xtec.cat\/ceipsantjordi-massanet\/wp-json\/wp\/v2\/types\/post"}],"author":[{"embeddable":true,"href":"https:\/\/agora.xtec.cat\/ceipsantjordi-massanet\/wp-json\/wp\/v2\/users\/4"}],"replies":[{"embeddable":true,"href":"https:\/\/agora.xtec.cat\/ceipsantjordi-massanet\/wp-json\/wp\/v2\/comments?post=6734"}],"version-history":[{"count":1,"href":"https:\/\/agora.xtec.cat\/ceipsantjordi-massanet\/wp-json\/wp\/v2\/posts\/6734\/revisions"}],"predecessor-version":[{"id":6736,"href":"https:\/\/agora.xtec.cat\/ceipsantjordi-massanet\/wp-json\/wp\/v2\/posts\/6734\/revisions\/6736"}],"wp:attachment":[{"href":"https:\/\/agora.xtec.cat\/ceipsantjordi-massanet\/wp-json\/wp\/v2\/media?parent=6734"}],"wp:term":[{"taxonomy":"category","embeddable":true,"href":"https:\/\/agora.xtec.cat\/ceipsantjordi-massanet\/wp-json\/wp\/v2\/categories?post=6734"},{"taxonomy":"post_tag","embeddable":true,"href":"https:\/\/agora.xtec.cat\/ceipsantjordi-massanet\/wp-json\/wp\/v2\/tags?post=6734"}],"curies":[{"name":"wp","href":"https:\/\/api.w.org\/{rel}","templated":true}]}}