{"id":6351,"date":"2018-02-15T11:54:10","date_gmt":"2018-02-15T10:54:10","guid":{"rendered":"http:\/\/agora.xtec.cat\/ceipsantjordi-massanet\/?p=6351"},"modified":"2018-02-18T15:02:24","modified_gmt":"2018-02-18T14:02:24","slug":"els-reglets-numerics","status":"publish","type":"post","link":"https:\/\/agora.xtec.cat\/ceipsantjordi-massanet\/portada\/els-reglets-numerics\/","title":{"rendered":"Els reglets num\u00e8rics"},"content":{"rendered":"<p style=\"text-align: justify;\">Els nens i nenes de segon estem treballant els conceptes matem\u00e0tics amb els reglets i ens agrada molt!<\/p>\n<p style=\"text-align: justify;\">Els reglets num\u00e8rics s\u00f3n uns reglets de fusta de colors que representen els 10 primers nombres naturals i les seves magnituds s\u00f3n una expressi\u00f3 realista de les quantitats.<\/p>\n<p style=\"text-align: justify;\">Els reglets num\u00e8rics,\u00a0 a m\u00e9s a m\u00e9s d&#8217;una gran efic\u00e0cia per a la comprensi\u00f3 de molts conceptes, potencien les habilitats que s\u00f3n caracter\u00edstiques del saber matem\u00e0tic. D&#8217;aquesta manera afavoreixen l&#8217;adquisici\u00f3 progressiva de la compet\u00e8ncia matem\u00e0tica.<\/p>\n<p style=\"text-align: justify;\">Si voleu con\u00e8ixer m\u00e9s sobre aquest material podeu llegir l&#8217;article que us enllacem <a href=\"http:\/\/www.xtec.cat\/~smargeli\/perimetre\/5jornades\/13reglets.pdf\">aqu\u00ed<\/a>.<\/p>\n<div><iframe loading=\"lazy\" src=\"http:\/\/www.kizoa.com\/embed-172703341-2793776o1l1\" width=\"640\" height=\"360\" frameborder=\"0\" allowfullscreen=\"allowfullscreen\"><\/iframe><br \/>\n<a href=\"http:\/\/www.kizoa.es\/Editar-Videos-Movie-Maker\/d172703341k2793776o2l1\/els-reglets-num\u00e8rics\"><b>ELS REGLETS NUM\u00c8RICS<\/b><\/a><\/div>\n","protected":false},"excerpt":{"rendered":"<p>Els nens i nenes de segon estem treballant els conceptes matem\u00e0tics amb els reglets i ens agrada molt!<br \/>\nEls reglets num\u00e8rics s\u00f3n uns reglets de fusta de colors que representen els 10 primers nombres naturals i les seves magnituds s\u00f3n una expressi\u00f3 realista de les quantitats.<br \/>\nEls&hellip;  <a href=\"https:\/\/agora.xtec.cat\/ceipsantjordi-massanet\/portada\/els-reglets-numerics\/\" title=\"Read Els reglets num\u00e8rics\">Llegeix m\u00e9s\u00bb<\/a><\/p>\n","protected":false},"author":4,"featured_media":0,"comment_status":"open","ping_status":"closed","sticky":false,"template":"","format":"standard","meta":{"_bbp_topic_count":0,"_bbp_reply_count":0,"_bbp_total_topic_count":0,"_bbp_total_reply_count":0,"_bbp_voice_count":0,"_bbp_anonymous_reply_count":0,"_bbp_topic_count_hidden":0,"_bbp_reply_count_hidden":0,"_bbp_forum_subforum_count":0,"footnotes":""},"categories":[4,11],"tags":[],"class_list":["post-6351","post","type-post","status-publish","format-standard","hentry","category-portada","category-2n"],"post_mailing_queue_ids":[],"_links":{"self":[{"href":"https:\/\/agora.xtec.cat\/ceipsantjordi-massanet\/wp-json\/wp\/v2\/posts\/6351","targetHints":{"allow":["GET"]}}],"collection":[{"href":"https:\/\/agora.xtec.cat\/ceipsantjordi-massanet\/wp-json\/wp\/v2\/posts"}],"about":[{"href":"https:\/\/agora.xtec.cat\/ceipsantjordi-massanet\/wp-json\/wp\/v2\/types\/post"}],"author":[{"embeddable":true,"href":"https:\/\/agora.xtec.cat\/ceipsantjordi-massanet\/wp-json\/wp\/v2\/users\/4"}],"replies":[{"embeddable":true,"href":"https:\/\/agora.xtec.cat\/ceipsantjordi-massanet\/wp-json\/wp\/v2\/comments?post=6351"}],"version-history":[{"count":3,"href":"https:\/\/agora.xtec.cat\/ceipsantjordi-massanet\/wp-json\/wp\/v2\/posts\/6351\/revisions"}],"predecessor-version":[{"id":6445,"href":"https:\/\/agora.xtec.cat\/ceipsantjordi-massanet\/wp-json\/wp\/v2\/posts\/6351\/revisions\/6445"}],"wp:attachment":[{"href":"https:\/\/agora.xtec.cat\/ceipsantjordi-massanet\/wp-json\/wp\/v2\/media?parent=6351"}],"wp:term":[{"taxonomy":"category","embeddable":true,"href":"https:\/\/agora.xtec.cat\/ceipsantjordi-massanet\/wp-json\/wp\/v2\/categories?post=6351"},{"taxonomy":"post_tag","embeddable":true,"href":"https:\/\/agora.xtec.cat\/ceipsantjordi-massanet\/wp-json\/wp\/v2\/tags?post=6351"}],"curies":[{"name":"wp","href":"https:\/\/api.w.org\/{rel}","templated":true}]}}