{"id":6076,"date":"2017-12-25T16:14:29","date_gmt":"2017-12-25T15:14:29","guid":{"rendered":"http:\/\/agora.xtec.cat\/ceipsantjordi-massanet\/?p=6076"},"modified":"2017-12-30T10:55:41","modified_gmt":"2017-12-30T09:55:41","slug":"felicitacio-2017","status":"publish","type":"post","link":"https:\/\/agora.xtec.cat\/ceipsantjordi-massanet\/general\/felicitacio-2017\/","title":{"rendered":"Felicitaci\u00f3 2017!"},"content":{"rendered":"<p>&nbsp;<\/p>\n<table>\n<tbody>\n<tr>\n<td><iframe loading=\"lazy\" src=\"https:\/\/www.youtube.com\/embed\/51dFZdgAV8U?rel=0\" width=\"560\" height=\"315\" frameborder=\"0\" allowfullscreen=\"allowfullscreen\"><\/iframe><\/td>\n<td><img loading=\"lazy\" decoding=\"async\" class=\"alignright\" src=\"https:\/\/i.pinimg.com\/736x\/b1\/e2\/a1\/b1e2a106d0a39bcb90744a4f62b1e8cb--cartoon-dragons-dragon-cartoon.jpg\" width=\"234\" height=\"234\" \/><\/td>\n<\/tr>\n<\/tbody>\n<\/table>\n<p><a href=\"https:\/\/wordart.com\/r9ejri268m9y\/word-art\"><img loading=\"lazy\" decoding=\"async\" class=\"size-full wp-image-6079 alignleft\" src=\"http:\/\/agora.xtec.cat\/ceipsantjordi-massanet\/wp-content\/uploads\/usu391\/2017\/12\/qr2017-18.jpg\" alt=\"\" width=\"220\" height=\"215\" \/><\/a>Us volem desitjar unes bones festes de Nadal. Que tingueu fortuna i salud i que els Reis, el Ti\u00f3, el Pare Noel &#8211; i companyia &#8211; es portin molt b\u00e9. Gaudiu de les festes nadalenques en companyia dels que m\u00e9s estimeu, feu-los una abra\u00e7ada a tots i totes!<\/p>\n<p>Quan tornem comen\u00e7ar\u00e0 el segon trimestre i heu de tornar preparats per afrontar el que quedi d&#8217;hivern i la primavera amb moltes ganes de treballar i de fer-ho b\u00e9!<\/p>\n<p><strong>Us recordem que el primer dia caldr\u00e0 retornar l&#8217;informe de notes signat.<\/strong><\/p>\n<p>&nbsp;<\/p>\n","protected":false},"excerpt":{"rendered":"<p>&nbsp;<\/p>\n<p><a href=\"https:\/\/wordart.com\/r9ejri268m9y\/word-art\"><\/a>Us volem desitjar unes bones festes de Nadal. Que tingueu fortuna i salud i que els Reis, el Ti\u00f3, el Pare Noel &#8211; i companyia &#8211; es portin molt b\u00e9. Gaudiu de les festes nadalenques en companyia dels que m\u00e9s estimeu, feu-los una abra\u00e7ada&hellip;  <a href=\"https:\/\/agora.xtec.cat\/ceipsantjordi-massanet\/general\/felicitacio-2017\/\" title=\"Read Felicitaci\u00f3 2017!\">Llegeix m\u00e9s\u00bb<\/a><\/p>\n","protected":false},"author":4,"featured_media":6077,"comment_status":"open","ping_status":"closed","sticky":false,"template":"","format":"standard","meta":{"_bbp_topic_count":0,"_bbp_reply_count":0,"_bbp_total_topic_count":0,"_bbp_total_reply_count":0,"_bbp_voice_count":0,"_bbp_anonymous_reply_count":0,"_bbp_topic_count_hidden":0,"_bbp_reply_count_hidden":0,"_bbp_forum_subforum_count":0,"footnotes":""},"categories":[1,4],"tags":[],"class_list":["post-6076","post","type-post","status-publish","format-standard","has-post-thumbnail","hentry","category-general","category-portada"],"post_mailing_queue_ids":[],"_links":{"self":[{"href":"https:\/\/agora.xtec.cat\/ceipsantjordi-massanet\/wp-json\/wp\/v2\/posts\/6076","targetHints":{"allow":["GET"]}}],"collection":[{"href":"https:\/\/agora.xtec.cat\/ceipsantjordi-massanet\/wp-json\/wp\/v2\/posts"}],"about":[{"href":"https:\/\/agora.xtec.cat\/ceipsantjordi-massanet\/wp-json\/wp\/v2\/types\/post"}],"author":[{"embeddable":true,"href":"https:\/\/agora.xtec.cat\/ceipsantjordi-massanet\/wp-json\/wp\/v2\/users\/4"}],"replies":[{"embeddable":true,"href":"https:\/\/agora.xtec.cat\/ceipsantjordi-massanet\/wp-json\/wp\/v2\/comments?post=6076"}],"version-history":[{"count":3,"href":"https:\/\/agora.xtec.cat\/ceipsantjordi-massanet\/wp-json\/wp\/v2\/posts\/6076\/revisions"}],"predecessor-version":[{"id":6116,"href":"https:\/\/agora.xtec.cat\/ceipsantjordi-massanet\/wp-json\/wp\/v2\/posts\/6076\/revisions\/6116"}],"wp:featuredmedia":[{"embeddable":true,"href":"https:\/\/agora.xtec.cat\/ceipsantjordi-massanet\/wp-json\/wp\/v2\/media\/6077"}],"wp:attachment":[{"href":"https:\/\/agora.xtec.cat\/ceipsantjordi-massanet\/wp-json\/wp\/v2\/media?parent=6076"}],"wp:term":[{"taxonomy":"category","embeddable":true,"href":"https:\/\/agora.xtec.cat\/ceipsantjordi-massanet\/wp-json\/wp\/v2\/categories?post=6076"},{"taxonomy":"post_tag","embeddable":true,"href":"https:\/\/agora.xtec.cat\/ceipsantjordi-massanet\/wp-json\/wp\/v2\/tags?post=6076"}],"curies":[{"name":"wp","href":"https:\/\/api.w.org\/{rel}","templated":true}]}}