{"id":6066,"date":"2017-12-13T15:14:45","date_gmt":"2017-12-13T14:14:45","guid":{"rendered":"http:\/\/agora.xtec.cat\/ceipsantjordi-massanet\/?p=6066"},"modified":"2017-12-15T12:25:26","modified_gmt":"2017-12-15T11:25:26","slug":"la-carta-als-reis","status":"publish","type":"post","link":"https:\/\/agora.xtec.cat\/ceipsantjordi-massanet\/portada\/la-carta-als-reis\/","title":{"rendered":"&#8220;La carta als reis!&#8221;"},"content":{"rendered":"<table>\n<tbody>\n<tr>\n<td><img loading=\"lazy\" decoding=\"async\" class=\"aligncenter size-full wp-image-6067\" src=\"http:\/\/agora.xtec.cat\/ceipsantjordi-massanet\/wp-content\/uploads\/usu391\/2017\/12\/roja.jpg\" alt=\"\" width=\"208\" height=\"221\" \/><\/td>\n<td><strong>DIA 19 DE DESEMBRE, A LES 9:30 DEL MAT\u00cd.<\/strong><\/p>\n<p><strong>LA PORTA DE &#8220;LA SOCIETAT&#8221; S&#8217;OBRIR\u00c0 A LES 9:15.<\/strong><\/td>\n<\/tr>\n<tr>\n<td><img loading=\"lazy\" decoding=\"async\" class=\"aligncenter size-full wp-image-6068\" src=\"http:\/\/agora.xtec.cat\/ceipsantjordi-massanet\/wp-content\/uploads\/usu391\/2017\/12\/BLAVA.jpg\" alt=\"\" width=\"217\" height=\"216\" srcset=\"https:\/\/agora.xtec.cat\/ceipsantjordi-massanet\/wp-content\/uploads\/usu391\/2017\/12\/BLAVA.jpg 217w, https:\/\/agora.xtec.cat\/ceipsantjordi-massanet\/wp-content\/uploads\/usu391\/2017\/12\/BLAVA-150x150.jpg 150w\" sizes=\"auto, (max-width: 217px) 100vw, 217px\" \/><\/td>\n<td><strong>DIA 22 DE DESEMBRE, A LES 9:30 DEL MAT\u00cd.<\/strong><\/p>\n<p><strong>LA PORTA DE &#8220;LA SOCIETAT&#8221; S&#8217;OBRIR\u00c0 A LES 9:15.<\/strong><\/td>\n<\/tr>\n<\/tbody>\n<\/table>\n<p>Aquest any l&#8217;espectacle de Nadal porta per t\u00edtol &#8220;La carta als reis&#8221;. La Mire i la Vane s\u00f3n les protagonistes d&#8217;una hist\u00f2ria que ben b\u00e9 podria ser certa&#8230; on les coses importants acaben passant per davant de les que no ho s\u00f3n i on potser tingueu m\u00e9s d&#8217;una sorpresa&#8230;<\/p>\n<p><strong>RECORDEU: ELS DOS DIES els nens i nenes de primer a sis\u00e8 han de venir vestits de color negre. Els de P3, P4 i P5 amb samarreta o jersei blanc, texans i gorro i bufanda.<br \/>\n<\/strong><\/p>\n","protected":false},"excerpt":{"rendered":"<p>DIA 19 DE DESEMBRE, A LES 9:30 DEL MAT\u00cd.<br \/>\nLA PORTA DE &#8220;LA SOCIETAT&#8221; S&#8217;OBRIR\u00c0 A LES 9:15.<\/p>\n<p>DIA 22 DE DESEMBRE, A LES 9:30 DEL MAT\u00cd.<br \/>\nLA PORTA DE &#8220;LA SOCIETAT&#8221; S&#8217;OBRIR\u00c0 A LES 9:15.<\/p>\n<p>Aquest any l&#8217;espectacle de Nadal porta per t\u00edtol &#8220;La carta als reis&#8221;. La&hellip;  <a href=\"https:\/\/agora.xtec.cat\/ceipsantjordi-massanet\/portada\/la-carta-als-reis\/\" title=\"Read &#8220;La carta als reis!&#8221;\">Llegeix m\u00e9s\u00bb<\/a><\/p>\n","protected":false},"author":4,"featured_media":0,"comment_status":"open","ping_status":"closed","sticky":false,"template":"","format":"standard","meta":{"_bbp_topic_count":0,"_bbp_reply_count":0,"_bbp_total_topic_count":0,"_bbp_total_reply_count":0,"_bbp_voice_count":0,"_bbp_anonymous_reply_count":0,"_bbp_topic_count_hidden":0,"_bbp_reply_count_hidden":0,"_bbp_forum_subforum_count":0,"footnotes":""},"categories":[4],"tags":[],"class_list":["post-6066","post","type-post","status-publish","format-standard","hentry","category-portada"],"post_mailing_queue_ids":[],"_links":{"self":[{"href":"https:\/\/agora.xtec.cat\/ceipsantjordi-massanet\/wp-json\/wp\/v2\/posts\/6066","targetHints":{"allow":["GET"]}}],"collection":[{"href":"https:\/\/agora.xtec.cat\/ceipsantjordi-massanet\/wp-json\/wp\/v2\/posts"}],"about":[{"href":"https:\/\/agora.xtec.cat\/ceipsantjordi-massanet\/wp-json\/wp\/v2\/types\/post"}],"author":[{"embeddable":true,"href":"https:\/\/agora.xtec.cat\/ceipsantjordi-massanet\/wp-json\/wp\/v2\/users\/4"}],"replies":[{"embeddable":true,"href":"https:\/\/agora.xtec.cat\/ceipsantjordi-massanet\/wp-json\/wp\/v2\/comments?post=6066"}],"version-history":[{"count":3,"href":"https:\/\/agora.xtec.cat\/ceipsantjordi-massanet\/wp-json\/wp\/v2\/posts\/6066\/revisions"}],"predecessor-version":[{"id":6075,"href":"https:\/\/agora.xtec.cat\/ceipsantjordi-massanet\/wp-json\/wp\/v2\/posts\/6066\/revisions\/6075"}],"wp:attachment":[{"href":"https:\/\/agora.xtec.cat\/ceipsantjordi-massanet\/wp-json\/wp\/v2\/media?parent=6066"}],"wp:term":[{"taxonomy":"category","embeddable":true,"href":"https:\/\/agora.xtec.cat\/ceipsantjordi-massanet\/wp-json\/wp\/v2\/categories?post=6066"},{"taxonomy":"post_tag","embeddable":true,"href":"https:\/\/agora.xtec.cat\/ceipsantjordi-massanet\/wp-json\/wp\/v2\/tags?post=6066"}],"curies":[{"name":"wp","href":"https:\/\/api.w.org\/{rel}","templated":true}]}}