{"id":5968,"date":"2017-11-24T12:21:59","date_gmt":"2017-11-24T11:21:59","guid":{"rendered":"http:\/\/agora.xtec.cat\/ceipsantjordi-massanet\/?p=5968"},"modified":"2019-01-05T17:15:27","modified_gmt":"2019-01-05T16:15:27","slug":"jornades-sobre-la-violencia-de-genere","status":"publish","type":"post","link":"https:\/\/agora.xtec.cat\/ceipsantjordi-massanet\/portada\/jornades-sobre-la-violencia-de-genere\/","title":{"rendered":"JORNADES SOBRE LA VIOL\u00c8NCIA DE G\u00c8NERE"},"content":{"rendered":"<p>Participem a les jornades sobre la viol\u00e8ncia de g\u00e8nere.<br \/>\n<img loading=\"lazy\" decoding=\"async\" src=\"http:\/\/agora.xtec.cat\/ceipsantjordi-massanet\/wp-content\/uploads\/usu391\/2017\/11\/volgen2017.jpg\" alt=\"\" width=\"504\" height=\"651\" class=\"aligncenter size-full wp-image-5969\" srcset=\"https:\/\/agora.xtec.cat\/ceipsantjordi-massanet\/wp-content\/uploads\/usu391\/2017\/11\/volgen2017.jpg 504w, https:\/\/agora.xtec.cat\/ceipsantjordi-massanet\/wp-content\/uploads\/usu391\/2017\/11\/volgen2017-232x300.jpg 232w\" sizes=\"auto, (max-width: 504px) 100vw, 504px\" \/><\/p>\n","protected":false},"excerpt":{"rendered":"<p>Participem a les jornades sobre la viol\u00e8ncia de g\u00e8nere.<\/p>\n","protected":false},"author":4,"featured_media":0,"comment_status":"open","ping_status":"closed","sticky":false,"template":"","format":"standard","meta":{"_bbp_topic_count":0,"_bbp_reply_count":0,"_bbp_total_topic_count":0,"_bbp_total_reply_count":0,"_bbp_voice_count":0,"_bbp_anonymous_reply_count":0,"_bbp_topic_count_hidden":0,"_bbp_reply_count_hidden":0,"_bbp_forum_subforum_count":0,"footnotes":""},"categories":[4,28],"tags":[],"class_list":["post-5968","post","type-post","status-publish","format-standard","hentry","category-portada","category-unesco"],"post_mailing_queue_ids":[],"_links":{"self":[{"href":"https:\/\/agora.xtec.cat\/ceipsantjordi-massanet\/wp-json\/wp\/v2\/posts\/5968","targetHints":{"allow":["GET"]}}],"collection":[{"href":"https:\/\/agora.xtec.cat\/ceipsantjordi-massanet\/wp-json\/wp\/v2\/posts"}],"about":[{"href":"https:\/\/agora.xtec.cat\/ceipsantjordi-massanet\/wp-json\/wp\/v2\/types\/post"}],"author":[{"embeddable":true,"href":"https:\/\/agora.xtec.cat\/ceipsantjordi-massanet\/wp-json\/wp\/v2\/users\/4"}],"replies":[{"embeddable":true,"href":"https:\/\/agora.xtec.cat\/ceipsantjordi-massanet\/wp-json\/wp\/v2\/comments?post=5968"}],"version-history":[{"count":1,"href":"https:\/\/agora.xtec.cat\/ceipsantjordi-massanet\/wp-json\/wp\/v2\/posts\/5968\/revisions"}],"predecessor-version":[{"id":5970,"href":"https:\/\/agora.xtec.cat\/ceipsantjordi-massanet\/wp-json\/wp\/v2\/posts\/5968\/revisions\/5970"}],"wp:attachment":[{"href":"https:\/\/agora.xtec.cat\/ceipsantjordi-massanet\/wp-json\/wp\/v2\/media?parent=5968"}],"wp:term":[{"taxonomy":"category","embeddable":true,"href":"https:\/\/agora.xtec.cat\/ceipsantjordi-massanet\/wp-json\/wp\/v2\/categories?post=5968"},{"taxonomy":"post_tag","embeddable":true,"href":"https:\/\/agora.xtec.cat\/ceipsantjordi-massanet\/wp-json\/wp\/v2\/tags?post=5968"}],"curies":[{"name":"wp","href":"https:\/\/api.w.org\/{rel}","templated":true}]}}