{"id":5914,"date":"2017-11-20T10:48:03","date_gmt":"2017-11-20T09:48:03","guid":{"rendered":"http:\/\/agora.xtec.cat\/ceipsantjordi-massanet\/?p=5914"},"modified":"2017-11-20T11:53:14","modified_gmt":"2017-11-20T10:53:14","slug":"dia-internacional-dels-drets-dels-infants","status":"publish","type":"post","link":"https:\/\/agora.xtec.cat\/ceipsantjordi-massanet\/portada\/dia-internacional-dels-drets-dels-infants\/","title":{"rendered":"DIA INTERNACIONAL DELS DRETS DELS INFANTS"},"content":{"rendered":"<p><iframe loading=\"lazy\" width=\"560\" height=\"315\" src=\"https:\/\/www.youtube.com\/embed\/q8rRqVABa2o?rel=0&amp;controls=0&amp;showinfo=0\" frameborder=\"0\" allowfullscreen><\/iframe><br \/>\n<iframe loading=\"lazy\" src=\"https:\/\/www.youtube.com\/embed\/hf9_AybSuTY?rel=0\" width=\"560\" height=\"315\" frameborder=\"0\" allowfullscreen=\"allowfullscreen\"><\/iframe><\/p>\n<p>Aquest \u00e9s l&#8217;Himne de la Inf\u00e0ncia de Save the Children, ONG que treballa per als drets dels infants d&#8217;arreu del m\u00f3n.<\/p>\n","protected":false},"excerpt":{"rendered":"<p>Aquest \u00e9s l&#8217;Himne de la Inf\u00e0ncia de Save the Children, ONG que treballa per als drets dels infants d&#8217;arreu del m\u00f3n.<\/p>\n","protected":false},"author":4,"featured_media":0,"comment_status":"open","ping_status":"closed","sticky":false,"template":"","format":"standard","meta":{"_bbp_topic_count":0,"_bbp_reply_count":0,"_bbp_total_topic_count":0,"_bbp_total_reply_count":0,"_bbp_voice_count":0,"_bbp_anonymous_reply_count":0,"_bbp_topic_count_hidden":0,"_bbp_reply_count_hidden":0,"_bbp_forum_subforum_count":0,"footnotes":""},"categories":[4,28],"tags":[],"class_list":["post-5914","post","type-post","status-publish","format-standard","hentry","category-portada","category-unesco"],"post_mailing_queue_ids":[],"_links":{"self":[{"href":"https:\/\/agora.xtec.cat\/ceipsantjordi-massanet\/wp-json\/wp\/v2\/posts\/5914","targetHints":{"allow":["GET"]}}],"collection":[{"href":"https:\/\/agora.xtec.cat\/ceipsantjordi-massanet\/wp-json\/wp\/v2\/posts"}],"about":[{"href":"https:\/\/agora.xtec.cat\/ceipsantjordi-massanet\/wp-json\/wp\/v2\/types\/post"}],"author":[{"embeddable":true,"href":"https:\/\/agora.xtec.cat\/ceipsantjordi-massanet\/wp-json\/wp\/v2\/users\/4"}],"replies":[{"embeddable":true,"href":"https:\/\/agora.xtec.cat\/ceipsantjordi-massanet\/wp-json\/wp\/v2\/comments?post=5914"}],"version-history":[{"count":2,"href":"https:\/\/agora.xtec.cat\/ceipsantjordi-massanet\/wp-json\/wp\/v2\/posts\/5914\/revisions"}],"predecessor-version":[{"id":5916,"href":"https:\/\/agora.xtec.cat\/ceipsantjordi-massanet\/wp-json\/wp\/v2\/posts\/5914\/revisions\/5916"}],"wp:attachment":[{"href":"https:\/\/agora.xtec.cat\/ceipsantjordi-massanet\/wp-json\/wp\/v2\/media?parent=5914"}],"wp:term":[{"taxonomy":"category","embeddable":true,"href":"https:\/\/agora.xtec.cat\/ceipsantjordi-massanet\/wp-json\/wp\/v2\/categories?post=5914"},{"taxonomy":"post_tag","embeddable":true,"href":"https:\/\/agora.xtec.cat\/ceipsantjordi-massanet\/wp-json\/wp\/v2\/tags?post=5914"}],"curies":[{"name":"wp","href":"https:\/\/api.w.org\/{rel}","templated":true}]}}