{"id":591,"date":"2015-05-05T08:58:47","date_gmt":"2015-05-05T07:58:47","guid":{"rendered":"http:\/\/agora.xtec.cat\/ceipsantjordi-massanet\/?p=591"},"modified":"2015-06-12T12:41:40","modified_gmt":"2015-06-12T11:41:40","slug":"fem-el-carrer-mes-nostre","status":"publish","type":"post","link":"https:\/\/agora.xtec.cat\/ceipsantjordi-massanet\/portada\/fem-el-carrer-mes-nostre\/","title":{"rendered":"Fem el carrer m\u00e9s nostre!"},"content":{"rendered":"<p><img loading=\"lazy\" decoding=\"async\" class=\"alignleft\" src=\"http:\/\/www.gifs-animados.es\/gifs-imagenes\/b\/bicicleta\/gifs-animados-bicicleta-028991.gif\" alt=\"\" width=\"142\" height=\"142\" \/> Aquesta \u00e9s el projecte &#8220;Fem el carrer m\u00e9s nostre&#8221;. Canviant la nostra manera de despla\u00e7ar-nos podem augmentar els nostres nivells d&#8217;activitat f\u00edsica i millorar la nostra salut, contribuir a millorar la qualitat de l&#8217;aire que respirem i ajudar a prevenir els accidents de tr\u00e0nsit. Anant a peu o en bicicleta contribu\u00efm a la mobilitat sostenible! Aquest \u00e9s el mapa de les caminades verdes i saludables que anirem fent aquest curs (<strong><em>bot\u00f3 dret del rato\u00ed\u00a0<\/em><\/strong> i<em><strong> visualitza la imatge<\/strong><\/em> per engrandir-lo).<\/p>\n<p><img loading=\"lazy\" decoding=\"async\" class=\"alignleft\" src=\"http:\/\/2.bp.blogspot.com\/-tnilI-7LfxA\/VModNrTEmeI\/AAAAAAAABps\/xR61rqQyy9g\/s1600\/MAPA%2BSORTIDA%2BBICI%2B0502.png\" alt=\"\" width=\"203\" height=\"178\" \/><\/p>\n<p>A part de totes les sortides a peu que anem fent pel poble i les rodalies, una de les activitats m\u00e9s sonades del projecte ha estat la bicicletada que vam fer tots els nens del poble als Estanys de Sils. Els nens i nenes de cinqu\u00e8 i sis\u00e8 vam demostrar que hi ha moltes oportunitats per despla\u00e7ar-se en bicicleta i tamb\u00e9 que pot ser molt profit\u00f3s construir un bici-carril que enllaci tots els pobles per fer una ruta fant\u00e0stica!<\/p>\n<p>&nbsp;<\/p>\n<p><iframe loading=\"lazy\" src=\"http:\/\/www.kizoa.com\/embed-21124906-9541925o1l1\" width=\"560\" height=\"420\" frameborder=\"0\" allowfullscreen=\"allowfullscreen\"><\/iframe><\/p>\n","protected":false},"excerpt":{"rendered":"<p>Un projecte molt saludable i que va sobre rodes!&hellip;  <a href=\"https:\/\/agora.xtec.cat\/ceipsantjordi-massanet\/portada\/fem-el-carrer-mes-nostre\/\" title=\"Read Fem el carrer m\u00e9s nostre!\">Llegeix m\u00e9s\u00bb<\/a><\/p>\n","protected":false},"author":4,"featured_media":592,"comment_status":"open","ping_status":"open","sticky":false,"template":"","format":"standard","meta":{"_bbp_topic_count":0,"_bbp_reply_count":0,"_bbp_total_topic_count":0,"_bbp_total_reply_count":0,"_bbp_voice_count":0,"_bbp_anonymous_reply_count":0,"_bbp_topic_count_hidden":0,"_bbp_reply_count_hidden":0,"_bbp_forum_subforum_count":0,"footnotes":""},"categories":[26,4],"tags":[],"class_list":["post-591","post","type-post","status-publish","format-standard","has-post-thumbnail","hentry","category-educacio-fisica","category-portada"],"post_mailing_queue_ids":[],"_links":{"self":[{"href":"https:\/\/agora.xtec.cat\/ceipsantjordi-massanet\/wp-json\/wp\/v2\/posts\/591","targetHints":{"allow":["GET"]}}],"collection":[{"href":"https:\/\/agora.xtec.cat\/ceipsantjordi-massanet\/wp-json\/wp\/v2\/posts"}],"about":[{"href":"https:\/\/agora.xtec.cat\/ceipsantjordi-massanet\/wp-json\/wp\/v2\/types\/post"}],"author":[{"embeddable":true,"href":"https:\/\/agora.xtec.cat\/ceipsantjordi-massanet\/wp-json\/wp\/v2\/users\/4"}],"replies":[{"embeddable":true,"href":"https:\/\/agora.xtec.cat\/ceipsantjordi-massanet\/wp-json\/wp\/v2\/comments?post=591"}],"version-history":[{"count":3,"href":"https:\/\/agora.xtec.cat\/ceipsantjordi-massanet\/wp-json\/wp\/v2\/posts\/591\/revisions"}],"predecessor-version":[{"id":602,"href":"https:\/\/agora.xtec.cat\/ceipsantjordi-massanet\/wp-json\/wp\/v2\/posts\/591\/revisions\/602"}],"wp:featuredmedia":[{"embeddable":true,"href":"https:\/\/agora.xtec.cat\/ceipsantjordi-massanet\/wp-json\/wp\/v2\/media\/592"}],"wp:attachment":[{"href":"https:\/\/agora.xtec.cat\/ceipsantjordi-massanet\/wp-json\/wp\/v2\/media?parent=591"}],"wp:term":[{"taxonomy":"category","embeddable":true,"href":"https:\/\/agora.xtec.cat\/ceipsantjordi-massanet\/wp-json\/wp\/v2\/categories?post=591"},{"taxonomy":"post_tag","embeddable":true,"href":"https:\/\/agora.xtec.cat\/ceipsantjordi-massanet\/wp-json\/wp\/v2\/tags?post=591"}],"curies":[{"name":"wp","href":"https:\/\/api.w.org\/{rel}","templated":true}]}}