{"id":5855,"date":"2017-11-15T22:08:57","date_gmt":"2017-11-15T21:08:57","guid":{"rendered":"http:\/\/agora.xtec.cat\/ceipsantjordi-massanet\/?p=5855"},"modified":"2018-12-11T11:45:39","modified_gmt":"2018-12-11T10:45:39","slug":"intertallers-a-infantil-2017","status":"publish","type":"post","link":"https:\/\/agora.xtec.cat\/ceipsantjordi-massanet\/infantil\/intertallers-a-infantil-2017\/","title":{"rendered":"INTERTALLERS A INFANTIL 2017-2018"},"content":{"rendered":"<p><a href=\"https:\/\/agora.xtec.cat\/ceipsantjordi-massanet\/\"><img loading=\"lazy\" decoding=\"async\" class=\"boto alignnone wp-image-8284 \" src=\"https:\/\/agora.xtec.cat\/ceipsantjordi-massanet\/wp-content\/uploads\/usu391\/2018\/12\/INICI.png\" alt=\"\" width=\"71\" height=\"35\" \/><\/a><a href=\"https:\/\/agora.xtec.cat\/ceipsantjordi-massanet\/projecte-educatiu\/projecte-musical\/\"><img loading=\"lazy\" decoding=\"async\" class=\"boto alignnone wp-image-8110\" src=\"https:\/\/agora.xtec.cat\/ceipsantjordi-massanet\/wp-content\/uploads\/usu391\/2018\/12\/button8.png\" alt=\"\" width=\"87\" height=\"35\" \/><\/a><a href=\"https:\/\/sites.google.com\/santjordim.cat\/robotica\/\"><img loading=\"lazy\" decoding=\"async\" class=\"boto alignnone wp-image-8142\" src=\"https:\/\/agora.xtec.cat\/ceipsantjordi-massanet\/wp-content\/uploads\/usu391\/2018\/12\/button13.png\" alt=\"\" width=\"100\" height=\"35\" \/><\/a><a href=\"https:\/\/sites.google.com\/santjordim.cat\/biblioteca\/inici\"><img loading=\"lazy\" decoding=\"async\" class=\"boto alignnone wp-image-8108\" src=\"https:\/\/agora.xtec.cat\/ceipsantjordi-massanet\/wp-content\/uploads\/usu391\/2018\/12\/button6.png\" alt=\"\" width=\"108\" height=\"35\" \/><\/a><a href=\"https:\/\/sites.google.com\/santjordim.cat\/projectedelhort\/\"><img loading=\"lazy\" decoding=\"async\" class=\"boto alignnone wp-image-8109\" src=\"https:\/\/agora.xtec.cat\/ceipsantjordi-massanet\/wp-content\/uploads\/usu391\/2018\/12\/button7.png\" alt=\"\" width=\"72\" height=\"35\" \/><\/a><a href=\"https:\/\/agora.xtec.cat\/ceipsantjordi-massanet\/infantil\/intertallers-a-infantil-2017\/\"><img loading=\"lazy\" decoding=\"async\" class=\"boto alignnone wp-image-8163\" src=\"https:\/\/agora.xtec.cat\/ceipsantjordi-massanet\/wp-content\/uploads\/usu391\/2018\/12\/ambien.png\" alt=\"\" width=\"107\" height=\"35\" \/><\/a><a href=\"https:\/\/agora.xtec.cat\/ceipsantjordi-massanet\/projecte-educatiu\/projecte-interdisciplinari-2018\/\"><img loading=\"lazy\" decoding=\"async\" class=\"boto alignnone wp-image-8174\" src=\"https:\/\/agora.xtec.cat\/ceipsantjordi-massanet\/wp-content\/uploads\/usu391\/2018\/12\/button.png\" alt=\"\" width=\"128\" height=\"35\" srcset=\"https:\/\/agora.xtec.cat\/ceipsantjordi-massanet\/wp-content\/uploads\/usu391\/2018\/12\/button.png 160w, https:\/\/agora.xtec.cat\/ceipsantjordi-massanet\/wp-content\/uploads\/usu391\/2018\/12\/button-150x42.png 150w\" sizes=\"auto, (max-width: 128px) 100vw, 128px\" \/><\/a><a href=\"https:\/\/agora.xtec.cat\/ceipsantjordi-massanet\/categoria\/educacio-fisica\/\"><img loading=\"lazy\" decoding=\"async\" class=\"boto alignnone wp-image-8178\" src=\"https:\/\/agora.xtec.cat\/ceipsantjordi-massanet\/wp-content\/uploads\/usu391\/2018\/12\/button1.png\" alt=\"\" width=\"125\" height=\"35\" srcset=\"https:\/\/agora.xtec.cat\/ceipsantjordi-massanet\/wp-content\/uploads\/usu391\/2018\/12\/button1.png 156w, https:\/\/agora.xtec.cat\/ceipsantjordi-massanet\/wp-content\/uploads\/usu391\/2018\/12\/button1-150x42.png 150w\" sizes=\"auto, (max-width: 125px) 100vw, 125px\" \/><\/a><\/p>\n<table>\n<tbody>\n<tr>\n<td><iframe loading=\"lazy\" src=\"https:\/\/www.youtube.com\/embed\/hbZQmBXZV9A?rel=0\" width=\"560\" height=\"315\" frameborder=\"0\" allowfullscreen=\"allowfullscreen\"><span style=\"display: inline-block; width: 0px; overflow: hidden; line-height: 0;\" data-mce-type=\"bookmark\" class=\"mce_SELRES_start\">\ufeff<\/span><\/iframe><\/td>\n<td>Totes les tardes ens agrupem per grups dels diferents cursos per fer una s\u00e8rie de tallers intergrup. Els tallers que fem son:<\/p>\n<ul>\n<li>Construccions<\/li>\n<li>Experimentaci\u00f3<\/li>\n<li>Pl\u00e0stica<\/li>\n<li>Joc simb\u00f2lic<\/li>\n<li>Musica<\/li>\n<li>Biblioteca<\/li>\n<li>Jocs de taula<\/li>\n<\/ul>\n<\/td>\n<\/tr>\n<\/tbody>\n<\/table>\n<p>S\u00f3n tallers divertits on compartim amb els companys i companyes m\u00e9s grans i m\u00e9s petits activitats en set ambients diferents. Al v\u00eddeo hi trobareu un exemple de les nostres activitats!<\/p>\n","protected":false},"excerpt":{"rendered":"<p><a href=\"https:\/\/agora.xtec.cat\/ceipsantjordi-massanet\/\"><\/a><a href=\"https:\/\/agora.xtec.cat\/ceipsantjordi-massanet\/projecte-educatiu\/projecte-musical\/\"><\/a><a href=\"https:\/\/sites.google.com\/santjordim.cat\/robotica\/\"><\/a><a href=\"https:\/\/sites.google.com\/santjordim.cat\/biblioteca\/inici\"><\/a><a href=\"https:\/\/sites.google.com\/santjordim.cat\/projectedelhort\/\"><\/a><a href=\"https:\/\/agora.xtec.cat\/ceipsantjordi-massanet\/infantil\/intertallers-a-infantil-2017\/\"><\/a><a href=\"https:\/\/agora.xtec.cat\/ceipsantjordi-massanet\/projecte-educatiu\/projecte-interdisciplinari-2018\/\"><\/a><a href=\"https:\/\/agora.xtec.cat\/ceipsantjordi-massanet\/categoria\/educacio-fisica\/\"><\/a><\/p>\n<p>\ufeff<br \/>\nTotes les tardes ens agrupem per grups dels diferents cursos per fer una s\u00e8rie de tallers intergrup. Els tallers que fem son:<\/p>\n<ul>\n<li>Construccions<\/li>\n<li>Experimentaci\u00f3<\/li>\n<li>Pl\u00e0stica<\/li>\n<li>Joc simb\u00f2lic<\/li>\n<li>Musica<\/li>\n<li>Biblioteca<\/li>\n<li>Jocs de taula<\/li>\n<\/ul>\n<p>S\u00f3n tallers divertits on compartim amb els companys i companyes m\u00e9s grans i&hellip;  <a href=\"https:\/\/agora.xtec.cat\/ceipsantjordi-massanet\/infantil\/intertallers-a-infantil-2017\/\" title=\"Read INTERTALLERS A INFANTIL 2017-2018\">Llegeix m\u00e9s\u00bb<\/a><\/p>\n","protected":false},"author":4,"featured_media":5856,"comment_status":"open","ping_status":"closed","sticky":false,"template":"","format":"standard","meta":{"_bbp_topic_count":0,"_bbp_reply_count":0,"_bbp_total_topic_count":0,"_bbp_total_reply_count":0,"_bbp_voice_count":0,"_bbp_anonymous_reply_count":0,"_bbp_topic_count_hidden":0,"_bbp_reply_count_hidden":0,"_bbp_forum_subforum_count":0,"footnotes":""},"categories":[2,4],"tags":[],"class_list":["post-5855","post","type-post","status-publish","format-standard","has-post-thumbnail","hentry","category-infantil","category-portada"],"post_mailing_queue_ids":[],"_links":{"self":[{"href":"https:\/\/agora.xtec.cat\/ceipsantjordi-massanet\/wp-json\/wp\/v2\/posts\/5855","targetHints":{"allow":["GET"]}}],"collection":[{"href":"https:\/\/agora.xtec.cat\/ceipsantjordi-massanet\/wp-json\/wp\/v2\/posts"}],"about":[{"href":"https:\/\/agora.xtec.cat\/ceipsantjordi-massanet\/wp-json\/wp\/v2\/types\/post"}],"author":[{"embeddable":true,"href":"https:\/\/agora.xtec.cat\/ceipsantjordi-massanet\/wp-json\/wp\/v2\/users\/4"}],"replies":[{"embeddable":true,"href":"https:\/\/agora.xtec.cat\/ceipsantjordi-massanet\/wp-json\/wp\/v2\/comments?post=5855"}],"version-history":[{"count":3,"href":"https:\/\/agora.xtec.cat\/ceipsantjordi-massanet\/wp-json\/wp\/v2\/posts\/5855\/revisions"}],"predecessor-version":[{"id":8345,"href":"https:\/\/agora.xtec.cat\/ceipsantjordi-massanet\/wp-json\/wp\/v2\/posts\/5855\/revisions\/8345"}],"wp:featuredmedia":[{"embeddable":true,"href":"https:\/\/agora.xtec.cat\/ceipsantjordi-massanet\/wp-json\/wp\/v2\/media\/5856"}],"wp:attachment":[{"href":"https:\/\/agora.xtec.cat\/ceipsantjordi-massanet\/wp-json\/wp\/v2\/media?parent=5855"}],"wp:term":[{"taxonomy":"category","embeddable":true,"href":"https:\/\/agora.xtec.cat\/ceipsantjordi-massanet\/wp-json\/wp\/v2\/categories?post=5855"},{"taxonomy":"post_tag","embeddable":true,"href":"https:\/\/agora.xtec.cat\/ceipsantjordi-massanet\/wp-json\/wp\/v2\/tags?post=5855"}],"curies":[{"name":"wp","href":"https:\/\/api.w.org\/{rel}","templated":true}]}}